{"id":82260,"date":"2025-11-09T05:13:11","date_gmt":"2025-11-09T05:13:11","guid":{"rendered":"https:\/\/www.europesays.com\/no\/82260\/"},"modified":"2025-11-09T05:13:11","modified_gmt":"2025-11-09T05:13:11","slug":"sergej-tikhanovskij-om-fengselslivet-de-sa-jeg-aldri-ville-slippe-ut-du-kommer-til-a-do-her-i-fengsel","status":"publish","type":"post","link":"https:\/\/www.europesays.com\/no\/82260\/","title":{"rendered":"Sergej Tikhanovskij om fengselslivet: &#8211; De sa jeg aldri ville slippe ut: \u201c Du kommer til \u00e5 d\u00f8 her i fengsel\u201d."},"content":{"rendered":"\n<ul class=\"_list_o9xde_3 _list_64s2r_85 _unordered_o9xde_106 text-sans-m\">\n<li class=\"_item_o9xde_30\">Den belarusiske opposisjonslederen Sergej Tikhanovskij ble nylig frigitt etter fem \u00e5r i fengsel.<\/li>\n<li class=\"_item_o9xde_30\">Kona Svetlana Tikhanovskaja ble opposisjonsleder og presidentkandidat i hans frav\u00e6r.<\/li>\n<li class=\"_item_o9xde_30\">Sergej har har endret seg fysisk og psykisk i fengsel.<\/li>\n<li class=\"_item_o9xde_30\">Gjenforeningen med datteren deres etter l\u00f8slatelsen var sv\u00e6rt emosjonell.<\/li>\n<li class=\"_item_o9xde_30\">Svetlana fortsetter \u00e5 lede opposisjonsbevegelsen i Belarus.<\/li>\n<\/ul>\n<p>Vis mer <\/p>\n<p class=\"_paragraph_o9xde_4 _paragraph_xtcu6_10 layout-component text-serif-m layout-normal text-serif-m layout-padded\">Sergej Tikhanovskij er Youtuberen som i 2019 startet en opposisjonsbevegelse mot <a href=\"https:\/\/www.vg.no\/tag\/hviterussland?utm_source=vg-article&amp;utm_medium=auto-tagger&amp;utm_campaign=qPzkre\" class=\"_link_o9xde_39\" rel=\"nofollow noopener\" target=\"_blank\">Belarus<\/a>` lengesittende autorit\u00e6re leder Aleksandr Lukasjenko.<\/p>\n<p><img alt=\"N\u00e5 er det en annen politisk fange som er avbildet p\u00e5 dokumentmappen til Svetlana. I 65 m\u00e5neder var det Sergej (t.h)   Foto: Gisle Oddstad \/ VG\" class=\"_image_qp4xg_65 layout-component layout-normal\" data-fullscreen- data-track-element-type=\"Article image fullscreen\" data-track-name=\"ImageFullscreen\" decoding=\"async\" loading=\"lazy\" height=\"5464\" itemprop=\"image\"  src=\"https:\/\/www.europesays.com\/no\/wp-content\/uploads\/2025\/11\/d3cd9536-0bcc-4b0b-8526-626f264fb13e\"  style=\"object-position:0% 0%\" width=\"7875\"\/>N\u00e5 er det en annen politisk fange som er avbildet p\u00e5 dokumentmappen til Svetlana. I 65 m\u00e5neder var det Sergej (t.h)   Foto: Gisle Oddstad \/ VG<\/p>\n<p class=\"_paragraph_o9xde_4 _paragraph_xtcu6_10 layout-component text-serif-m layout-normal text-serif-m layout-padded\">Med karisma og mot fikk tobarnsfaren med seg sv\u00e6rt mange belarusere i \u00e5 t\u00f8rre \u00e5 st\u00e5 opp mot regimet, og kreve demokrati og flere rettigheter. <\/p>\n<p class=\"_paragraph_o9xde_4 _paragraph_xtcu6_10 layout-component text-serif-m layout-normal text-serif-m layout-padded\">Men arbeidet kostet han friheten og familien. For \u00e5ret etter ble han p\u00e5grepet under et valgkampm\u00f8te \u2013 kort tid etter at han hadde meldt seg som kandidat til presidentvalget mot  Lukasjenko.<\/p>\n<p><img alt=\"Sergej Tikhanovskij f\u00f8res inn f\u00f8r domsavsigelsen i rettssaken mot ham, der han er tiltalt for \u00e5 ha organisert oppt\u00f8yer i desember 2021.  Foto: SERGEI KHOLODILIN \/ AFP \/ NTB\" class=\"_image_qp4xg_65 layout-component layout-normal\" data-fullscreen- data-track-element-type=\"Article image fullscreen\" data-track-name=\"ImageFullscreen\" decoding=\"async\" loading=\"lazy\" height=\"2331\" itemprop=\"image\"  src=\"https:\/\/www.europesays.com\/no\/wp-content\/uploads\/2025\/11\/467c898a-8063-4336-b621-a4aba408ee56\"  style=\"object-position:0% 0%\" width=\"3476\"\/>Sergej Tikhanovskij f\u00f8res inn f\u00f8r domsavsigelsen i rettssaken mot ham, der han er tiltalt for \u00e5 ha organisert oppt\u00f8yer i desember 2021.  Foto: SERGEI KHOLODILIN \/ AFP \/ NTB<\/p>\n<p class=\"_paragraph_o9xde_4 _paragraph_xtcu6_10 layout-component text-serif-m layout-normal text-serif-m layout-padded\"><strong class=\"_strong_o9xde_25\">Siden har Sergejs ansikt v\u00e6rt selve symbolet p\u00e5 kampen for et demokratisk Belarus. <\/strong><\/p>\n<p class=\"_paragraph_o9xde_4 _paragraph_xtcu6_10 layout-component text-serif-m layout-normal text-serif-m layout-padded\">Det ansiktet er nesten ikke til \u00e5 kjenne igjen etter fem \u00e5r i fengsel. <\/p>\n<p><img alt=\"Sergejs portrett fra f\u00f8r han ble fengslet var alltid med Svetlana p\u00e5 tilstelninger.   Foto: Mindaugas Kulbis \/ AP \/ NTB\" class=\"_image_qp4xg_65 layout-component layout-normal\" data-fullscreen- data-track-element-type=\"Article image fullscreen\" data-track-name=\"ImageFullscreen\" decoding=\"async\" loading=\"lazy\" height=\"4826\" itemprop=\"image\"  src=\"https:\/\/www.europesays.com\/no\/wp-content\/uploads\/2025\/11\/94069c7a-0a15-46aa-bb69-7693c2f17582\"  style=\"object-position:0% 0%\" width=\"7239\"\/>Sergejs portrett fra f\u00f8r han ble fengslet var alltid med Svetlana p\u00e5 tilstelninger.   Foto: Mindaugas Kulbis \/ AP \/ NTB<\/p>\n<p class=\"_paragraph_o9xde_4 _paragraph_xtcu6_10 layout-component text-serif-m layout-normal text-serif-m layout-padded\">Den robuste karen p\u00e5 bildene politikerkona Svetlana har b\u00e5ret p\u00e5 hver gang hun har m\u00f8tt statsledere rundt om i verden, er ikke mer. <\/p>\n<p class=\"_paragraph_o9xde_4 _paragraph_xtcu6_10 layout-component text-serif-m layout-normal text-serif-m layout-padded\">Sergej har g\u00e5tt ned 56 kilo, forteller han. Spisse kinnbein og l\u00f8se bukser. En barbert fengselsfrisyre som s\u00e5 sm\u00e5tt er p\u00e5 vei ut. S\u00e5r m\u00e5 leges, b\u00e5de fysiske og psykiske.<\/p>\n<p><img alt=\"Aleksandr Lukasjenko ( t.v) er den lengesittende autorit\u00e6re leder som ekteparet Tikhanovskij utfordrer. Her med sin n\u00e6re allierte Putin.  Foto: Gavriil Grigorov \/ AP \/ NTB\" class=\"_image_qp4xg_65 layout-component layout-normal\" data-fullscreen- data-track-element-type=\"Article image fullscreen\" data-track-name=\"ImageFullscreen\" decoding=\"async\" loading=\"lazy\" height=\"2821\" itemprop=\"image\"  src=\"https:\/\/www.europesays.com\/no\/wp-content\/uploads\/2025\/11\/89537d81-ff6c-47e8-ab3c-31aba79c429c\"  style=\"object-position:0% 0%\" width=\"4230\"\/>Aleksandr Lukasjenko ( t.v) er den lengesittende autorit\u00e6re leder som ekteparet Tikhanovskij utfordrer. Her med sin n\u00e6re allierte Putin.  Foto: Gavriil Grigorov \/ AP \/ NTB<\/p>\n<p class=\"_paragraph_o9xde_4 _paragraph_xtcu6_10 layout-component text-serif-m layout-normal text-serif-m layout-padded\">Datteren som n\u00e5 er ni \u00e5r, vare bare fire da pappaen hennes ble fengslet. De fikk ikke snakke sammen eller brevveksle mens Sergej var i fangenskap. M\u00f8tet med henne var det sterkeste da han slapp fri, forteller han VG.<\/p>\n<p class=\"_paragraph_o9xde_4 _paragraph_xtcu6_10 layout-component text-serif-m layout-normal text-serif-m layout-padded\"><strong class=\"_strong_o9xde_25\">\u2013 Hun kjente meg ikke igjen. Kona mi sa til datteren v\u00e5r at \u00abdette er faren din\u00bb, og det ble en lang pause. <\/strong><\/p>\n<p class=\"_paragraph_o9xde_4 _paragraph_xtcu6_10 layout-component text-serif-m layout-normal text-serif-m layout-padded\">S\u00e5 kastet hun seg gr\u00e5tende rundt halsen hans, sier Sergej. De karakteristiske isbl\u00e5 \u00f8ynene har ikke endret seg. N\u00e5 glitrer de i t\u00e5rer. <\/p>\n<p><img alt=\"Foto: Gisle Oddstad \/ VG\" class=\"_image_qp4xg_65 layout-component layout-normal\" data-fullscreen- data-track-element-type=\"Article image fullscreen\" data-track-name=\"ImageFullscreen\" decoding=\"async\" loading=\"lazy\" height=\"5270\" itemprop=\"image\"  src=\"https:\/\/www.europesays.com\/no\/wp-content\/uploads\/2025\/11\/63d4bce9-c015-415a-af7f-e3045d6ae715\"  style=\"object-position:0% 0%\" width=\"7545\"\/>Foto: Gisle Oddstad \/ VG<\/p>\n<p class=\"_paragraph_o9xde_4 _paragraph_xtcu6_10 layout-component text-serif-m layout-normal text-serif-m layout-padded\">I Belarus, landet med 9,5 millioner innbyggere og det lite flatterende kallenavnet \u00abEuropas siste diktatur\u00bb, sitter mer enn 1200 mennesker i fengsel for \u00e5 ha kjempet mot presidenten som tviholdt p\u00e5 makten siden 1994. <\/p>\n<p class=\"_paragraph_o9xde_4 _paragraph_xtcu6_10 layout-component text-serif-m layout-normal text-serif-m layout-padded\">Det Sergej Tikhanovskij forteller om tiden bak murene, er brutalt: <\/p>\n<p class=\"_paragraph_o9xde_4 _paragraph_xtcu6_10 layout-component text-serif-m layout-normal text-serif-m layout-padded\">Etter \u00e5revis i ensom stillhet, har han endret seg, forteller han: Han gr\u00e5ter ofte, og han klarer nesten ikke slutte \u00e5 snakke n\u00e5r han begynner. <\/p>\n<p class=\"_paragraph_o9xde_4 _paragraph_xtcu6_10 layout-component text-serif-m layout-normal text-serif-m layout-padded\">\u2013 Folk sier ofte \u2018isolasjon\u2019, men forst\u00e5r ikke hva det betyr.<\/p>\n<p class=\"_paragraph_o9xde_4 _paragraph_xtcu6_10 layout-component text-serif-m layout-normal text-serif-m layout-padded\">Han forteller om mangelen p\u00e5 mat, kun noen skjeer gr\u00f8t til frokost, en liten isolasjonscelle uten seng, bare treplanker eller iskald betong \u00e5 ligge p\u00e5. Konstant mangel p\u00e5 s\u00f8vn.<\/p>\n<p class=\"_paragraph_o9xde_4 _paragraph_xtcu6_10 layout-component text-serif-m layout-normal text-serif-m layout-padded\">Alle brev som familien og st\u00f8ttespillere sendte han, ble beslaglagt. <\/p>\n<blockquote class=\"_blockquote_1la86_1 layout-component layout-normal layout-padded\">\n<p class=\"_quote_1la86_14 text-serif-l\">\u00ab\u2013 De sa til meg: \u00abAlle har glemt deg, ingen husker deg, ingen trenger deg.\u00bb De sa jeg aldri ville slippe ut: \u00ab Du kommer til \u00e5 d\u00f8 her i fengsel\u00bb.\u00bb<\/p>\n<\/blockquote>\n<p><img alt=\"Sergej p\u00e5 pressekonferansen kort tid etter l\u00f8slatelsen i slutten av juni  Foto: Mindaugas Kulbis \/ AP \/ NTB\" class=\"_image_qp4xg_65 layout-component layout-normal\" data-fullscreen- data-track-element-type=\"Article image fullscreen\" data-track-name=\"ImageFullscreen\" decoding=\"async\" loading=\"lazy\" height=\"5071\" itemprop=\"image\"  src=\"https:\/\/www.europesays.com\/no\/wp-content\/uploads\/2025\/11\/91deb0f2-3a8e-43a8-9688-93a9941e47df\"  style=\"object-position:0% 0%\" width=\"7603\"\/>Sergej p\u00e5 pressekonferansen kort tid etter l\u00f8slatelsen i slutten av juni  Foto: Mindaugas Kulbis \/ AP \/ NTB<\/p>\n<p class=\"_paragraph_o9xde_4 _paragraph_xtcu6_10 layout-component text-serif-m layout-normal text-serif-m layout-padded\">Utenfor murene var det ogs\u00e5 sv\u00e6rt krevende dager for de tre som satt igjen.<\/p>\n<p class=\"_paragraph_o9xde_4 _paragraph_xtcu6_10 layout-component text-serif-m layout-normal text-serif-m layout-padded\">For \u00e5 sk\u00e5ne barna sa Svetlana at faren var p\u00e5 forretningsreise. <\/p>\n<p class=\"_paragraph_o9xde_4 _paragraph_xtcu6_10 layout-component text-serif-m layout-normal text-serif-m layout-padded\">\u2013 Til slutt m\u00e5tte jeg forklare at pappa var i fengsel. S\u00e5 skrev barna brev i \u00e5revis uten \u00e5 f\u00e5 svar. En dag spurte s\u00f8nnen min: \u00abLyver du? Er pappa d\u00f8d?\u00bb<br \/>Det var t\u00f8ft. Og hele tiden fortsatte regimets angrep og undertrykkelse \u2013 uten ende, sier hun til VG.<\/p>\n<p class=\"_paragraph_o9xde_4 _paragraph_xtcu6_10 layout-component text-serif-m layout-normal text-serif-m layout-padded\">Situasjonen for menneskerettighetene i\u00a0Belarus\u00a0er sv\u00e6rt vanskelig og blir stadig verre, med nye former for undertrykking, sa FNs spesialrapport\u00f8r for\u00a0Belarus nylig.<\/p>\n<p class=\"_paragraph_o9xde_4 _paragraph_xtcu6_10 layout-component text-serif-m layout-normal text-serif-m layout-padded\">If\u00f8lge den belarusiske menneskerettsorganisasjonen Vjasna er det godt over 1000 politiske fanger i\u00a0Belarus&#8217; fengsler.<\/p>\n<p class=\"_paragraph_o9xde_4 _paragraph_xtcu6_10 layout-component text-serif-m layout-normal text-serif-m layout-padded\">\u2013 Dersom dette tallet bare er i n\u00e6rheten av presist, har\u00a0Belarus\u00a0antagelig flere politiske fanger per capita enn noe annet land i verden, <a href=\"https:\/\/nyheter.ntb.no\/ntbWeb\/r\/search\/newsfeed?searchString=Muiznieks&amp;service=news&amp;article=19347585\" class=\"_link_o9xde_39\" rel=\"nofollow noopener\" target=\"_blank\">sier spesialrapport\u00f8r<\/a> Nils Muiznieks. <\/p>\n<p><img alt=\"\u00abBelarus`virkelige presidentpar\u00bb kalles ofte ekteparet Tikhanovskij  Foto: Gisle Oddstad \/ VG\" class=\"_image_qp4xg_65 layout-component layout-normal\" data-fullscreen- data-track-element-type=\"Article image fullscreen\" data-track-name=\"ImageFullscreen\" decoding=\"async\" loading=\"lazy\" height=\"5464\" itemprop=\"image\"  src=\"https:\/\/www.europesays.com\/no\/wp-content\/uploads\/2025\/11\/9a1c8b77-ac40-41be-995f-da2cc014cf26\"  style=\"object-position:0% 0%\" width=\"7968\"\/>\u00abBelarus`virkelige presidentpar\u00bb kalles ofte ekteparet Tikhanovskij  Foto: Gisle Oddstad \/ VG<\/p>\n<p class=\"_paragraph_o9xde_4 _paragraph_xtcu6_10 layout-component text-serif-m layout-normal text-serif-m layout-padded\">VG sp\u00f8r Sergej Tikhanovskij hvilke hverdagslige ting han setter mest pris p\u00e5, n\u00e5 som han er fri. <\/p>\n<p class=\"_paragraph_o9xde_4 _paragraph_xtcu6_10 layout-component text-serif-m layout-normal text-serif-m layout-padded\">\u2013 Jeg tenkte aldri p\u00e5 det f\u00f8r, men straks jeg ble fri &#8230;<\/p>\n<p class=\"_paragraph_o9xde_4 _paragraph_xtcu6_10 layout-component text-serif-m layout-normal text-serif-m layout-padded\">Han stopper. Kniper leppene sammen og trekker inn pusten for \u00e5 kvele gr\u00e5t. Han henter seg inn, og fortsetter:<\/p>\n<p class=\"_paragraph_o9xde_4 _paragraph_xtcu6_10 layout-component text-serif-m layout-normal text-serif-m layout-padded\">\u2013 &#8230; etter \u00e5 ha sittet s\u00e5 lenge p\u00e5 en liten celle fikk jeg lyst til \u00e5 l\u00f8pe. N\u00e5r d\u00f8rene plutselig \u00e5pnes, da l\u00f8per du. N\u00e5 l\u00f8per jeg hver morgen, og jeg liker det veldig, smiler han.<\/p>\n<p class=\"_paragraph_o9xde_4 _paragraph_xtcu6_10 layout-component text-serif-m layout-normal text-serif-m layout-padded\">N\u00e5 filmer Sergej l\u00f8peturer i ulike byer i verden, n\u00e5r han og kona reiser rundt for \u00e5 treffe den belarusiske diasporaen.<\/p>\n<p class=\"_paragraph_o9xde_4 _paragraph_xtcu6_10 layout-component text-serif-m layout-normal text-serif-m layout-padded\">\u2013 Jeg er uendelig takknemlig for min kones innsats og hennes rolle i min l\u00f8slatelse. Hun gjorde en enorm innsats, sier han, og tar konas h\u00e5nd. <\/p>\n<p class=\"_paragraph_o9xde_4 _paragraph_xtcu6_10 layout-component text-serif-m layout-normal text-serif-m layout-padded\">Svetlana Tikhanovskaya var engelskl\u00e6rer frem til mannen ble fengslet. I hans frav\u00e6r tr\u00e5dde hun uredd opp og fylte tomrommet etter han. Hun<a href=\"https:\/\/www.vg.no\/nyheter\/i\/AvGzWx\/tsikhanovskaja-krigen-kan-ikke-stoppes-uten-belarus\" data-track-element-type=\"Link\" data-track-id=\"link:AvGzWx\" class=\"_link_o9xde_39\" rel=\"nofollow noopener\" target=\"_blank\"> ga h\u00e5p<\/a> til millionvis av belarusere som \u00f8nsket et liv i frihet. Demokratibevegelsen hevder hun ble rettmessige vinneren av presidentvalget. <\/p>\n<p class=\"_paragraph_o9xde_4 _paragraph_xtcu6_10 layout-component text-serif-m layout-normal text-serif-m layout-padded\">Siden da han hun utmerket seg som en hardtarbeidende demokratisk lederskikkelse. <\/p>\n<p class=\"_paragraph_o9xde_4 _paragraph_xtcu6_10 layout-component text-serif-m layout-normal text-serif-m layout-padded\">\u2013 N\u00e5 som Sergej er fri, hvem skal lede Belarus`opposisjonsbevegelse?, sp\u00f8r VG. <\/p>\n<p class=\"_paragraph_o9xde_4 _paragraph_xtcu6_10 layout-component text-serif-m layout-normal text-serif-m layout-padded\">Det er Svetlana som svarer. <\/p>\n<p class=\"_paragraph_o9xde_4 _paragraph_xtcu6_10 layout-component text-serif-m layout-normal text-serif-m layout-padded\">\u2013 Sergej har v\u00e6rt borte siden 2020, og jeg har f\u00e5tt fem \u00e5rs erfaring. N\u00e5 pr\u00f8ver han \u00e5 forst\u00e5 hva som har skjedd de siste fem \u00e5rene \u2013 i Europa, i USA, i Ukraina, i geopolitikken. Han pr\u00f8ver \u00e5 forst\u00e5 hvordan bevegelsen fungerer, og vil samle flere folk som kan lytte til ham. Men han ser ikke p\u00e5 seg selv som en leder, mer som en uavhengig, viktig person. Han vil ikke at jeg skal \u00abholde av plassen\u00bb for ham.<\/p>\n<p><img alt=\"Foto: Gisle Oddstad \/ VG\" class=\"_image_qp4xg_65 layout-component layout-normal\" data-fullscreen- data-track-element-type=\"Article image fullscreen\" data-track-name=\"ImageFullscreen\" decoding=\"async\" loading=\"lazy\" height=\"4927\" itemprop=\"image\"  src=\"https:\/\/www.europesays.com\/no\/wp-content\/uploads\/2025\/11\/e12a1ea8-c2b8-4333-a7e9-b35f4611ce40\"  style=\"object-position:0% 0%\" width=\"7011\"\/>Foto: Gisle Oddstad \/ VG<\/p>\n<p class=\"_paragraph_o9xde_4 _paragraph_xtcu6_10 layout-component text-serif-m layout-normal text-serif-m layout-padded\">I 65 m\u00e5neder hadde Svetlana Sergejs bilde fremst p\u00e5 dokumentmappen sin p\u00e5 reiser rundt i verden. N\u00e5 er det hun som fortjener oppmerksomhet, mener Sergej.<\/p>\n<p class=\"_paragraph_o9xde_4 _paragraph_xtcu6_10 layout-component text-serif-m layout-normal text-serif-m layout-padded\">\u2013 Jeg vil v\u00e6re takknemlig til slutten av mitt liv for det hun har gjort. Og n\u00e5 ser du, har hun bildet av en annen politisk fange der. Vi h\u00e5per han og alle andre snart er fri. <\/p>\n","protected":false},"excerpt":{"rendered":"Den belarusiske opposisjonslederen Sergej Tikhanovskij ble nylig frigitt etter fem \u00e5r i fengsel. Kona Svetlana Tikhanovskaja ble opposisjonsleder&hellip;\n","protected":false},"author":2,"featured_media":82261,"comment_status":"","ping_status":"","sticky":false,"template":"","format":"standard","meta":{"footnotes":""},"categories":[12],"tags":[1065,20,21,24,25,2507,15,22,23,13,30,28,29,14,16,26,27,42,43,44,45],"class_list":{"0":"post-82260","1":"post","2":"type-post","3":"status-publish","4":"format-standard","5":"has-post-thumbnail","7":"category-verden","8":"tag-belarus","9":"tag-breaking-news","10":"tag-breakingnews","11":"tag-featured-news","12":"tag-featurednews","13":"tag-fengsel","14":"tag-headlines","15":"tag-latest-news","16":"tag-latestnews","17":"tag-news","18":"tag-no","19":"tag-norge","20":"tag-norway","21":"tag-nyheter","22":"tag-overskrifter","23":"tag-top-stories","24":"tag-topstories","25":"tag-verden","26":"tag-world","27":"tag-world-news","28":"tag-worldnews"},"share_on_mastodon":{"url":"https:\/\/pubeurope.com\/@no\/115518033494937616","error":""},"_links":{"self":[{"href":"https:\/\/www.europesays.com\/no\/wp-json\/wp\/v2\/posts\/82260","targetHints":{"allow":["GET"]}}],"collection":[{"href":"https:\/\/www.europesays.com\/no\/wp-json\/wp\/v2\/posts"}],"about":[{"href":"https:\/\/www.europesays.com\/no\/wp-json\/wp\/v2\/types\/post"}],"author":[{"embeddable":true,"href":"https:\/\/www.europesays.com\/no\/wp-json\/wp\/v2\/users\/2"}],"replies":[{"embeddable":true,"href":"https:\/\/www.europesays.com\/no\/wp-json\/wp\/v2\/comments?post=82260"}],"version-history":[{"count":0,"href":"https:\/\/www.europesays.com\/no\/wp-json\/wp\/v2\/posts\/82260\/revisions"}],"wp:featuredmedia":[{"embeddable":true,"href":"https:\/\/www.europesays.com\/no\/wp-json\/wp\/v2\/media\/82261"}],"wp:attachment":[{"href":"https:\/\/www.europesays.com\/no\/wp-json\/wp\/v2\/media?parent=82260"}],"wp:term":[{"taxonomy":"category","embeddable":true,"href":"https:\/\/www.europesays.com\/no\/wp-json\/wp\/v2\/categories?post=82260"},{"taxonomy":"post_tag","embeddable":true,"href":"https:\/\/www.europesays.com\/no\/wp-json\/wp\/v2\/tags?post=82260"}],"curies":[{"name":"wp","href":"https:\/\/api.w.org\/{rel}","templated":true}]}}