{"id":82315,"date":"2025-11-09T07:32:24","date_gmt":"2025-11-09T07:32:24","guid":{"rendered":"https:\/\/www.europesays.com\/no\/82315\/"},"modified":"2025-11-09T07:32:24","modified_gmt":"2025-11-09T07:32:24","slug":"fk-eik-tonsberg-fotball-gamlekara-til-eik-har-danket-ut-300-kandidater-kan-vinne-gjev-pris","status":"publish","type":"post","link":"https:\/\/www.europesays.com\/no\/82315\/","title":{"rendered":"FK Eik T\u00f8nsberg, Fotball | Gamlekara til Eik har danket ut 300 kandidater \u2013 kan vinne gjev pris"},"content":{"rendered":"\n<p><b>Hver tirsdag samles gamlekara til FK Eik T\u00f8nsberg for \u00e5 gj\u00f8re dugnadsarbeid p\u00e5 fotballklubbens anlegg. Det har de gjort i over ti \u00e5r.<\/b><\/p>\n<p>Over 20 voksne herrer m\u00f8ter opp for \u00e5 legge ned en arbeidsinnsats hver uke for klubben i sitt hjerte.<\/p>\n<p>Mange har i \u00e5renes l\u00f8p applaudert \u00abTirsdagsgjengens\u00bb frivillige innsats.<\/p>\n<p><b>N\u00e5 kan gjengen vinne den gjeve prisen \u00ab\u00c5rets Fotballfrivillig\u00bb. Over 300 nominasjoner fra hele Norge er blitt til 16 finalister fra b\u00e5de topp- og breddeklubber. Det er OBOS, Norsk Toppfotball og Norsk Ligafotball som st\u00e5r bak k\u00e5ringen.<\/b><\/p>\n<p>\u2013 Finalefeltet viser den store bredden i hva det kan inneb\u00e6re \u00e5 v\u00e6re frivillig i fotballen. Blant de 16 finalistene finner vi alt fra barnefotballtrenere til dugnadsgjenger og kampdagsverter, sier Eddie Chr. Thomas i OBOS i en pressemelding.<\/p>\n<p>   <img decoding=\"async\" width=\"2048\" height=\"1152\" fetchpriority=\"low\"  loading=\"lazy\"  src=\"https:\/\/www.europesays.com\/no\/wp-content\/uploads\/2025\/11\/Tirsdagsgjengen+nominert.jpg\" alt=\"\" class=\"brick-c-cFOWSL\" style=\"--brick-image-ratio: 2048 \/ 1152;\"\/><\/p>\n<p>      FRIVILLIG: Gutta i Tirsdagsgjengen til Eik har holdt p\u00e5 i over ti \u00e5r med frivillig arbeid for klubben i sitt hjerte.<br \/>\n      Foto: Arild Viksand\n    <\/p>\n<p>  \u2013 Husk \u00e5 stemme!<\/p>\n<p><b>Fram til 20. november kan folket stemme fram den kandidaten man synes er den mest verdige vinneren. Til slutt vil en jury k\u00e5re \u00c5rets Fotballfrivillig blant de tre som f\u00e5r flest stemmer i finalen. Du kan stemme via norskligafotball.no.<\/b><\/p>\n<p>\u2013 Vi h\u00e5per p\u00e5 et stort engasjement for finalistene, og dersom man \u00f8nsker at sin favoritt skal vinne, m\u00e5 man g\u00e5 inn og stemme. Vi benytter samtidig anledningen til \u00e5 takke alle dem som har foresl\u00e5tt kandidater og ikke minst alle de som ble nominert for den innsatsen de gj\u00f8r som frivillige, sier Thomas.<\/p>\n<p>   <img decoding=\"async\" width=\"2048\" height=\"1152\" fetchpriority=\"low\"  loading=\"lazy\"  src=\"https:\/\/www.europesays.com\/no\/wp-content\/uploads\/2025\/11\/Tirsdaggjengen6.jpg\" alt=\"\" class=\"brick-c-cFOWSL\" style=\"--brick-image-ratio: 2048 \/ 1152;\"\/><\/p>\n<p>      RYDDEGJENG: Det er mye som skal gj\u00f8res p\u00e5 et fotballanlegg av Eiks st\u00f8rrelse.<br \/>\n      Foto: Arild Viksand\n    <\/p>\n<p><b>DU KAN STEMME P\u00c5 DIN KANDIDAT HER!<\/b><\/p>\n<p>Vinneren f\u00e5r et gavekort p\u00e5 15.000 kroner, samt 30.000 kroner til sin lokale klubb. I tillegg f\u00e5r alle finalister 10.000 kroner fra OBOS til sin lokale breddeklubb.<\/p>\n<p>   <img decoding=\"async\" width=\"2048\" height=\"1152\" fetchpriority=\"low\"  loading=\"lazy\"  src=\"https:\/\/www.europesays.com\/no\/wp-content\/uploads\/2025\/11\/Tirsdagsgjengen5.jpg\" alt=\"\" class=\"brick-c-cFOWSL\" style=\"--brick-image-ratio: 2048 \/ 1152;\"\/><\/p>\n<p>      GOD HUM\u00d8R: Ole Jan Skoglund og resten av tirsdagsgjengen tar i et tak med et smil.<br \/>\n      Foto: Arild Viksand\n    <\/p>\n<p>  Dette er finalistene<\/p>\n<p>1. Branns Venner herrelaget (SK Brann)<\/p>\n<p>2. Christian Rafn (Lyn)<\/p>\n<p>3. Frivillig-gjengen i KBK-shopen (Kristiansund Ballklubb)<\/p>\n<p>4. Eli Margrethe Sawyer (Troms\u00f8 Idrettslag)<\/p>\n<p>5. Elisabeth Nedrelid (Os Fotball)<\/p>\n<p>6. Flemming Eliassen (Fram Larvik)<\/p>\n<p>7. Guttene i \u00abTirsdagsgjengen\u00bb (FK Eik T\u00f8nsberg)<\/p>\n<p>8. Hamid Hadian (Fredrikstad FK)<\/p>\n<p>9. Kristina Aarseth S\u00e6tre (Aalesunds FK)<\/p>\n<p>10. Morten Eriksen &amp; Siri Realfsen (Pors Fotball)<\/p>\n<p>11. Robert William Moore (Stab\u00e6k Fotball)<\/p>\n<p>12. VIP-damene (Bryne FK)<\/p>\n<p>13. Arne Bakke Flatin (IL H\u00f8dd)<\/p>\n<p>14. Ronny Flaten og Mette \u00d8degaard (V\u00e5lerenga Fotball\/Miniklanen)<\/p>\n<p>15. Stig van Eijk (Bergensdalen IL)<\/p>\n<p>16. Kim Underberg Rolund (Str\u00f8msgodset)<\/p>\n<p>  <a href=\"https:\/\/www.tb.no\/5-76-567520\" class=\"related-teaser has-image default-feature-teaser article--c-eRUmMG article--c-eRUmMG-jKCPdD-design-default\" rel=\"nofollow noopener\" target=\"_blank\"><\/p>\n<p>    <img decoding=\"async\" loading=\"lazy\"  src=\"https:\/\/www.europesays.com\/no\/wp-content\/uploads\/2025\/11\/15dag_01-01-DSC_5181.jpg\" alt=\"\" class=\"brick-c-cFOWSL\" style=\"\"\/><\/p>\n<p>\n            Les ogs\u00e5<\/p>\n<p>              \u2013 Eik er mitt, sort og hvitt!\n        <\/p>\n<p>  <\/a><\/p>\n<p>  <a href=\"https:\/\/www.tb.no\/5-76-2703624\" class=\"related-teaser has-image default-story-teaser article--c-eRUmMG article--c-eRUmMG-jKCPdD-design-default\" rel=\"nofollow noopener\" target=\"_blank\"><\/p>\n<p>    <img decoding=\"async\" loading=\"lazy\"  src=\"https:\/\/www.europesays.com\/no\/wp-content\/uploads\/2025\/11\/IMG_9914.jpg\" alt=\"\" class=\"brick-c-cFOWSL\" style=\"\"\/><\/p>\n<p>\n            Les ogs\u00e5<\/p>\n<p>              Ruben hyller laget sitt: \u2013 Jeg er s\u00e5 j\u00e6vlig stolt\n        <\/p>\n<p>  <\/a><\/p>\n","protected":false},"excerpt":{"rendered":"Hver tirsdag samles gamlekara til FK Eik T\u00f8nsberg for \u00e5 gj\u00f8re dugnadsarbeid p\u00e5 fotballklubbens anlegg. Det har de&hellip;\n","protected":false},"author":2,"featured_media":82316,"comment_status":"","ping_status":"","sticky":false,"template":"","format":"standard","meta":{"footnotes":""},"categories":[59],"tags":[11109,36,11108,2635,92,8804,2636,30,28,29,83,82,1510],"class_list":{"0":"post-82315","1":"post","2":"type-post","3":"status-publish","4":"format-standard","5":"has-post-thumbnail","7":"category-sport","8":"tag-arets-frivillige","9":"tag-art","10":"tag-dugnadsand","11":"tag-fk-eik-tonsberg","12":"tag-fotball","13":"tag-frivillig-arbeid","14":"tag-lokalfotball","15":"tag-no","16":"tag-norge","17":"tag-norway","18":"tag-sport","19":"tag-sports","20":"tag-story"},"share_on_mastodon":{"url":"https:\/\/pubeurope.com\/@no\/115518580650749588","error":""},"_links":{"self":[{"href":"https:\/\/www.europesays.com\/no\/wp-json\/wp\/v2\/posts\/82315","targetHints":{"allow":["GET"]}}],"collection":[{"href":"https:\/\/www.europesays.com\/no\/wp-json\/wp\/v2\/posts"}],"about":[{"href":"https:\/\/www.europesays.com\/no\/wp-json\/wp\/v2\/types\/post"}],"author":[{"embeddable":true,"href":"https:\/\/www.europesays.com\/no\/wp-json\/wp\/v2\/users\/2"}],"replies":[{"embeddable":true,"href":"https:\/\/www.europesays.com\/no\/wp-json\/wp\/v2\/comments?post=82315"}],"version-history":[{"count":0,"href":"https:\/\/www.europesays.com\/no\/wp-json\/wp\/v2\/posts\/82315\/revisions"}],"wp:featuredmedia":[{"embeddable":true,"href":"https:\/\/www.europesays.com\/no\/wp-json\/wp\/v2\/media\/82316"}],"wp:attachment":[{"href":"https:\/\/www.europesays.com\/no\/wp-json\/wp\/v2\/media?parent=82315"}],"wp:term":[{"taxonomy":"category","embeddable":true,"href":"https:\/\/www.europesays.com\/no\/wp-json\/wp\/v2\/categories?post=82315"},{"taxonomy":"post_tag","embeddable":true,"href":"https:\/\/www.europesays.com\/no\/wp-json\/wp\/v2\/tags?post=82315"}],"curies":[{"name":"wp","href":"https:\/\/api.w.org\/{rel}","templated":true}]}}