{"id":82321,"date":"2025-11-09T07:40:11","date_gmt":"2025-11-09T07:40:11","guid":{"rendered":"https:\/\/www.europesays.com\/no\/82321\/"},"modified":"2025-11-09T07:40:11","modified_gmt":"2025-11-09T07:40:11","slug":"tv-anmeldelse-anmeldelse-olhunden-berit","status":"publish","type":"post","link":"https:\/\/www.europesays.com\/no\/82321\/","title":{"rendered":"TV-anmeldelse: Anmeldelse \u00ab\u00d8lhunden Berit\u00bb"},"content":{"rendered":"\n<p class=\"_lead_o9xde_2 _lead_xtcu6_50 layout-component text-serif-m layout-normal text-serif-l layout-component layout-normal layout-padded layout-padded\">Ambisi\u00f8st, alvorlig og ubehagelig.<\/p>\n<p class=\"font-weight-semi-bold color-accent label-medium _label_16v91_20\">TV-anmeldelse<\/p>\n<p> \u00ab\u00d8lhunden Berit\u00bb<\/p>\n<p class=\"_paragraph_o9xde_4 _paragraph_xtcu6_10 _paragraph_16v91_10 layout-component text-serif-m layout-normal text-sans-m layout-padded\">\u2022 Med: Anders Basmo, Jonas Strand Gravli, Ingrid Unnur Gi\u00e6ver, Irena Sikorskyte<\/p>\n<p class=\"_paragraph_o9xde_4 _paragraph_xtcu6_10 _paragraph_16v91_10 layout-component text-serif-m layout-normal text-sans-m layout-padded\">\u2022 Manus og regi: Thomas Seeberg Torjussen<\/p>\n<p class=\"_paragraph_o9xde_4 _paragraph_xtcu6_10 _paragraph_16v91_10 layout-component text-serif-m layout-normal text-sans-m layout-padded\">\u2022 Norsk dramaserie i fire deler<\/p>\n<p class=\"_paragraph_o9xde_4 _paragraph_xtcu6_10 _paragraph_16v91_10 layout-component text-serif-m layout-normal text-sans-m layout-padded\">\u2022 Premiere p\u00e5 NRK s\u00f8ndag 9. november<\/p>\n<p>Vis mer<\/p>\n<p class=\"_paragraph_o9xde_4 _paragraph_xtcu6_10 layout-component text-serif-m layout-normal text-serif-m layout-padded\">P\u00e5 papiret kan \u00ab\u00d8lhunden Berit\u00bb se b\u00e5de komisk og pekefinger-pedagogisk ut. En serie om et kommentarfelt-troll, Tom (<a href=\"https:\/\/www.vg.no\/tag\/anders-baasmo-christiansen\" class=\"_link_o9xde_39\" rel=\"nofollow noopener\" target=\"_blank\">Anders Basmo<\/a>), som blir avsl\u00f8rt og strippet for all verdighet, for deretter \u00e5 starte et nytt liv \u2013 forkledd som kvinne.<\/p>\n<p class=\"_paragraph_o9xde_4 _paragraph_xtcu6_10 layout-component text-serif-m layout-normal text-serif-m layout-padded\">S\u00e5 skal han m\u00f8te seg selv i d\u00f8ren og komme ut som en \u00abbedre mann\u00bb p\u00e5 den andre siden (den engelske tittelen er \u00abA Better Man\u00bb), ikke sant? Joda. Det er i og for seg noe \u00e1 la det som skal skje.<\/p>\n<p class=\"_paragraph_o9xde_4 _paragraph_xtcu6_10 layout-component text-serif-m layout-normal text-serif-m layout-padded\">Men ikke p\u00e5 den m\u00e5ten man skulle tro. \u00ab\u00d8lhunden Berit\u00bb er flere ting, men simpel er ikke \u00e9n av dem.<\/p>\n<p><img alt=\"MORSK MANN\/KVINNE: Anders Basmo i \u00ab\u00d8lhunden Berit\u00bb.  Foto: Maipo \/ NRK\" class=\"_image_qp4xg_65 layout-component layout-normal\" data-fullscreen- data-track-element-type=\"Article image fullscreen\" data-track-name=\"ImageFullscreen\" decoding=\"async\" loading=\"lazy\" height=\"5520\" itemprop=\"image\"  src=\"https:\/\/www.europesays.com\/no\/wp-content\/uploads\/2025\/11\/811545b1-c120-4381-84bb-fafceb672af9\"  style=\"object-position:50.73671497584541% 45.45289855072463%\" width=\"8280\"\/>MORSK MANN\/KVINNE: Anders Basmo i \u00ab\u00d8lhunden Berit\u00bb.  Foto: Maipo \/ NRK<\/p>\n<p class=\"_paragraph_o9xde_4 _paragraph_xtcu6_10 layout-component text-serif-m layout-normal text-serif-m layout-padded\">Serieskaperen Thomas Seeberg Torjussen har helt siden \u00ab<a href=\"https:\/\/www.vg.no\/rampelys\/i\/k4jQ6\/ubehagets-glede\" data-track-element-type=\"Link\" data-track-id=\"link:k4jQ6\" class=\"_link_o9xde_39\" rel=\"nofollow noopener\" target=\"_blank\">S\u00f8nner<\/a>\u00bb (2006) vist at han tenker lenger og dypere om maskulinitet, menn og \u00abmannsroller\u00bb enn de fleste. N\u00e5 gj\u00f8r han det igjen, med en serie som f\u00f8les nesten like tankevekkende som v\u00e5rens store snakkis \u00ab<a href=\"https:\/\/www.vg.no\/rampelys\/i\/vg14R4\/anmeldelse-adolescence\" data-track-element-type=\"Link\" data-track-id=\"link:vg14R4\" class=\"_link_o9xde_39\" rel=\"nofollow noopener\" target=\"_blank\">Adolescence<\/a>\u00bb.<\/p>\n<p class=\"_paragraph_o9xde_4 _paragraph_xtcu6_10 layout-component text-serif-m layout-normal text-serif-m layout-padded\">Tom sl\u00e5r oss som en proper godt voksen herre der han st\u00e5r bak disken i sin mors tradisjonsrike (les: eldre kundegruppe) kvinnekonfeksjons-forretning. En mann litt ute av sin tid \u2013 og ensom. Men ingen grunn til bekymring heller, liksom.<\/p>\n<p class=\"_paragraph_o9xde_4 _paragraph_xtcu6_10 layout-component text-serif-m layout-normal text-serif-m layout-padded\">Det er bare naboen Audun (<a href=\"https:\/\/www.vg.no\/nyheter\/i\/7lOd7V\/en-viktig-film\" data-track-element-type=\"Link\" data-track-id=\"link:7lOd7V\" class=\"_link_o9xde_39\" rel=\"nofollow noopener\" target=\"_blank\">Jonas Strand Gravli<\/a>) som aner hvordan det egentlig st\u00e5r til med Tom etter arbeidstid. Han er av og til innom for \u00e5 f\u00e5 hjelp med noe, og det som m\u00f8ter ham ser ikke bra ut:<\/p>\n<p class=\"_paragraph_o9xde_4 _paragraph_xtcu6_10 layout-component text-serif-m layout-normal text-serif-m layout-padded\">Det er leiligheten til en rotl\u00f8s <a href=\"https:\/\/www.vg.no\/nyheter\/i\/dREz9z\/menn-som-ikke-faar-seg-kjaereste-eller-sex\" data-track-element-type=\"Link\" data-track-id=\"link:dREz9z\" class=\"_link_o9xde_39\" rel=\"nofollow noopener\" target=\"_blank\">incel<\/a> tidlig i 20-\u00e5rene, der en ubrukt treningsmaskin og en altfor velbrukt datamaskin utgj\u00f8r hjemmets s\u00f8rgelige hjerte.<\/p>\n<p class=\"_paragraph_o9xde_4 _paragraph_xtcu6_10 layout-component text-serif-m layout-normal text-serif-m layout-padded\">Om kveldene skriver Tom lange rants til en kvinne i Litauen, Ieva (Irena Sikorskyte), om hvor lukt til helvete det er g\u00e5tt i den statsfeministiske vaginalstaten Norge. Om hvordan maskulinitet s\u00e5 godt som er blitt forbudt ved lov, og hvordan menn er blitt kastrert av pappapermisjon og kvotering.<\/p>\n<p class=\"_paragraph_o9xde_4 _paragraph_xtcu6_10 layout-component text-serif-m layout-normal text-serif-m layout-padded\">Selv er han ridderlig, og har sendt penger til Ieva, som har ytret \u00f8nske om \u00e5 bes\u00f8ke Tom i det feministiske helvetet Oslo. Han blir lurt. Da tar det ytterligere fyr i trollingen.<\/p>\n<p class=\"_paragraph_o9xde_4 _paragraph_xtcu6_10 layout-component text-serif-m layout-normal text-serif-m layout-padded\">Det g\u00e5r i f\u00f8rste rekke ut over Live (<a href=\"https:\/\/www.vg.no\/rampelys\/i\/8w8QL2\/teateranmeldelse-romeo-og-julie-heftig-i-soeppeldynga\" data-track-element-type=\"Link\" data-track-id=\"link:8w8QL2\" class=\"_link_o9xde_39\" rel=\"nofollow noopener\" target=\"_blank\">Ingrid Unnur Gi\u00e6ver<\/a>), en i det ytre irriterende selvsikker standup-komiker (trolig inspirert av <a href=\"https:\/\/www.vg.no\/tag\/sigrid-bonde-tusvik\" class=\"_link_o9xde_39\" rel=\"nofollow noopener\" target=\"_blank\">Sigrid Bonde Tusvik<\/a>, som st\u00e5r oppf\u00f8rt som manuskonsulent p\u00e5 rulleteksten). Hun representerer alt som har fremmedgjort Tom.<\/p>\n<p><img alt=\"ALT SOM ER GALT: Ingrid Unnur Gi\u00e6ver i \u00ab\u00d8lhunden Berit\u00bb.  Foto: Maipo \/ NRK\" class=\"_image_qp4xg_65 layout-component layout-normal\" data-fullscreen- data-track-element-type=\"Article image fullscreen\" data-track-name=\"ImageFullscreen\" decoding=\"async\" loading=\"lazy\" height=\"5309\" itemprop=\"image\"  src=\"https:\/\/www.europesays.com\/no\/wp-content\/uploads\/2025\/11\/b8c48ec9-a78e-491e-99f6-29359fc0151b\"  style=\"object-position:66.26271505713926% 37.954417027688834%\" width=\"7963\"\/>ALT SOM ER GALT: Ingrid Unnur Gi\u00e6ver i \u00ab\u00d8lhunden Berit\u00bb.  Foto: Maipo \/ NRK<\/p>\n<p class=\"_paragraph_o9xde_4 _paragraph_xtcu6_10 layout-component text-serif-m layout-normal text-serif-m layout-padded\">Live har gjort et offentlig poeng av at hun en gang nesten ble voldtatt. Tom truer med \u00e5 fullbyrde overgrepet. \u00abJeg er han som ikke ler\u00bb, skriver han. Slik at hun hver gang hun opptrer m\u00e5 skanne publikum etter morske mannlige ansikter.<\/p>\n<p class=\"_paragraph_o9xde_4 _paragraph_xtcu6_10 layout-component text-serif-m layout-normal text-serif-m layout-padded\">En gruppe data-hackere bestemmer seg for \u00e5 oute, avsl\u00f8re og identifisere Tom. Hvorp\u00e5 hans gamle liv er over, og han har to valg:<\/p>\n<p class=\"_paragraph_o9xde_4 _paragraph_xtcu6_10 layout-component text-serif-m layout-normal text-serif-m layout-padded\">Enten ta livet av seg \u2013 eller starte et nytt. Han pr\u00f8ver begge deler, men lykkes bare med det siste. Ved hjelp av parykker og kl\u00e6r fra mors butikk, blir Tom til Berit. En ensom eldre kvinne i en hospits p\u00e5 Carl Berner.<\/p>\n<p><img alt=\"DA HAN BLE TIL HENNE: Anders Basmo i \u00ab\u00d8lhunden Berit\u00bb.  Foto: Maipo \/ NRK\" class=\"_image_qp4xg_65 layout-component layout-normal\" data-fullscreen- data-track-element-type=\"Article image fullscreen\" data-track-name=\"ImageFullscreen\" decoding=\"async\" loading=\"lazy\" height=\"5289\" itemprop=\"image\"  src=\"https:\/\/www.europesays.com\/no\/wp-content\/uploads\/2025\/11\/6a81eee7-ea9b-440d-9af7-c80ce3bbcd18\"  style=\"object-position:55.18719273919073% 42.35205142749102%\" width=\"7933\"\/>DA HAN BLE TIL HENNE: Anders Basmo i \u00ab\u00d8lhunden Berit\u00bb.  Foto: Maipo \/ NRK<\/p>\n<p class=\"_paragraph_o9xde_4 _paragraph_xtcu6_10 layout-component text-serif-m layout-normal text-serif-m layout-padded\">Den som utifra dette forventer seg en ellevill forviklingskomedie i \u00abToostie\u00bb (1982) eller \u00abMrs. Doubtfire\u00bb (1993)-tradisjonen, eller fra tusen menn-i-kvinnekl\u00e6r buskis-revyer, har et par solide og ubehagelige overraskelser i vente. Seriens humoristiske tittel, lyver. \u00ab\u00d8lhunden Berit\u00bb er et drama, i beste fall kullsvart komisk.<\/p>\n<p class=\"_paragraph_o9xde_4 _paragraph_xtcu6_10 layout-component text-serif-m layout-normal text-serif-m layout-padded\">Er det s\u00e5 meningen at Tom, ved \u00e5 opptre i verden som kvinne, skal komme \u00abi kontakt med sine feminine sider\u00bb eller noe lignende forutsigbart? Kort sagt bli mer som de femti prosentene av befolkningen som han inntil n\u00e5 har holdt ansvarlig for alle sine problemer?<\/p>\n<p class=\"_paragraph_o9xde_4 _paragraph_xtcu6_10 layout-component text-serif-m layout-normal text-serif-m layout-padded\">Kanskje litt. Men Seeberg Torjussens er for sofistikert til \u00e5 la det v\u00e6re med det. Det Tom\/Berit opplever ved \u00e5 \u00abskifte kj\u00f8nn\u00bb er ikke bare \u00e5 bli bedre kjent med den andre halvdelens redsler.<\/p>\n<p><img alt=\"FUKTIG FELLESSKAP:  Per Kjerstad (til venstre) og Anders Basmo i \u00ab\u00d8lhunden Berit\u00bb.  Foto: Maipo \/ NRK\" class=\"_image_qp4xg_65 layout-component layout-normal\" data-fullscreen- data-track-element-type=\"Article image fullscreen\" data-track-name=\"ImageFullscreen\" decoding=\"async\" loading=\"lazy\" height=\"5520\" itemprop=\"image\"  src=\"https:\/\/www.europesays.com\/no\/wp-content\/uploads\/2025\/11\/f693f1c5-5f74-4051-bdbd-60c7a56ab4cf\"  style=\"object-position:52.34299516908213% 40.80615942028986%\" width=\"8280\"\/>FUKTIG FELLESSKAP:  Per Kjerstad (til venstre) og Anders Basmo i \u00ab\u00d8lhunden Berit\u00bb.  Foto: Maipo \/ NRK<\/p>\n<p class=\"_paragraph_o9xde_4 _paragraph_xtcu6_10 layout-component text-serif-m layout-normal text-serif-m layout-padded\">Han opplever ogs\u00e5 \u00e5 bli m\u00f8tt med en vennlighet som f\u00f8les ham fremmed. Unge jenter p\u00e5 gaten er ikke redde for \u00e5 bli overfalt av ham\/henne\/hen. Gamle damer er ikke engstelige for \u00e5 sl\u00e5 av en prat i parken.<\/p>\n<p class=\"_paragraph_o9xde_4 _paragraph_xtcu6_10 layout-component text-serif-m layout-normal text-serif-m layout-padded\">Han f\u00e5r seg en jobb, og en gjeng p\u00e5 en pub, og opplever b\u00e5de fellesskap og en f\u00f8lelse av \u00e5 v\u00e6re til nytte. Lenge siden sist p\u00e5 begge fronter.<\/p>\n<p class=\"_paragraph_o9xde_4 _paragraph_xtcu6_10 layout-component text-serif-m layout-normal text-serif-m layout-padded\">Mens dette foreg\u00e5r, l\u00e6rer vi overraskende ting om naboen Audun, som p\u00e5 langt n\u00e6r er s\u00e5 satt som samboer og nybakt sm\u00e5barnsforelder som vi har trodd.<\/p>\n<p class=\"_paragraph_o9xde_4 _paragraph_xtcu6_10 layout-component text-serif-m layout-normal text-serif-m layout-padded\">Nemesisen Live skal vise seg \u00e5 v\u00e6re mindre hardhudet enn antatt, og minst like internett-avhengig som Tom. (N\u00e5r hun tar drosje hjem om kvelden, f\u00e5r hun aldri med seg n\u00e5r den er fremme: S\u00e5 oppslukt er hun av \u00e5 r\u00f8kte kommentarfeltene p\u00e5 SoMe-kontoene sine).<\/p>\n<p><img alt=\"HAR OGS\u00c5 SINE HEMMELIGHETER: Jonas Strand Gravli i \u00ab\u00d8lhunden Berit\u00bb.  Foto: Maipo \/ NRK\" class=\"_image_qp4xg_65 layout-component layout-normal\" data-fullscreen- data-track-element-type=\"Article image fullscreen\" data-track-name=\"ImageFullscreen\" decoding=\"async\" loading=\"lazy\" height=\"5357\" itemprop=\"image\"  src=\"https:\/\/www.europesays.com\/no\/wp-content\/uploads\/2025\/11\/90b832e3-afd0-41e3-9ffc-ea19434a1fba\"  style=\"object-position:40.01866832607343% 53.43475826022027%\" width=\"8035\"\/>HAR OGS\u00c5 SINE HEMMELIGHETER: Jonas Strand Gravli i \u00ab\u00d8lhunden Berit\u00bb.  Foto: Maipo \/ NRK<\/p>\n<p class=\"_paragraph_o9xde_4 _paragraph_xtcu6_10 layout-component text-serif-m layout-normal text-serif-m layout-padded\">\u00ab\u00d8lhunden Berit\u00bb er ikke perfekt troverdig. Ville mediene kastet seg over privatpersonen Tom slik de gj\u00f8r her, i virkeligheten? Nei. Er Toms forkledning s\u00e5 overbevisende at han ikke ville ha blitt avsl\u00f8rt tidligere? Absolutt ikke.<\/p>\n<p class=\"_paragraph_o9xde_4 _paragraph_xtcu6_10 layout-component text-serif-m layout-normal text-serif-m layout-padded\">Men det er ikke poenget. Poenget er \u00e5 kaste lys p\u00e5 farene ved \u00e5 ikke ta menns utfordringer p\u00e5 alvor. De \u00e5penbart katastrofale f\u00f8lgene det vil f\u00e5 om vi bare godtar at mannens tid er over, fordi det var \u00abp\u00e5 tide\u00bb. Den legitime frykten for \u00e5 bli overfl\u00f8diggjort, tilsidesatt, marginalisert, unyttig.<\/p>\n<p class=\"_paragraph_o9xde_4 _paragraph_xtcu6_10 layout-component text-serif-m layout-normal text-serif-m layout-padded\">S\u00e5 f\u00e5r jeg skynde meg \u00e5 si at <a href=\"https:\/\/www.vg.no\/rampelys\/i\/mPjoGO\/anders-baasmo-vinner-pris-for-a-better-man\" data-track-element-type=\"Link\" data-track-id=\"link:mPjoGO\" class=\"_link_o9xde_39\" rel=\"nofollow noopener\" target=\"_blank\">Basmo er bemerkelsesverdig i hovedrollen<\/a>. Med noe ved seg som gj\u00f8r at vi f\u00f8ler en slags fortvilt sympati med ham, selv n\u00e5r han er p\u00e5 sitt verste. \u00abMann i kvinnekl\u00e6r\u00bb innbyr til store fakter. Basmo gj\u00f8r det motsatte: Han gj\u00f8r seg liten.<\/p>\n<p class=\"_paragraph_o9xde_4 _paragraph_xtcu6_10 layout-component text-serif-m layout-normal text-serif-m layout-padded\">\u00ab\u00d8lhunden Berit\u00bb er ikke behagende TV. Det t\u00e5ler vi.<\/p>\n","protected":false},"excerpt":{"rendered":"Ambisi\u00f8st, alvorlig og ubehagelig. TV-anmeldelse \u00ab\u00d8lhunden Berit\u00bb \u2022 Med: Anders Basmo, Jonas Strand Gravli, Ingrid Unnur Gi\u00e6ver, Irena&hellip;\n","protected":false},"author":2,"featured_media":82322,"comment_status":"","ping_status":"","sticky":false,"template":"","format":"standard","meta":{"footnotes":""},"categories":[58],"tags":[5622,71,4672,30,28,29,787,375,8015,9628,72],"class_list":{"0":"post-82321","1":"post","2":"type-post","3":"status-publish","4":"format-standard","5":"has-post-thumbnail","7":"category-underholdning","8":"tag-adolescence","9":"tag-entertainment","10":"tag-mann","11":"tag-no","12":"tag-norge","13":"tag-norway","14":"tag-nrk","15":"tag-serier","16":"tag-sigrid-bonde-tusvik","17":"tag-tv-anmeldelse","18":"tag-underholdning"},"share_on_mastodon":{"url":"https:\/\/pubeurope.com\/@no\/115518611764897085","error":""},"_links":{"self":[{"href":"https:\/\/www.europesays.com\/no\/wp-json\/wp\/v2\/posts\/82321","targetHints":{"allow":["GET"]}}],"collection":[{"href":"https:\/\/www.europesays.com\/no\/wp-json\/wp\/v2\/posts"}],"about":[{"href":"https:\/\/www.europesays.com\/no\/wp-json\/wp\/v2\/types\/post"}],"author":[{"embeddable":true,"href":"https:\/\/www.europesays.com\/no\/wp-json\/wp\/v2\/users\/2"}],"replies":[{"embeddable":true,"href":"https:\/\/www.europesays.com\/no\/wp-json\/wp\/v2\/comments?post=82321"}],"version-history":[{"count":0,"href":"https:\/\/www.europesays.com\/no\/wp-json\/wp\/v2\/posts\/82321\/revisions"}],"wp:featuredmedia":[{"embeddable":true,"href":"https:\/\/www.europesays.com\/no\/wp-json\/wp\/v2\/media\/82322"}],"wp:attachment":[{"href":"https:\/\/www.europesays.com\/no\/wp-json\/wp\/v2\/media?parent=82321"}],"wp:term":[{"taxonomy":"category","embeddable":true,"href":"https:\/\/www.europesays.com\/no\/wp-json\/wp\/v2\/categories?post=82321"},{"taxonomy":"post_tag","embeddable":true,"href":"https:\/\/www.europesays.com\/no\/wp-json\/wp\/v2\/tags?post=82321"}],"curies":[{"name":"wp","href":"https:\/\/api.w.org\/{rel}","templated":true}]}}