{"id":82331,"date":"2025-11-09T07:54:34","date_gmt":"2025-11-09T07:54:34","guid":{"rendered":"https:\/\/www.europesays.com\/no\/82331\/"},"modified":"2025-11-09T07:54:34","modified_gmt":"2025-11-09T07:54:34","slug":"der-sto-jeg-og-bannet-er-det-mulig-adressa-no","status":"publish","type":"post","link":"https:\/\/www.europesays.com\/no\/82331\/","title":{"rendered":"Der sto jeg og bannet. Er det mulig? &#8211; adressa.no"},"content":{"rendered":"<ol>\n<li><a href=\"https:\/\/news.google.com\/rss\/articles\/CBMifEFVX3lxTFBvUGViNWEybUhzdnVzZmU0V0JpM19VME9lcGwzRnIwSVdha1h5bnNJNUtENWJwczBvUlViODhkdjlpM1luQlk2ZlhoRVdYOTF6Z3FXSHhCSTNER1ZuYWpjZWlNZlNKWFN4SUE1MTA5VVlPVnhRZVRkakFrd20?oc=5\" target=\"_blank\" rel=\"nofollow noopener\">Der sto jeg og bannet. Er det mulig?<\/a>&nbsp;&nbsp;adressa.no<\/li>\n<li><a href=\"https:\/\/news.google.com\/rss\/articles\/CBMigAFBVV95cUxNVWlaWGZ0OW5PWDJ4SGhOMjhOMlhfWFdPSVhKSGIxdnplVllvR25MeGhLekpHeDJ4LU9iYW1oMlRtbDBqcVdIbUxDV3ZOU2ZoRkpVajU1QjBEcGF0OUVQckhJUEJUNzBacU11Q0l4TmxtQkxwZXo0aE1WVTNoSHNmZQ?oc=5\" target=\"_blank\" rel=\"nofollow noopener\">\u2013 Vi \u00f8nsker ikke \u00e5 v\u00e6re redde i Rosenborg<\/a>&nbsp;&nbsp;TV2.no<\/li>\n<li><a href=\"https:\/\/news.google.com\/rss\/articles\/CBMipwFBVV95cUxNaXVjZnpRbnNvaEFELUE2bmJYd09IYk9CTVB3anBQNXl2QXlaUUFCNDNQdUh4MzJ3aDJ0S1laQUxWWGZudUJxSjNaVEMzVkdvczVjMUVEVnc2YXp4Qmd3VC1rZThwcFRNSWkzZjhOSk1QWnMwVlRxZVJFbWZJZ01CeFQxOFVVWVBiQ2l0QlJQNXdvLTVwZVlyZURPZFktQnhpUHZoR0NjVQ?oc=5\" target=\"_blank\" rel=\"nofollow noopener\">Sport, Fotball | RBK-profilene freser mot lekkasje. F\u00e5r st\u00f8tte fra rivalen<\/a>&nbsp;&nbsp;Nidaros<\/li>\n<li><a href=\"https:\/\/news.google.com\/rss\/articles\/CBMimgFBVV95cUxOVDc5alp2R25xbWFxSF9SbnJtNWZXdmlLSDRPWjFEc2hya0t2dDFQU0M3MURiTFlpdEJLZ0ZBYzdPMFZfX2E2eUpzMzRfdUtXZ2NpZWN2X2h4aEQzNTVhYjRxUVlSc1hqQ0FVSlRpMmhfZmRfR3FJbE81Y0hFUjZGa1kxMGgxVUIwX0lZa1owbklicF91Y0ZMbWVR?oc=5\" target=\"_blank\" rel=\"nofollow noopener\">RBK-kapteinen angrer ikke \u00abrotte\u00bb-uttalelse: \u2013 Orker ikke \u00e5 lyve<\/a>&nbsp;&nbsp;fvn.no<\/li>\n<li><a href=\"https:\/\/news.google.com\/rss\/articles\/CBMiiAFBVV95cUxQN21LS3hGeUhDbE9mLUliUDNiOEVianZHTTV2SFVJQ1kxTG9XX2p3NkwzQ3BDT1V6SWg1cVV6TDkzQklEUDQ0Ulg4NTI3ZDVTSVRBelZ5Uzhzb0RXTUppbks2QkRfWE1nYU12RDlsay1tcnlzTURjNGNoTV9YaS1aSkVqRVlyZVpS?oc=5\" target=\"_blank\" rel=\"nofollow noopener\">Tydelig: &#8211; RBK-kapteinen kan ikke si slikt<\/a>&nbsp;&nbsp;aftenposten.no<\/li>\n<\/ol>\n","protected":false},"excerpt":{"rendered":"Der sto jeg og bannet. Er det mulig?&nbsp;&nbsp;adressa.no \u2013 Vi \u00f8nsker ikke \u00e5 v\u00e6re redde i Rosenborg&nbsp;&nbsp;TV2.no Sport,&hellip;\n","protected":false},"author":2,"featured_media":82332,"comment_status":"","ping_status":"","sticky":false,"template":"","format":"standard","meta":{"footnotes":""},"categories":[59],"tags":[11110,11111,92,11113,760,316,4016,1007,11112,30,28,29,6433,1540,3377,4782,83,82],"class_list":{"0":"post-82331","1":"post","2":"type-post","3":"status-publish","4":"format-standard","5":"has-post-thumbnail","7":"category-sport","8":"tag-arve-hjelseth","9":"tag-det-jodiske-samfunn-i-trondheim","10":"tag-fotball","11":"tag-kato-nykvist","12":"tag-kommentarer","13":"tag-lerkendal","14":"tag-livet","15":"tag-menn","16":"tag-nick-hornby","17":"tag-no","18":"tag-norge","19":"tag-norway","20":"tag-ole-selnaes","21":"tag-rosenborg","22":"tag-samfunn","23":"tag-sandefjord","24":"tag-sport","25":"tag-sports"},"share_on_mastodon":{"url":"https:\/\/pubeurope.com\/@no\/115518666376406145","error":""},"_links":{"self":[{"href":"https:\/\/www.europesays.com\/no\/wp-json\/wp\/v2\/posts\/82331","targetHints":{"allow":["GET"]}}],"collection":[{"href":"https:\/\/www.europesays.com\/no\/wp-json\/wp\/v2\/posts"}],"about":[{"href":"https:\/\/www.europesays.com\/no\/wp-json\/wp\/v2\/types\/post"}],"author":[{"embeddable":true,"href":"https:\/\/www.europesays.com\/no\/wp-json\/wp\/v2\/users\/2"}],"replies":[{"embeddable":true,"href":"https:\/\/www.europesays.com\/no\/wp-json\/wp\/v2\/comments?post=82331"}],"version-history":[{"count":0,"href":"https:\/\/www.europesays.com\/no\/wp-json\/wp\/v2\/posts\/82331\/revisions"}],"wp:featuredmedia":[{"embeddable":true,"href":"https:\/\/www.europesays.com\/no\/wp-json\/wp\/v2\/media\/82332"}],"wp:attachment":[{"href":"https:\/\/www.europesays.com\/no\/wp-json\/wp\/v2\/media?parent=82331"}],"wp:term":[{"taxonomy":"category","embeddable":true,"href":"https:\/\/www.europesays.com\/no\/wp-json\/wp\/v2\/categories?post=82331"},{"taxonomy":"post_tag","embeddable":true,"href":"https:\/\/www.europesays.com\/no\/wp-json\/wp\/v2\/tags?post=82331"}],"curies":[{"name":"wp","href":"https:\/\/api.w.org\/{rel}","templated":true}]}}