{"id":82335,"date":"2025-11-09T08:02:09","date_gmt":"2025-11-09T08:02:09","guid":{"rendered":"https:\/\/www.europesays.com\/no\/82335\/"},"modified":"2025-11-09T08:02:09","modified_gmt":"2025-11-09T08:02:09","slug":"egor-filipenko-avslorer-ny-kjaereste-under-skal-vi-danse","status":"publish","type":"post","link":"https:\/\/www.europesays.com\/no\/82335\/","title":{"rendered":"Egor Filipenko avsl\u00f8rer ny kj\u00e6reste under \u00abSkal vi danse\u00bb"},"content":{"rendered":"<p class=\"kicker \" style=\"\">Romantikken blomstrer for den tidligere danse-dommeren<\/p>\n<p>  Egor Filipenko la ikke b\u00e5nd p\u00e5<br \/>\nseg i \u00abSkal vi danse\u00bb-studioet.<\/p>\n<p>\n    FOTO: Andreas Fadum\n  <\/p>\n<p>I juni avsl\u00f8rte den tidligere \u00abSkal vi danse\u00bb-profilen Egor Filipenko (37) at han hadde f\u00e5tt seg en ny partner \u2013 ikke p\u00e5 parketten, men i livet! <\/p>\n<p>For norske TV-seere er han blitt et kjent og kj\u00e6rt ansikt etter \u00e5 ha v\u00e6rt b\u00e5de proffdanser og dommer i \u00abSkal vi danse\u00bb. I 2022 var han tilbake p\u00e5 dansegulvet, men da m\u00e5tte han trekke seg grunnet en prolaps i nakken. <\/p>\n<p>37-\u00e5ringen fortalte senere til TV 2 at han var sengeliggende i flere m\u00e5neder, og ble psykisk nedbrutt av situasjonen. <\/p>\n<p>          <img loading=\"lazy\" decoding=\"async\" src=\"https:\/\/www.europesays.com\/no\/wp-content\/uploads\/2025\/11\/83813921.webp\" width=\"686\" height=\"460\" title=\"P\u00c5 TOPP: Fra 2015 til 2020 var&#10;Egor en av dommerne i \u00abSkal vi&#10;danse\u00bb. Her med Trine Dehli Cleve,&#10;Merete M\u00f8rk Lingj\u00e6rde og Tore&#10;Petterson. FOTO: Espen Solli \/ TV 2 \/ NTB\" alt=\"\" class=\"\" style=\"--aspect-ratio-image: 1.49; \"\/><\/p>\n<p>\n          P\u00c5 TOPP: Fra 2015 til 2020 var<br \/>\nEgor en av dommerne i \u00abSkal vi<br \/>\ndanse\u00bb. Her med Trine Dehli Cleve,<br \/>\nMerete M\u00f8rk Lingj\u00e6rde og Tore<br \/>\nPetterson. FOTO: Espen Solli \/ TV 2 \/ NTB\n      <\/p>\n<p>Samme \u00e5r fortalte han og kona Benedichte Bjercke (37) at de skulle g\u00e5 fra hverandre. <\/p>\n<p>&#8211; Det er trist, men vi beholder vennskapet, sa Benedichte til Se og H\u00f8r da. <\/p>\n<p>    <a itemprop=\"url\" href=\"https:\/\/www.seher.no\/kjendis\/fikk-blodpropp-i-hjernen\/83813901\" rel=\"nofollow noopener\" target=\"_blank\"><\/p>\n<p>      <img loading=\"lazy\" decoding=\"async\" src=\"https:\/\/www.europesays.com\/no\/wp-content\/uploads\/2025\/11\/83813906.webp\" width=\"980\" height=\"441\" title=\"Fikk blodpropp i hjernen\" alt=\"\" class=\"lazyload\" style=\"--aspect-ratio-image: 2.22; \"\/><\/p>\n<p>        Fikk blodpropp i hjernen<\/p>\n<p>    <\/a><\/p>\n<p>Under en av \u00abSkal vi danse\u00bb-sendingene p\u00e5 TV 2 i h\u00f8st, var Egor p\u00e5 plass i salen \u2013 sammen med sin nye kj\u00e6reste. <\/p>\n<p>Og selv om han syntes det var fint \u00e5 v\u00e6re tilbake p\u00e5 gamle tomter, var det ikke det som skjedde p\u00e5 parketten han hadde aller mest \u00f8yne for&#8230;<\/p>\n<p>          <img loading=\"lazy\" decoding=\"async\" src=\"https:\/\/www.europesays.com\/no\/wp-content\/uploads\/2025\/11\/83813920.webp\" width=\"686\" height=\"604\" title=\"VAR I SALEN: Egor Filipenko&#10;hadde med seg sin nye kj\u00e6reste til&#10;\u00abSkal vi danse\u00bb-sendingen. FOTO: Andreas Fadum\" alt=\"\" class=\"\" style=\"--aspect-ratio-image: 1.14; \"\/><\/p>\n<p>\n          VAR I SALEN: Egor Filipenko<br \/>\nhadde med seg sin nye kj\u00e6reste til<br \/>\n\u00abSkal vi danse\u00bb-sendingen. FOTO: Andreas Fadum\n      <\/p>\n<p>Flere ganger ble han grepet i \u00e5 gi sin kj\u00e6re et kyss!<\/p>\n<p>&#8211; Vi to koser oss veldig og har det helt topp sammen, sier Egor til Se og H\u00f8r.<\/p>\n<p>&#8211; Og n\u00e5 var det veldig lenge siden jeg har v\u00e6rt tilbake p\u00e5 \u00abSkal vi danse\u00bb. S\u00e5 det var b\u00e5de rart og veldig spennende \u00e5 sitte i salen \u2013 og ikke sitte ved dommerbordet eller st\u00e5 p\u00e5 parketten, fortsetter han.<\/p>\n<p>        Under premierefesten av \u00abSistemann ut\u00bb kunne Egor Filipenko r\u00f8pe et nytt prosjekt han skal jobbe med fremover. Reporter: Jenny Aas. Video: Nora Skavhaug<\/p>\n<p>Enn s\u00e5 lenge holder Egor navnet til sin utk\u00e5rede hemmelig. <\/p>\n<p>Den tidligere danseproffen jobber n\u00e5 som salgssjef i den eksklusive bilforretningen Bilia Insignia Land Rover og Jaguar.<\/p>\n<p>          <img loading=\"lazy\" decoding=\"async\" src=\"https:\/\/www.europesays.com\/no\/wp-content\/uploads\/2025\/11\/83813919.webp\" width=\"686\" height=\"927\" title=\"EKS-KONA: Egor og Benedichte ble forlovet i 2012, og gikk&#10;fra hverandre i 2022.\" alt=\"\" class=\"\" style=\"--aspect-ratio-image: 0.74; \"\/><\/p>\n<p>\n          EKS-KONA: Egor og Benedichte ble forlovet i 2012, og gikk<br \/>\nfra hverandre i 2022.\n      <\/p>\n<p class=\"font-weight-bold m-font-weight-bold\" data-lab-font_weight=\"font-weight-bold\">LES OGS\u00c5:\u00a0<a href=\"https:\/\/www.seher.no\/kongelig\/er-det-over-for-harry-og-meghan\/83811709\" rel=\"nofollow noopener\" target=\"_blank\">Er det over for Harry og Meghan?<\/a><\/p>\n","protected":false},"excerpt":{"rendered":"Romantikken blomstrer for den tidligere danse-dommeren Egor Filipenko la ikke b\u00e5nd p\u00e5 seg i \u00abSkal vi danse\u00bb-studioet. FOTO:&hellip;\n","protected":false},"author":2,"featured_media":82336,"comment_status":"","ping_status":"","sticky":false,"template":"","format":"standard","meta":{"footnotes":""},"categories":[58],"tags":[11114,9262,71,479,30,28,29,2280,208,72],"class_list":{"0":"post-82335","1":"post","2":"type-post","3":"status-publish","4":"format-standard","5":"has-post-thumbnail","7":"category-underholdning","8":"tag-benedichte-bjerke","9":"tag-egor-filipenko","10":"tag-entertainment","11":"tag-kjendis","12":"tag-no","13":"tag-norge","14":"tag-norway","15":"tag-skal-vi-danse","16":"tag-tv-2","17":"tag-underholdning"},"share_on_mastodon":{"url":"https:\/\/pubeurope.com\/@no\/115518697991822656","error":""},"_links":{"self":[{"href":"https:\/\/www.europesays.com\/no\/wp-json\/wp\/v2\/posts\/82335","targetHints":{"allow":["GET"]}}],"collection":[{"href":"https:\/\/www.europesays.com\/no\/wp-json\/wp\/v2\/posts"}],"about":[{"href":"https:\/\/www.europesays.com\/no\/wp-json\/wp\/v2\/types\/post"}],"author":[{"embeddable":true,"href":"https:\/\/www.europesays.com\/no\/wp-json\/wp\/v2\/users\/2"}],"replies":[{"embeddable":true,"href":"https:\/\/www.europesays.com\/no\/wp-json\/wp\/v2\/comments?post=82335"}],"version-history":[{"count":0,"href":"https:\/\/www.europesays.com\/no\/wp-json\/wp\/v2\/posts\/82335\/revisions"}],"wp:featuredmedia":[{"embeddable":true,"href":"https:\/\/www.europesays.com\/no\/wp-json\/wp\/v2\/media\/82336"}],"wp:attachment":[{"href":"https:\/\/www.europesays.com\/no\/wp-json\/wp\/v2\/media?parent=82335"}],"wp:term":[{"taxonomy":"category","embeddable":true,"href":"https:\/\/www.europesays.com\/no\/wp-json\/wp\/v2\/categories?post=82335"},{"taxonomy":"post_tag","embeddable":true,"href":"https:\/\/www.europesays.com\/no\/wp-json\/wp\/v2\/tags?post=82335"}],"curies":[{"name":"wp","href":"https:\/\/api.w.org\/{rel}","templated":true}]}}