{"id":82353,"date":"2025-11-09T08:58:09","date_gmt":"2025-11-09T08:58:09","guid":{"rendered":"https:\/\/www.europesays.com\/no\/82353\/"},"modified":"2025-11-09T08:58:09","modified_gmt":"2025-11-09T08:58:09","slug":"skulk-og-sykdom-er-ikke-det-samme","status":"publish","type":"post","link":"https:\/\/www.europesays.com\/no\/82353\/","title":{"rendered":"Skulk og sykdom er ikke det samme!"},"content":{"rendered":"<p>En regel som skulle hjelpe, men som i stedet har gjort hverdagen verre for oss elever.<\/p>\n<p>La meg v\u00e6re tydelig: Jeg er ikke imot frav\u00e6rsgrensa. Selvf\u00f8lgelig trenger vi en grense! Skolen skal l\u00e6re oss ansvar, oppm\u00f8te og struktur. Uten en frav\u00e6rsgrense ville mange latt v\u00e6re \u00e5 m\u00f8te opp i timen. Men grensa m\u00e5 v\u00e6re rettferdig. Den m\u00e5 skille mellom de som skulker, og de som faktisk er syke. Akkurat det klarte den gamle ordningen mye bedre.<\/p>\n<p>Tidligere kunne dokumentert sykdom holdes utenfor grensa. N\u00e5 teller sykefrav\u00e6r som skulk. Du f\u00e5r ikke godkjent sykdom f\u00f8r du har passert ti prosent i et fag. Du risikerer alts\u00e5 \u00e5 miste vurderingsgrunnlaget ditt i faget selv n\u00e5r frav\u00e6ret skyldes sykdom.<\/p>\n<p><a href=\"https:\/\/www.smp.no\/leserinnlegg\/ungestemmer\/i\/MnKvL5\/delta-i-sunnmoerspostens-unge-stemmer\" rel=\"nofollow noopener\" target=\"_blank\"> <img decoding=\"async\" src=\"data:image\/gif;base64,R0lGODlhEAAJAIAAAP\/\/\/wAAACH5BAEAAAAALAAAAAAQAAkAAAIKhI+py+0Po5yUFQA7\" alt=\"\"\/>   Delta i Sunnm\u00f8rspostens Unge stemmer  <\/a> <\/p>\n<p>Regjeringen sier de gjorde dette for \u00e5 lette presset p\u00e5 fastlegene, s\u00e5 de slipper \u00e5 bruke tid p\u00e5 elever som trenger legeerkl\u00e6ring. Greit nok. Det er sant at mange leger har det travelt og ikke tid til \u00e5 skrive legeerkl\u00e6ring hele dagen.<\/p>\n<p>Men l\u00f8sningen? Den straffer oss elevene! De som faktisk bryr seg. De som st\u00e5r opp, m\u00f8ter opp, og gj\u00f8r sitt beste, men som ogs\u00e5 kan bli syke, slik som alle andre.<\/p>\n<p>Og vet dere hva det f\u00f8rer til? At elever kommer p\u00e5 skolen med feber. At de sitter i klasserommet med vondt i halsen og null energi, bare fordi de ikke t\u00f8r \u00e5 bli hjemme.<\/p>\n<p>Og da b\u00e6rer de jo med seg smittefare. De risikerer \u00e5 smitte andre, som ogs\u00e5 kan bli syke, og dermed kanskje stryke de ogs\u00e5. Det er en ond sirkel.<\/p>\n<p>Den gamle frav\u00e6rsgrensa var ikke perfekt, den kunne v\u00e6rt bedre. For eksempel kunne den v\u00e6rt utvidet til 15 prosent i to- og tretimersfag s\u00e5 de ikke rammer s\u00e5 hardt.<\/p>\n<p>Men vet du hva? Det problemet finnes fortsatt, faktisk er disse fagene enda mer utsatt n\u00e5. Den nye grensa gj\u00f8r det bare verre. Og hvis m\u00e5let virkelig er \u00e5 spare fastlegene, s\u00e5 finnes det smartere l\u00f8sninger. La helsesykepleieren p\u00e5 skolen erstatte fastlegen n\u00e5r det gjelder \u00e5 skrive dokumentasjon om sykefrav\u00e6r ved kortvarig sykdom. Det hadde v\u00e6rt en enkel og rettferdig l\u00f8sning, uten \u00e5 straffe elever som uheldigvis har blitt syke.<\/p>\n<p>Skolen skal bygge p\u00e5 tillit, ikke mistillit. Den skal hjelpe oss \u00e5 l\u00e6re, ikke gj\u00f8re sykdom til et problem for karakterene v\u00e5re.<\/p>\n<p>Det er p\u00e5 tide \u00e5 endre reglene for frav\u00e6rsgrensa. Skulk og sykdom er ikke det samme!<\/p>\n<p>  Om Unge stemmer Vis mer \u2193 <\/p>\n<ul class=\"List\">\n<li>\n<p>For alle under 25 \u00e5r<\/p>\n<\/li>\n<li>\n<p>Fritt tema<\/p>\n<\/li>\n<li>\n<p>Bidraget sendes til <a href=\"https:\/\/www.smp.no\/leserinnlegg\/ungestemmer\/i\/mP7zrp\/mailto:ung@smp.no\" rel=\"noopener nofollow\" target=\"_blank\">ung@smp.no<\/a><\/p>\n<\/li>\n<li>\n<p>1500kr i pengepremie til m\u00e5nedens beste bidrag<\/p>\n<\/li>\n<li>\n<p>Juryen best\u00e5r av Ung-teamet og prosjektredakt\u00f8r Kristin Knudsen<\/p>\n<\/li>\n<li>\n<p>St\u00f8ttet av stiftelsen Fritt Ord og TEFT-midler fra Sparebanken M\u00f8re<\/p>\n<\/li>\n<li>\n<p>Les meir p\u00e5 <a href=\"http:\/\/smp.no\/ungestemmer\" rel=\"noopener nofollow\" target=\"_blank\">smp.no\/ungestemmer<\/a><\/p>\n<\/li>\n<\/ul>\n<p> <a href=\"https:\/\/www.smp.no\/nyheter\/i\/kw28BB\/lanserer-debattkonkurransen-unge-stemmer\" rel=\"nofollow noopener\" target=\"_blank\"> <img decoding=\"async\" src=\"data:image\/gif;base64,R0lGODlhEAAJAIAAAP\/\/\/wAAACH5BAEAAAAALAAAAAAQAAkAAAIKhI+py+0Po5yUFQA7\" alt=\"\"\/>   Lanserer debattkonkurransen \u00abUnge stemmer\u00bb  <\/a> <\/p>\n","protected":false},"excerpt":{"rendered":"En regel som skulle hjelpe, men som i stedet har gjort hverdagen verre for oss elever. La meg&hellip;\n","protected":false},"author":2,"featured_media":82354,"comment_status":"","ping_status":"","sticky":false,"template":"","format":"standard","meta":{"footnotes":""},"categories":[10],"tags":[20,21,1733,4298,24,25,6323,3689,15,22,23,157,13,30,28,29,14,16,9332,131,26,27,815,816],"class_list":{"0":"post-82353","1":"post","2":"type-post","3":"status-publish","4":"format-standard","5":"has-post-thumbnail","7":"category-norge","8":"tag-breaking-news","9":"tag-breakingnews","10":"tag-elev","11":"tag-fastlegene","12":"tag-featured-news","13":"tag-featurednews","14":"tag-fravaersgrense","15":"tag-fritt-ord","16":"tag-headlines","17":"tag-latest-news","18":"tag-latestnews","19":"tag-leserinnlegg","20":"tag-news","21":"tag-no","22":"tag-norge","23":"tag-norway","24":"tag-nyheter","25":"tag-overskrifter","26":"tag-skrivekonkurranse","27":"tag-sykefravaer","28":"tag-top-stories","29":"tag-topstories","30":"tag-ung","31":"tag-unge-stemmer"},"share_on_mastodon":{"url":"https:\/\/pubeurope.com\/@no\/115518918153133315","error":""},"_links":{"self":[{"href":"https:\/\/www.europesays.com\/no\/wp-json\/wp\/v2\/posts\/82353","targetHints":{"allow":["GET"]}}],"collection":[{"href":"https:\/\/www.europesays.com\/no\/wp-json\/wp\/v2\/posts"}],"about":[{"href":"https:\/\/www.europesays.com\/no\/wp-json\/wp\/v2\/types\/post"}],"author":[{"embeddable":true,"href":"https:\/\/www.europesays.com\/no\/wp-json\/wp\/v2\/users\/2"}],"replies":[{"embeddable":true,"href":"https:\/\/www.europesays.com\/no\/wp-json\/wp\/v2\/comments?post=82353"}],"version-history":[{"count":0,"href":"https:\/\/www.europesays.com\/no\/wp-json\/wp\/v2\/posts\/82353\/revisions"}],"wp:featuredmedia":[{"embeddable":true,"href":"https:\/\/www.europesays.com\/no\/wp-json\/wp\/v2\/media\/82354"}],"wp:attachment":[{"href":"https:\/\/www.europesays.com\/no\/wp-json\/wp\/v2\/media?parent=82353"}],"wp:term":[{"taxonomy":"category","embeddable":true,"href":"https:\/\/www.europesays.com\/no\/wp-json\/wp\/v2\/categories?post=82353"},{"taxonomy":"post_tag","embeddable":true,"href":"https:\/\/www.europesays.com\/no\/wp-json\/wp\/v2\/tags?post=82353"}],"curies":[{"name":"wp","href":"https:\/\/api.w.org\/{rel}","templated":true}]}}