{"id":82355,"date":"2025-11-09T08:59:42","date_gmt":"2025-11-09T08:59:42","guid":{"rendered":"https:\/\/www.europesays.com\/no\/82355\/"},"modified":"2025-11-09T08:59:42","modified_gmt":"2025-11-09T08:59:42","slug":"kommentar-mjondalen-nedrykk-byggverket-lagt-i-grus","status":"publish","type":"post","link":"https:\/\/www.europesays.com\/no\/82355\/","title":{"rendered":"Kommentar, Mj\u00f8ndalen | Nedrykk: Byggverket lagt i grus"},"content":{"rendered":"\n<p><b>Byggverket<\/b> til Vegard Hansen og Kenneth Karlsen er lagt i grus. For f\u00f8rste gang siden 2008 skal Mj\u00f8ndalen spille p\u00e5 niv\u00e5 tre. Det er slutten p\u00e5 et fotballeventyr som ble et av de store comebackene i norsk toppfotball i forrige ti\u00e5r.<\/p>\n<p><b>At MIF skulle<\/b> rykke ned i 2. divisjon i h\u00f8st var ventet. Noe annet ville v\u00e6rt en stor sensasjon, selv om alt er mulig i fotball. Rekordunderskuddet p\u00e5 ti millioner kroner i MIF Fotball i 2024 ga Kevin Nicol og trenerteamet sv\u00e6rt vanskelige forutsetninger. Det ble gjennomf\u00f8rt betydelige \u00f8konomiske kutt foran 2025-sesongen. Blant annet ble det innf\u00f8rt semiproff-kontrakter og treninger p\u00e5 ettermiddagen for at spillerne skulle ha mulighet til \u00e5 jobbe eller studere ved siden av. N\u00e6rmest hele spillerstallen ble skiftet ut, og hovedsakelig ble unge og uerfarne spillere fra 2. og 3. divisjon hentet inn.<\/p>\n<p><b>MIF ble tippet<\/b> sist av de fleste fotballekspertene f\u00f8r sesongstart, men de brune har prestert bedre enn forventet. Jeg hadde ikke trodd at det ferske laget skulle v\u00e6re med \u00e5 kjempe om plassen til 30. og siste runde. Det er imponerende i mine \u00f8yne. Nicol har klart \u00e5 bygge opp et nytt lag som tidvis har holdt 1. divisjonsniv\u00e5. MIF har et lovende mannskap, med mange spennende unge spillere.<\/p>\n<p><b>Et sluttspurt i typisk MIF-\u00e5nd<\/b> holdt nesten til \u00e5 kapre kvalikplassen p\u00e5 n\u00e6rmest mirakul\u00f8st vis. Det er beundringsverdig hvordan unggutta ble fanget av klubbens overlevelsesgen, og n\u00e6rmest sto opp fra de d\u00f8de i sluttrundene. Men \u2013 det har ikke v\u00e6rt nok kvalitet i det lange l\u00f8p, og nedrykket er et faktum. Det ble for ustabilt med for mange innslupne m\u00e5l.<\/p>\n<p><b>Problemet til Mj\u00f8ndalen<\/b> er ikke det som har skjedd sportslig i 2025-sesongen, men utviklingen i klubbdriften de siste fem \u00e5rene.<\/p>\n<p><b>MIFs st\u00f8rste vekstperiode <\/b>etter tusen\u00e5rsskiftet var fra 2012\u20132020. Da ble det bygget ny stadion (2012), og det ble to opprykk til Eliteserien (2014 og 2018). Laget reddet dessuten plassen i eliten b\u00e5de i 2019 og 2020.<\/p>\n<p><b>I denne perioden <\/b>preget stor kontinuitet MIF Fotball. Vegard Hansen var hovedtrener, Kenneth Karlsen styrte skuta som daglig leder og sportssjef, mens Trond Tostrup var styreleder. Etter rapportene var det bra kontroll p\u00e5 \u00f8konomien.<\/p>\n<p><b>LES OGS\u00c5: <\/b><a class=\"simple-relation related-teaser article--c-eRUmMG article--c-eRUmMG-jKCPdD-design-default article--c-eRUmMG-iBPVJb-cv\" href=\"https:\/\/www.dt.no\/grat-etter-nedrykk-det-verste-jeg-har-opplevd\/s\/5-57-2730479\" rel=\"nofollow noopener\" target=\"_blank\">Gr\u00e5t etter nedrykk: \u2013 Det verste jeg har opplevd<\/a><\/p>\n<p><b>Nedturen startet etter<\/b> min mening da Kenneth Karlsen sluttet i MIF i begynnelsen p\u00e5 2020. Klubben har aldri klart \u00e5 finne en erstatter etter han som har fungert over tid. I august 2022 fikk Vegard Hansen sparken som trener etter en lang rekke svake resultater i 1. divisjon. Det skjedde i kj\u00f8lvannet av nedrykket fra Eliteserien \u00e5ret f\u00f8r.<\/p>\n<p><b>Det kunne ha<\/b> fungert ogs\u00e5 uten Karlsen ved roret, men det ble aldri noen stabilitet og kontinuitet i ledelsen i MIF Fotball etter hans avgang. I stedet ble det etter hvert fullstendig kaos, som nok har bidratt sterkt til \u00f8konomisk krise og sportslig nedtur de siste \u00e5rene. Etter Karlsen-exiten har det utrolig nok v\u00e6rt hele sju forskjellige daglige ledere i MIF Fotball p\u00e5 fem \u00e5r. Dette har resultert i ustabilitet, og sportssjefrollen har vekslet mellom \u00e5 ligge under daglig leder eller \u00e5 v\u00e6re en selvstendig stilling.<\/p>\n<p><b>Trond Tostrup sluttet som <\/b>styreleder i 2020. Etter han har det v\u00e6rt fire forskjellige styreledere. Heller ikke det er ideelt, selvsagt. Hyppige utskiftninger i ledelsen har f\u00f8rt til manglende retning og stabilitet.<\/p>\n<p><b>Nedturen er ikke<\/b> feil av \u00e9n enkeltperson, men resultatet av en rekke samvirkende faktorer.<\/p>\n<p><b>N\u00e5v\u00e6rende trener Kevin Nicol<\/b> overtok etter Vegard Hansen som hovedtrener h\u00f8sten 2022, og har ledet laget siden. Det var skuffende at Mj\u00f8ndalen var i nedrykksstrid ogs\u00e5 i 2023 og 2024, men den skotske treneren har hatt vanskelige arbeidsforhold med gradvis mindre penger \u00e5 satse med, hyppige sjefsskifter og sykmeldinger i ledelsen over ham.<\/p>\n<p><b>S\u00e5 sp\u00f8rs det <\/b>hva som skjer n\u00e5. Med spill i 2. divisjon i 2026.<\/p>\n<p><a rel=\"Follow nofollow noopener\" href=\"https:\/\/www.dt.no\/mif\" target=\"_blank\"><b>Les mer om MIF her<\/b><\/a><\/p>\n<p><b>Jeg tror det<\/b> blir helt avgj\u00f8rende \u00e5 lande den investoravtalen klubben og daglig leder Ronny Johnsen har snakket om. Det vil styrke MIF nok til \u00e5 kunne bygge seg opp til \u00e5 klare opprykk igjen. Uten en slik avtale, i den \u00f8konomiske situasjonen klubben er i, ser det m\u00f8rkt ut. MIF mister blant annet inntekter fra en medieavtale p\u00e5 seks til sju millioner kroner.<\/p>\n<p><b>1. juli 2025 hadde<\/b> Mj\u00f8ndalen Idrettsforening et ekstraordin\u00e6rt \u00e5rsm\u00f8te. Da ble det vedtatt at toppfotballen skulle skilles ut fra resten av klubben fra 1. januar 2026. Mj\u00f8ndalen Toppfotball ble etablert, og inkluderte A-laget, akademiet og MIF 2. Hvordan skal dette g\u00e5 som 2. divisjonsklubb?<\/p>\n<p><b>Igjen: En investor-avtale blir helt avgj\u00f8rende.<\/b><\/p>\n","protected":false},"excerpt":{"rendered":"Byggverket til Vegard Hansen og Kenneth Karlsen er lagt i grus. For f\u00f8rste gang siden 2008 skal Mj\u00f8ndalen&hellip;\n","protected":false},"author":2,"featured_media":82356,"comment_status":"","ping_status":"","sticky":false,"template":"","format":"standard","meta":{"footnotes":""},"categories":[5],"tags":[36,20,21,454,24,25,92,15,19,11117,266,22,23,17,18,156,3391,2946,13,30,28,29,14,337,1533,16,26,27],"class_list":{"0":"post-82355","1":"post","2":"type-post","3":"status-publish","4":"format-standard","5":"has-post-thumbnail","7":"category-overskrifter","8":"tag-art","9":"tag-breaking-news","10":"tag-breakingnews","11":"tag-eiker","12":"tag-featured-news","13":"tag-featurednews","14":"tag-fotball","15":"tag-headlines","16":"tag-hovedoppslag","17":"tag-jostein-nilsen","18":"tag-kommentar","19":"tag-latest-news","20":"tag-latestnews","21":"tag-main-news","22":"tag-mainnews","23":"tag-meninger","24":"tag-mif","25":"tag-mjondalen","26":"tag-news","27":"tag-no","28":"tag-norge","29":"tag-norway","30":"tag-nyheter","31":"tag-obos-ligaen","32":"tag-opinion","33":"tag-overskrifter","34":"tag-top-stories","35":"tag-topstories"},"share_on_mastodon":{"url":"https:\/\/pubeurope.com\/@no\/115518921879053165","error":""},"_links":{"self":[{"href":"https:\/\/www.europesays.com\/no\/wp-json\/wp\/v2\/posts\/82355","targetHints":{"allow":["GET"]}}],"collection":[{"href":"https:\/\/www.europesays.com\/no\/wp-json\/wp\/v2\/posts"}],"about":[{"href":"https:\/\/www.europesays.com\/no\/wp-json\/wp\/v2\/types\/post"}],"author":[{"embeddable":true,"href":"https:\/\/www.europesays.com\/no\/wp-json\/wp\/v2\/users\/2"}],"replies":[{"embeddable":true,"href":"https:\/\/www.europesays.com\/no\/wp-json\/wp\/v2\/comments?post=82355"}],"version-history":[{"count":0,"href":"https:\/\/www.europesays.com\/no\/wp-json\/wp\/v2\/posts\/82355\/revisions"}],"wp:featuredmedia":[{"embeddable":true,"href":"https:\/\/www.europesays.com\/no\/wp-json\/wp\/v2\/media\/82356"}],"wp:attachment":[{"href":"https:\/\/www.europesays.com\/no\/wp-json\/wp\/v2\/media?parent=82355"}],"wp:term":[{"taxonomy":"category","embeddable":true,"href":"https:\/\/www.europesays.com\/no\/wp-json\/wp\/v2\/categories?post=82355"},{"taxonomy":"post_tag","embeddable":true,"href":"https:\/\/www.europesays.com\/no\/wp-json\/wp\/v2\/tags?post=82355"}],"curies":[{"name":"wp","href":"https:\/\/api.w.org\/{rel}","templated":true}]}}