{"id":82381,"date":"2025-11-09T09:46:14","date_gmt":"2025-11-09T09:46:14","guid":{"rendered":"https:\/\/www.europesays.com\/no\/82381\/"},"modified":"2025-11-09T09:46:14","modified_gmt":"2025-11-09T09:46:14","slug":"vi-er-klare","status":"publish","type":"post","link":"https:\/\/www.europesays.com\/no\/82381\/","title":{"rendered":"&#8211; Vi er klare"},"content":{"rendered":"<p class=\"kicker \" style=\"\">Krigen i Ukraina:<\/p>\n<p>  Russlands utenriksminister Sergej Lavrov sier at de er klare for \u00e5 m\u00f8te Marco Rubio, den amerikanske utenriksministeren.<\/p>\n<p>\n    VIL M\u00d8TE HAM IGJEN: I et intervju med Kreml-kontrollerte Ria Novosti uttaler utenriksminister Sergej Lavrov at han er klar til \u00e5 m\u00f8te sin amerikanske motpart Marco Rubio igjen. Her er de to avbildet sammen i Riyadh i Saudi-Arabia i februar. Foto: AFP\n  <\/p>\n<p>I et intervju med det statskontrollerte russiske nyhetsbyr\u00e5et Ria Novosti hevder Lavrov at USA og Russland fremdeles har dialog, men at det ikke g\u00e5r s\u00e5 raskt som \u00f8nsket.<\/p>\n<p>&#8211; Det er mange irritasjoner i forholdet mellom Russland og USA, som vi arvet fra den forrige administrasjonen, sier Lavrov til Ria.<\/p>\n<p>Uttalelsen er et tydelig stikk til USAs forrige president Joe Biden.<\/p>\n<p>&#8211; Det vil ta lang tid \u00e5 rydde opp i rotet. Med den nye administrasjonen merker vi en villighet til \u00e5 rydde opp i rotet, men ikke s\u00e5 raskt som vi skulle \u00f8nske, sier han videre.<\/p>\n<p>    <a itemprop=\"url\" href=\"https:\/\/www.dagbladet.no\/nyheter\/samtalene-avslort-trekkes-fram\/83823265\" rel=\"nofollow noopener\" target=\"_blank\"><\/p>\n<p>      <img loading=\"lazy\" decoding=\"async\" src=\"https:\/\/www.europesays.com\/no\/wp-content\/uploads\/2025\/11\/1762681573_397_83823321.webp\" width=\"980\" height=\"441\" title=\"Samtalene avsl\u00f8rt: Trekkes fram\" alt=\"\" class=\"lazyload\" style=\"--aspect-ratio-image: 2.22; \"\/><\/p>\n<p>        Samtalene avsl\u00f8rt: Trekkes fram<\/p>\n<p>    <\/a><\/p>\n<p>Verkebyll\t<\/p>\n<p>Fredsinnsatsen i Ukraina har blitt en verkebyll for Donald Trump, som f\u00f8r valget i fjor lovet at han ville f\u00e5 slutt p\u00e5 krigen 24 timer etter at han tiltr\u00e5dte i sin andre periode.<\/p>\n<p>Russland har ved gjentatte anledninger uttrykt st\u00f8tte til Trumps fredsarbeid, men har ikke p\u00e5 noe tidspunkt firt p\u00e5 kravene sine for en fredsavtale i Ukraina.<\/p>\n<p>Disse inneb\u00e6rer frys fra ukrainsk Nato-medlemskap og avv\u00e6pning av Ukraina. Spesielt sistnevnte inneb\u00e6rer i b\u00e5de ukrainernes og eksperters \u00f8yne i virkeligheten en fullstendig kapitulasjon for Ukraina.<\/p>\n<p>        PROVOKASJON: Dagbladets artikkelserie om russiske Andrej Bryksenkov skal angivelig \u00abfilmatiseres\u00bb i Russland. Video: Media Creative Group \/ Reporter: Dagbladet TV \/ Danny Son To<\/p>\n<p>Nekter sikkerhetsgarantier\t<\/p>\n<p>Russland har ogs\u00e5 kategorisk nektet vestlige land \u00e5 stille sikkerhetsgarantier i form av egne soldater i Ukraina ved en eventuell avtale.<\/p>\n<p>Overfor Ria uttrykker Lavrov at han er klar for \u00e5 sette seg ned med USAs utenriksminister Marco Rubio igjen.<\/p>\n<p>&#8211; Utenriksminister Rubio og jeg forst\u00e5r behovet for jevnlig kommunikasjon. Det er viktig \u00e5 diskutere det ukrainske problemet og f\u00e5 framgang i agendaen, sier Lavrov til RIA.<\/p>\n<p>USAs president Donald Trump avlyste 22. oktober et planlagt toppm\u00f8te med Vladimir Putin i Budapest i Ungarn.<\/p>\n<p>To dager f\u00f8r snakket Rubio og Lavrov sammen p\u00e5 telefon.<\/p>\n<p>    <a itemprop=\"url\" href=\"https:\/\/www.dagbladet.no\/nyheter\/frykter-evighetskrig-i-ukraina\/83819597\" rel=\"nofollow noopener\" target=\"_blank\"><\/p>\n<p>      <img loading=\"lazy\" decoding=\"async\" src=\"https:\/\/www.europesays.com\/no\/wp-content\/uploads\/2025\/11\/1762681574_524_83820340.webp\" width=\"980\" height=\"441\" title=\"Frykter \u00abevighetskrig\u00bb i Ukraina\" alt=\"\" class=\"lazyload\" style=\"--aspect-ratio-image: 2.22; \"\/><\/p>\n<p>        Frykter \u00abevighetskrig\u00bb i Ukraina<\/p>\n<p>    <\/a><\/p>\n","protected":false},"excerpt":{"rendered":"Krigen i Ukraina: Russlands utenriksminister Sergej Lavrov sier at de er klare for \u00e5 m\u00f8te Marco Rubio, den&hellip;\n","protected":false},"author":2,"featured_media":82382,"comment_status":"","ping_status":"","sticky":false,"template":"","format":"standard","meta":{"footnotes":""},"categories":[12],"tags":[20,21,24,25,15,22,23,13,30,28,29,14,16,26,27,412,42,43,44,45],"class_list":{"0":"post-82381","1":"post","2":"type-post","3":"status-publish","4":"format-standard","5":"has-post-thumbnail","7":"category-verden","8":"tag-breaking-news","9":"tag-breakingnews","10":"tag-featured-news","11":"tag-featurednews","12":"tag-headlines","13":"tag-latest-news","14":"tag-latestnews","15":"tag-news","16":"tag-no","17":"tag-norge","18":"tag-norway","19":"tag-nyheter","20":"tag-overskrifter","21":"tag-top-stories","22":"tag-topstories","23":"tag-utenriks","24":"tag-verden","25":"tag-world","26":"tag-world-news","27":"tag-worldnews"},"share_on_mastodon":{"url":"https:\/\/pubeurope.com\/@no\/115519107066944642","error":""},"_links":{"self":[{"href":"https:\/\/www.europesays.com\/no\/wp-json\/wp\/v2\/posts\/82381","targetHints":{"allow":["GET"]}}],"collection":[{"href":"https:\/\/www.europesays.com\/no\/wp-json\/wp\/v2\/posts"}],"about":[{"href":"https:\/\/www.europesays.com\/no\/wp-json\/wp\/v2\/types\/post"}],"author":[{"embeddable":true,"href":"https:\/\/www.europesays.com\/no\/wp-json\/wp\/v2\/users\/2"}],"replies":[{"embeddable":true,"href":"https:\/\/www.europesays.com\/no\/wp-json\/wp\/v2\/comments?post=82381"}],"version-history":[{"count":0,"href":"https:\/\/www.europesays.com\/no\/wp-json\/wp\/v2\/posts\/82381\/revisions"}],"wp:featuredmedia":[{"embeddable":true,"href":"https:\/\/www.europesays.com\/no\/wp-json\/wp\/v2\/media\/82382"}],"wp:attachment":[{"href":"https:\/\/www.europesays.com\/no\/wp-json\/wp\/v2\/media?parent=82381"}],"wp:term":[{"taxonomy":"category","embeddable":true,"href":"https:\/\/www.europesays.com\/no\/wp-json\/wp\/v2\/categories?post=82381"},{"taxonomy":"post_tag","embeddable":true,"href":"https:\/\/www.europesays.com\/no\/wp-json\/wp\/v2\/tags?post=82381"}],"curies":[{"name":"wp","href":"https:\/\/api.w.org\/{rel}","templated":true}]}}