{"id":82412,"date":"2025-11-09T10:26:06","date_gmt":"2025-11-09T10:26:06","guid":{"rendered":"https:\/\/www.europesays.com\/no\/82412\/"},"modified":"2025-11-09T10:26:06","modified_gmt":"2025-11-09T10:26:06","slug":"bat-med-90-migranter-sank-utenfor-malaysia-seks-reddet","status":"publish","type":"post","link":"https:\/\/www.europesays.com\/no\/82412\/","title":{"rendered":"B\u00e5t med 90 migranter sank utenfor Malaysia \u2013 seks reddet"},"content":{"rendered":"\n<p class=\"_lead_o9xde_2 _lead_xtcu6_50 layout-component text-serif-m layout-normal text-serif-l layout-component layout-wide layout-padded _wide_17hqh_1 layout-padded\">Mange er savnet etter at en migrantb\u00e5t med 90 mennesker om bord sank, opplyser politiet i Malaysia. Forel\u00f8pig er seks personer reddet.<\/p>\n<ul aria-hidden=\"true\" class=\"_images_18f0k_111\">\n<li><a class=\"_link_18f0k_116\" href=\"https:\/\/www.vg.no\/forfatter\/ntb\" style=\"z-index:1\" title=\"NTB\" rel=\"nofollow noopener\" target=\"_blank\"><img alt=\"Bilde av NTB\" class=\"_image_18f0k_93\" fetchpriority=\"low\" loading=\"lazy\" decoding=\"async\" itemprop=\"image\"  src=\"https:\/\/www.europesays.com\/no\/wp-content\/uploads\/2025\/11\/1762683966_100_c33980b0-5d07-4027-84a1-813f90a7c8d6\"  width=\"480\"\/><\/a><\/li>\n<\/ul>\n<p> Oppdatert s\u00f8ndag 9. november kl. 06:47     <\/p>\n<p class=\"_paragraph_o9xde_4 _paragraph_xtcu6_10 layout-component text-serif-m layout-normal text-serif-m layout-padded\">Forliset skjedde i nordvest i <a href=\"https:\/\/www.vg.no\/tag\/malaysia?utm_source=vg-article&amp;utm_medium=auto-tagger&amp;utm_campaign=4BnVoo\" class=\"_link_o9xde_39\" rel=\"nofollow noopener\" target=\"_blank\">Malaysia<\/a>, n\u00e6r grensen mot Thailand og Malaysia. Politisjefen i delstaten Kedah sier if\u00f8lge nettavisen <a href=\"https:\/\/www.freemalaysiatoday.com\/category\/nation\/2025\/11\/09\/boat-carrying-90-migrants-sinks-6-rescued\" class=\"_link_o9xde_39\" rel=\"nofollow noopener\" target=\"_blank\">Free Malaysia Today<\/a> at migrantene trolig tilh\u00f8rte en st\u00f8rre gruppe p\u00e5 rundt 300 personer.<\/p>\n<p class=\"_paragraph_o9xde_4 _paragraph_xtcu6_10 layout-component text-serif-m layout-normal text-serif-m layout-padded\">Da de n\u00e6rmet seg malaysisk farvann, skal de som organiserte sj\u00f8reisen, ha fordelt migrantene p\u00e5 tre mindre b\u00e5ter med rundt 90 personer i hver. <\/p>\n<p class=\"_paragraph_o9xde_4 _paragraph_xtcu6_10 layout-component text-serif-m layout-normal text-serif-m layout-padded\">De andre b\u00e5tene er forel\u00f8pig ikke funnet, men politimester Adzli Abu Shah sier det p\u00e5g\u00e5r en s\u00f8k- og redningsaksjon for \u00e5 finne eventuelle overlevende og resten av ofrene for forliset samt de to savnede b\u00e5tene.<\/p>\n<p class=\"_paragraph_o9xde_4 _paragraph_xtcu6_10 layout-component text-serif-m layout-normal text-serif-m layout-padded\">Han forteller at det b\u00e5de er bangladeshiske borgere og rohingyaer fra Myanmar blant de seks som er reddet.<\/p>\n<p class=\"_paragraph_o9xde_4 _paragraph_xtcu6_10 layout-component text-serif-m layout-normal text-serif-m layout-padded\">\u2013 Liket av en rohingya-kvinne ble funnet i sj\u00f8en, legger han til.<\/p>\n","protected":false},"excerpt":{"rendered":"Mange er savnet etter at en migrantb\u00e5t med 90 mennesker om bord sank, opplyser politiet i Malaysia. Forel\u00f8pig&hellip;\n","protected":false},"author":2,"featured_media":82413,"comment_status":"","ping_status":"","sticky":false,"template":"","format":"standard","meta":{"footnotes":""},"categories":[12],"tags":[20,21,24,25,578,15,22,23,9865,98,13,30,28,29,14,16,26,27,42,43,44,45],"class_list":{"0":"post-82412","1":"post","2":"type-post","3":"status-publish","4":"format-standard","5":"has-post-thumbnail","7":"category-verden","8":"tag-breaking-news","9":"tag-breakingnews","10":"tag-featured-news","11":"tag-featurednews","12":"tag-forlis","13":"tag-headlines","14":"tag-latest-news","15":"tag-latestnews","16":"tag-malaysia","17":"tag-migranter","18":"tag-news","19":"tag-no","20":"tag-norge","21":"tag-norway","22":"tag-nyheter","23":"tag-overskrifter","24":"tag-top-stories","25":"tag-topstories","26":"tag-verden","27":"tag-world","28":"tag-world-news","29":"tag-worldnews"},"share_on_mastodon":{"url":"https:\/\/pubeurope.com\/@no\/115519264311462944","error":""},"_links":{"self":[{"href":"https:\/\/www.europesays.com\/no\/wp-json\/wp\/v2\/posts\/82412","targetHints":{"allow":["GET"]}}],"collection":[{"href":"https:\/\/www.europesays.com\/no\/wp-json\/wp\/v2\/posts"}],"about":[{"href":"https:\/\/www.europesays.com\/no\/wp-json\/wp\/v2\/types\/post"}],"author":[{"embeddable":true,"href":"https:\/\/www.europesays.com\/no\/wp-json\/wp\/v2\/users\/2"}],"replies":[{"embeddable":true,"href":"https:\/\/www.europesays.com\/no\/wp-json\/wp\/v2\/comments?post=82412"}],"version-history":[{"count":0,"href":"https:\/\/www.europesays.com\/no\/wp-json\/wp\/v2\/posts\/82412\/revisions"}],"wp:featuredmedia":[{"embeddable":true,"href":"https:\/\/www.europesays.com\/no\/wp-json\/wp\/v2\/media\/82413"}],"wp:attachment":[{"href":"https:\/\/www.europesays.com\/no\/wp-json\/wp\/v2\/media?parent=82412"}],"wp:term":[{"taxonomy":"category","embeddable":true,"href":"https:\/\/www.europesays.com\/no\/wp-json\/wp\/v2\/categories?post=82412"},{"taxonomy":"post_tag","embeddable":true,"href":"https:\/\/www.europesays.com\/no\/wp-json\/wp\/v2\/tags?post=82412"}],"curies":[{"name":"wp","href":"https:\/\/api.w.org\/{rel}","templated":true}]}}