{"id":82416,"date":"2025-11-09T10:28:10","date_gmt":"2025-11-09T10:28:10","guid":{"rendered":"https:\/\/www.europesays.com\/no\/82416\/"},"modified":"2025-11-09T10:28:10","modified_gmt":"2025-11-09T10:28:10","slug":"bolig-budrunde-ellevill-budrunde-bolig-i-kongsberg-fikk-46-prosent-over-prisantydning","status":"publish","type":"post","link":"https:\/\/www.europesays.com\/no\/82416\/","title":{"rendered":"Bolig, Budrunde | Ellevill budrunde: Bolig i Kongsberg fikk 46 prosent over prisantydning"},"content":{"rendered":"\n<p>En bolig i Kongsberg, beskrevet som et ordentlig oppussingsobjekt, skapte en ellevill budkrig. Den ble til slutt solgt 46 prosent over prisantydning, nest mest i hele Norge i forrige uke.<\/p>\n<p>If\u00f8lge megler Lars Bredeveien var det totalt seks budgivere involvert.<\/p>\n<p>\u2013 Prisantydningen l\u00e5 rundt 2 millioner. Det var tydelig at det var mange kj\u00f8pere med, sier Bredeveien til Nettavisen.<\/p>\n<p>Interessen kom fra et bredt spekter, inkludert alt fra hobbysnekkere til f\u00f8rstegangskj\u00f8pere. Til slutt var det to budgivere som kjempet om eiendommen til siste slutt.<\/p>\n<p>   <img decoding=\"async\" width=\"1067\" height=\"1600\" fetchpriority=\"low\"  loading=\"lazy\"  src=\"https:\/\/www.europesays.com\/no\/wp-content\/uploads\/2025\/11\/eiendom+4.jpeg\" alt=\"bilde av toalett uten lokk\" class=\"brick-c-cFOWSL\" style=\"--brick-image-ratio: 1067 \/ 1600;\"\/><\/p>\n<p>      OPPUSSING: Boligen trenger mye oppussing, som her p\u00e5 badet.<br \/>\n      Foto: Arild Brun Kjeldaas\n    <\/p>\n<p>\u2013 Fra 2 og et halvt millioner og oppover var det to budgivere som knivet om boligen, forklarer Bredeveien.<\/p>\n<p>Resultatet endte alts\u00e5 opp neste en million over prisantydning.<\/p>\n<p><b>Les ogs\u00e5: <a class=\"simple-relation related-teaser article--c-eRUmMG article--c-eRUmMG-fZoQSp-design-nettavisen article--c-eRUmMG-gwthdJ-cv\" href=\"https:\/\/www.nettavisen.no\/feilinformerte-i-annonsen-halverte-prisen\/s\/5-95-2713220\" rel=\"nofollow noopener\" target=\"_blank\">Feilinformerte i annonsen: Halverte prisen<\/a><\/b><\/p>\n<p>Mye \u00e5 gj\u00f8re<\/p>\n<p>Boligen trengte betydelig arbeid og er et tydelig oppussingsobjekt, men potensialet er stort. Eiendommen har en stor hage, en fin tomt p\u00e5 rundt ett m\u00e5l, og gode solforhold. I tillegg har den en sv\u00e6rt sentral beliggenhet, kun 50 meter fra Kiwi, og kort vei til skole.<\/p>\n<p>If\u00f8lge Bredeveien var det nettopp kj\u00f8pere som s\u00e5 mulighetene som kastet seg inn i budkrigen.<\/p>\n<p>   <img decoding=\"async\" width=\"1600\" height=\"1067\" fetchpriority=\"low\"  loading=\"lazy\"  src=\"https:\/\/www.europesays.com\/no\/wp-content\/uploads\/2025\/11\/eiendom+2.jpeg\" alt=\"bilde av kj\u00f8kken\" class=\"brick-c-cFOWSL\" style=\"--brick-image-ratio: 1600 \/ 1067;\"\/><\/p>\n<p>      H\u00c5NDVERKERE: Kj\u00f8peren er h\u00e5ndverker og har endel jobb foran seg.<br \/>\n      Foto: Arild Brun Kjeldaas\n    <\/p>\n<p>\u2013 De to siste budgiverne var h\u00e5ndverkere selv, og s\u00e5 muligheten til \u00e5 gj\u00f8re mye p\u00e5 egen h\u00e5nd, sier han.<\/p>\n<p>Han p\u00e5peker at dette var avgj\u00f8rende for prisen, da boligen ville blitt u\u00f8konomisk og veldig dyrt dersom man m\u00e5tte leie inn h\u00e5ndverkere for \u00e5 gj\u00f8re jobben.<\/p>\n<p><b>Les ogs\u00e5: <a class=\"simple-relation related-teaser article--c-eRUmMG article--c-eRUmMG-fZoQSp-design-nettavisen article--c-eRUmMG-gwthdJ-cv\" href=\"https:\/\/www.nettavisen.no\/bolig-solgt-over-to-millioner-over-prisantydning\/s\/5-95-2696905\" rel=\"nofollow noopener\" target=\"_blank\">Bolig solgt over to millioner over prisantydning<\/a><\/b><\/p>\n<p>Drevet av Teknologiparken<\/p>\n<p>Han beskriver Kongsberg-markedet som \u00ablitt annerledes\u00bb enn mange andre steder p\u00e5 \u00d8stlandet, hovedsakelig fordi det drives s\u00e5 sterkt av Teknologiparken.<\/p>\n<p>   <img decoding=\"async\" width=\"1600\" height=\"1200\" fetchpriority=\"low\"  loading=\"lazy\"  src=\"https:\/\/www.europesays.com\/no\/wp-content\/uploads\/2025\/11\/eiendom+3.jpeg\" alt=\"oversiktskart i naboomr\u00e5det\" class=\"brick-c-cFOWSL\" style=\"--brick-image-ratio: 1600 \/ 1200;\"\/><\/p>\n<p>      SENTRALT: Boligen ligger p\u00e5 Rudsmoen i Kongsberg, og den lokale Kiwi-butikken er n\u00e6rmest nabo.<br \/>\n      Foto: Arild Brun Kjeldaas\n    <\/p>\n<p>\u2013 Der ansettes det jo i hopetall. Og de har planer om stor vekst, sier Bredeveien.<\/p>\n<p>Han nevner spesifikt planene om et nytt bygg som skal huse rundt 2500 ansatte. \u2013 Og det p\u00e5virker boligmarkedet i forhold til folk som vurderer \u00e5 flytte hit, avslutter han.<\/p>\n","protected":false},"excerpt":{"rendered":"En bolig i Kongsberg, beskrevet som et ordentlig oppussingsobjekt, skapte en ellevill budkrig. Den ble til slutt solgt&hellip;\n","protected":false},"author":2,"featured_media":82417,"comment_status":"","ping_status":"","sticky":false,"template":"","format":"standard","meta":{"footnotes":""},"categories":[5],"tags":[20,21,24,25,15,19,22,23,17,18,13,30,28,29,14,16,26,27],"class_list":{"0":"post-82416","1":"post","2":"type-post","3":"status-publish","4":"format-standard","5":"has-post-thumbnail","7":"category-overskrifter","8":"tag-breaking-news","9":"tag-breakingnews","10":"tag-featured-news","11":"tag-featurednews","12":"tag-headlines","13":"tag-hovedoppslag","14":"tag-latest-news","15":"tag-latestnews","16":"tag-main-news","17":"tag-mainnews","18":"tag-news","19":"tag-no","20":"tag-norge","21":"tag-norway","22":"tag-nyheter","23":"tag-overskrifter","24":"tag-top-stories","25":"tag-topstories"},"share_on_mastodon":{"url":"https:\/\/pubeurope.com\/@no\/115519272152055091","error":""},"_links":{"self":[{"href":"https:\/\/www.europesays.com\/no\/wp-json\/wp\/v2\/posts\/82416","targetHints":{"allow":["GET"]}}],"collection":[{"href":"https:\/\/www.europesays.com\/no\/wp-json\/wp\/v2\/posts"}],"about":[{"href":"https:\/\/www.europesays.com\/no\/wp-json\/wp\/v2\/types\/post"}],"author":[{"embeddable":true,"href":"https:\/\/www.europesays.com\/no\/wp-json\/wp\/v2\/users\/2"}],"replies":[{"embeddable":true,"href":"https:\/\/www.europesays.com\/no\/wp-json\/wp\/v2\/comments?post=82416"}],"version-history":[{"count":0,"href":"https:\/\/www.europesays.com\/no\/wp-json\/wp\/v2\/posts\/82416\/revisions"}],"wp:featuredmedia":[{"embeddable":true,"href":"https:\/\/www.europesays.com\/no\/wp-json\/wp\/v2\/media\/82417"}],"wp:attachment":[{"href":"https:\/\/www.europesays.com\/no\/wp-json\/wp\/v2\/media?parent=82416"}],"wp:term":[{"taxonomy":"category","embeddable":true,"href":"https:\/\/www.europesays.com\/no\/wp-json\/wp\/v2\/categories?post=82416"},{"taxonomy":"post_tag","embeddable":true,"href":"https:\/\/www.europesays.com\/no\/wp-json\/wp\/v2\/tags?post=82416"}],"curies":[{"name":"wp","href":"https:\/\/api.w.org\/{rel}","templated":true}]}}