{"id":82418,"date":"2025-11-09T10:32:48","date_gmt":"2025-11-09T10:32:48","guid":{"rendered":"https:\/\/www.europesays.com\/no\/82418\/"},"modified":"2025-11-09T10:32:48","modified_gmt":"2025-11-09T10:32:48","slug":"ardal-industri-hydro-i-ardal-og-hoyanger-far-pengar-til-miljoprosjekt","status":"publish","type":"post","link":"https:\/\/www.europesays.com\/no\/82418\/","title":{"rendered":"\u00c5rdal, Industri | Hydro i \u00c5rdal og H\u00f8yanger f\u00e5r pengar til milj\u00f8prosjekt"},"content":{"rendered":"\n<p>Hydro Aluminium AS \u00c5rdal metallverk og Hydro Aluminium AS H\u00f8yanger aluminiumsverk f\u00e5r saman med fem andre aluminiumsverk tilsaman 10,4 millionar kroner til forsking og utviklingsprosjekt. Det melder Klima- og milj\u00f8departementet i ei pressemelding.<\/p>\n<p>Pengane g\u00e5r til tiltaksplanar n\u00e5r det gjeld karbonfangst for elektrolyseprosessen, bruk av berekraftige biomateriale i anodar og ny utsleppsfri produksjonsteknologi, utvikling av elektrifiseringsteknologiar for st\u00f8yperi, energieffektivisering, energigjenvinning og teknologiforbetringar i elektrolyse.<\/p>\n<p>  <a href=\"https:\/\/www.sognavis.no\/5-115-1302503\" class=\"related-teaser has-image default-story-teaser article--c-eRUmMG article--c-eRUmMG-jKCPdD-design-default\" rel=\"nofollow noopener\" target=\"_blank\"><\/p>\n<p>    <img decoding=\"async\" loading=\"lazy\"  src=\"https:\/\/www.europesays.com\/no\/wp-content\/uploads\/2025\/11\/IMG_3745.jpg\" alt=\"\" class=\"brick-c-cFOWSL\" style=\"\"\/><\/p>\n<p>\n            Les ogs\u00e5<\/p>\n<p>              Vil produsera end\u00e5 meir: \u2013 Eit spennande prosjekt\n        <\/p>\n<p>  <\/a><br \/>\n  Investering i arbeidsplassar<\/p>\n<p>I fjor v\u00e5r vart regjeringa og industrien samde om \u00e5 endra CO2-kompensasjonsordninga. Ordninga gir f\u00f8reseielegheit for industrien fram mot 2030, og inneber eit \u00e5rleg tak kor mykje som kan utbetalast til bedriftene. L\u00f8yvingstaket er p\u00e5 7 milliardar kroner, og blir prisjustert \u00e5rleg.<\/p>\n<p>\u2013 Norsk industri m\u00e5 kutta utsleppa sine for \u00e5 vera konkurransedyktige i framtida. For f\u00f8rste gong stiller me krav om at minst 40 prosent av pengane bedriftene f\u00e5r gjennom denne ordninga m\u00e5 g\u00e5 til \u00e5 kutta utslepp, redusera kraftbehovet eller vinna tilbake energi. Dette vil bidra til investeringar i norske arbeidsplassar og utvikling av ny teknologi over heile landet, seier klima- og milj\u00f8minister Andreas Bjelland Eriksen.<\/p>\n<p>Alle bedrifter som s\u00f8kjer om CO2-kompensasjon, m\u00e5 levera tiltaksplanar. Her skal dei fortelja om kva tiltak dei planlegg \u00e5 gjennomf\u00f8ra fram mot 2034.<\/p>\n<p>Her kan du <a href=\"https:\/\/www.regjeringen.no\/contentassets\/5260bbca216a4860bf09029b977f749a\/liste-over-godkjente-tiltaksplaner-per-4.-november-2025-.pdf\" rel=\"Follow nofollow noopener\" target=\"_blank\">sj\u00e5 oversikt<\/a> over kven som har f\u00e5tt pengar.<\/p>\n<p>  <a href=\"https:\/\/www.sognavis.no\/5-115-1352227\" class=\"related-teaser has-image default-story-teaser article--c-eRUmMG article--c-eRUmMG-jKCPdD-design-default\" rel=\"nofollow noopener\" target=\"_blank\"><\/p>\n<p>    <img decoding=\"async\" loading=\"lazy\"  src=\"https:\/\/www.europesays.com\/no\/wp-content\/uploads\/2025\/11\/Hydro+og+mercedes+3.jpg\" alt=\"\" class=\"brick-c-cFOWSL\" style=\"\"\/><\/p>\n<p>\n            Les ogs\u00e5<\/p>\n<p>              Pansermetallet fr\u00e5 \u00c5rdal g\u00e5r verda rundt: \u2013 Klart det er stas\n        <\/p>\n<p>  <\/a><br \/>\n  M\u00e5 prioritera gjennomf\u00f8ring<\/p>\n<p>\u2013 Meir effektive klima- og energil\u00f8ysingar legg eit viktig grunnlag for omstillinga som industrien og me som samfunn skal gjennom dei komande ti\u00e5ra. Eg er glad for \u00e5 sj\u00e5 s\u00e5 mange planar om tiltak og h\u00e5par akt\u00f8rane no prioriterer ei snarleg gjennomf\u00f8ring, seier energiminister Terje Aasland.<\/p>\n<p>Tiltaksplanane inneheld til saman fleire hundre sm\u00e5 og store klima- og energieffektiviseringstiltak. D\u00f8me p\u00e5 tiltak er utnytting av spillvarme, elektrifisering av varmekjelar, erstatning av fossilt brensel med biobrensel, prosjekt p\u00e5 karbonfangst og -lagring og oppgradering av utstyr.<\/p>\n<p>I tiltaksplanane ligg det ogs\u00e5 inne mykje midlar knytt til forsking og utvikling p\u00e5 ny teknologi som tek tid \u00e5 utvikla, men som potensielt kan gjera delar av industrien n\u00e6rast utsleppsfri i framtida. Dette er tiltak som kan vera heilt avgjerande for omstillinga, sj\u00f8lv om dei ikkje har nokon direkte effekt p\u00e5 utslepp eller kraftforbruk fram mot 2034.<\/p>\n<p>Milj\u00f8direktoratet ventar at alle tiltaksplanane vil vera ferdig behandla innan utgangen av \u00e5ret, skriv dei i ei pressemelding.<\/p>\n<p>  <a href=\"https:\/\/www.sognavis.no\/5-115-1297605\" class=\"related-teaser has-image default-story-teaser article--c-eRUmMG article--c-eRUmMG-jKCPdD-design-default\" rel=\"nofollow noopener\" target=\"_blank\"><\/p>\n<p>    <img decoding=\"async\" loading=\"lazy\"  src=\"https:\/\/www.europesays.com\/no\/wp-content\/uploads\/2025\/11\/5_115_1177242+IMG_7890+2.jpg\" alt=\"\" class=\"brick-c-cFOWSL\" style=\"\"\/><\/p>\n<p>\n            Les ogs\u00e5<\/p>\n<p>              Fabrikksjefen om starten av \u00e5ret: \u2013 Me har nok \u00e5 gjera om dagen\n        <\/p>\n<p>  <\/a><\/p>\n<p>  <a href=\"https:\/\/www.sognavis.no\/5-115-818788\" class=\"related-teaser has-image default-story-teaser article--c-eRUmMG article--c-eRUmMG-jKCPdD-design-default\" rel=\"nofollow noopener\" target=\"_blank\"><\/p>\n<p>    <img decoding=\"async\" loading=\"lazy\"  src=\"https:\/\/www.europesays.com\/no\/wp-content\/uploads\/2025\/11\/2b416388-715d-4a4b-a8de-f046addd5657.jpg\" alt=\"\" class=\"brick-c-cFOWSL\" style=\"\"\/><\/p>\n<p>\n            Les ogs\u00e5<\/p>\n<p>              Fabrikkane i \u00c5rdal produserer meir CO\u2082 enn aluminium\n        <\/p>\n<p>  <\/a><\/p>\n","protected":false},"excerpt":{"rendered":"Hydro Aluminium AS \u00c5rdal metallverk og Hydro Aluminium AS H\u00f8yanger aluminiumsverk f\u00e5r saman med fem andre aluminiumsverk tilsaman&hellip;\n","protected":false},"author":2,"featured_media":82419,"comment_status":"","ping_status":"","sticky":false,"template":"","format":"standard","meta":{"footnotes":""},"categories":[56],"tags":[5342,36,60,61,914,4958,537,62,30,28,29,1510],"class_list":{"0":"post-82418","1":"post","2":"type-post","3":"status-publish","4":"format-standard","5":"has-post-thumbnail","7":"category-naeringsliv","8":"tag-ardal","9":"tag-art","10":"tag-business","11":"tag-economy","12":"tag-hoyanger","13":"tag-hydro","14":"tag-industri","15":"tag-naeringsliv","16":"tag-no","17":"tag-norge","18":"tag-norway","19":"tag-story"},"share_on_mastodon":{"url":"https:\/\/pubeurope.com\/@no\/115519291828629137","error":""},"_links":{"self":[{"href":"https:\/\/www.europesays.com\/no\/wp-json\/wp\/v2\/posts\/82418","targetHints":{"allow":["GET"]}}],"collection":[{"href":"https:\/\/www.europesays.com\/no\/wp-json\/wp\/v2\/posts"}],"about":[{"href":"https:\/\/www.europesays.com\/no\/wp-json\/wp\/v2\/types\/post"}],"author":[{"embeddable":true,"href":"https:\/\/www.europesays.com\/no\/wp-json\/wp\/v2\/users\/2"}],"replies":[{"embeddable":true,"href":"https:\/\/www.europesays.com\/no\/wp-json\/wp\/v2\/comments?post=82418"}],"version-history":[{"count":0,"href":"https:\/\/www.europesays.com\/no\/wp-json\/wp\/v2\/posts\/82418\/revisions"}],"wp:featuredmedia":[{"embeddable":true,"href":"https:\/\/www.europesays.com\/no\/wp-json\/wp\/v2\/media\/82419"}],"wp:attachment":[{"href":"https:\/\/www.europesays.com\/no\/wp-json\/wp\/v2\/media?parent=82418"}],"wp:term":[{"taxonomy":"category","embeddable":true,"href":"https:\/\/www.europesays.com\/no\/wp-json\/wp\/v2\/categories?post=82418"},{"taxonomy":"post_tag","embeddable":true,"href":"https:\/\/www.europesays.com\/no\/wp-json\/wp\/v2\/tags?post=82418"}],"curies":[{"name":"wp","href":"https:\/\/api.w.org\/{rel}","templated":true}]}}