{"id":82424,"date":"2025-11-09T10:37:23","date_gmt":"2025-11-09T10:37:23","guid":{"rendered":"https:\/\/www.europesays.com\/no\/82424\/"},"modified":"2025-11-09T10:37:23","modified_gmt":"2025-11-09T10:37:23","slug":"skal-vi-danse-dommerne-far-kritikk","status":"publish","type":"post","link":"https:\/\/www.europesays.com\/no\/82424\/","title":{"rendered":"Skal vi danse-dommerne f\u00e5r kritikk"},"content":{"rendered":"<p>\u2013\u00a0Hvis jeg f\u00e5r muligheten, s\u00e5 stiller jeg som dommer igjen. En<br \/>\nekstra streng dommer som kan skape litt rabalder, sier tidligere dommer Egor Filipenko (37) tilbake i <a href=\"https:\/\/play.tv2.no\/programmer\/underholdning\/skal-vi-danse\" rel=\"nofollow noopener\" target=\"_blank\">\u00abSkal vi danse\u00bb<\/a>-studioet.<\/p>\n<p>L\u00f8rdagens sending <a href=\"https:\/\/www.tv2.no\/underholdning\/i-faresonen-etter-kveldens-skal-vi-danse-sending\/18268810\/\" rel=\"nofollow noopener\" target=\"_blank\">markerte 20-\u00e5rsjubileet<\/a> med gjensyn av kjente fjes og minner fra tidligere sesonger.\u00a0Ikke alle mener at programmet har utviklet seg til det bedre gjennom \u00e5renes l\u00f8p.<\/p>\n<p>Mer om dette senere i saken.<\/p>\n<p>Sendte sinnamail til dommer<\/p>\n<p>I de f\u00f8rste \u00abSkal vi danse\u00bb-sesongene var det ikke sjeldent at dommernes krasse kommentarer skapte sterke reaksjoner og overskrifter.<\/p>\n<p>Mange husker nok Tor Fl\u00f8ysvik (76) sine tilbakemeldinger, som kunne f\u00e5 <a href=\"https:\/\/www.tv2.no\/underholdning\/god-kveld-norge\/tor-floysvik-jeg-har-ikke-lagt-noman-og-nadya-for-hat\/13165428\/\" rel=\"nofollow noopener\" target=\"_blank\">flere av de dansende kjendisene til \u00e5 rase<\/a>.<\/p>\n<p>\u2013 Jeg synes ikke det er riktig \u00e5 henge ut folk slik. Jeg har trent beinhardt i en uke. Greit det ikke var perfekt, men det var virkelig ikke verdt en toer, uttalte en oppr\u00f8rt Noman Mubashir (51) til TV 2 etter <a href=\"https:\/\/www.tv2.no\/underholdning\/god-kveld-norge\/noman-mubashir-floysvik-har-lagt-meg-for-hat\/13159720\/\" rel=\"nofollow noopener\" target=\"_blank\">Fl\u00f8ysviks kritikk i 2011.<\/a><\/p>\n<p>        <img class=\"image__img lazyload\" itemprop=\"image\" title=\"Foto: Aleksander Andersen \/ TV 2\" alt=\"STRENG: Dommer Tor Fl\u00f8ysvik hadde et rykte p\u00e5 seg for \u00e5 v\u00e6re en av de strengeste dommerne i \u00abSkal vi danse\u00bb. Foto: Aleksander Andersen \/ TV 2\" width=\"675\" height=\"547\" bad-src=\"https:\/\/www.europesays.com\/no\/wp-content\/uploads\/2025\/11\/18264648.webp\" fetchpriority=\"auto\" \/><\/p>\n<p>      STRENG: Dommer Tor Fl\u00f8ysvik hadde et rykte p\u00e5 seg for \u00e5 v\u00e6re en av de strengeste dommerne i \u00abSkal vi danse\u00bb.<br \/>\n         Foto: Aleksander Andersen \/ TV 2<\/p>\n<p>Mubashir danset den gang med Nadya Khamitskaya (42). Etter at han slaktet dansen deres, skal<a href=\"https:\/\/www.tv2.no\/underholdning\/god-kveld-norge\/dommer-tor-fikk-mail-av-danse-nadya-etter-slakten\/13161210\/\" rel=\"nofollow noopener\" target=\"_blank\">\u00a0Fl\u00f8ysvik ha mottatt enn sint mail fra <\/a>proffdanseren.<\/p>\n<p>\u2013 Hva som sto i mailen vil jeg ikke referere til, men jeg skrev tilbake at jeg ikke er interessert i \u00e5 ha noen dialog om f\u00f8lelser og uttalelser med deltakerne. Jeg er dommer og ikke noe annet enn det, sa Fl\u00f8ysvik til TV 2.<\/p>\n<p>14 \u00e5r senere blir Nadya Khamitskaya overrasket n\u00e5r TV 2 sp\u00f8r henne om konfrontasjonen med dommeren.<\/p>\n<p>\u2013 Sendte<br \/>\njeg mail? Det husker jeg ikke. Jeg vet at jeg var uenig med Tor, s\u00e5 jeg kan godt<br \/>\nha gjort det. S\u00e5nt skjer n\u00e5r man st\u00e5r midt i alle f\u00f8lelsene som deltakerne kjenner p\u00e5. Men jeg har ikke f\u00e5tt noe mail fra deltakerne, enn\u00e5 i alle fall, sier den n\u00e5v\u00e6rende dommeren og ler.<\/p>\n<p>        <img class=\"image__img lazyload\" itemprop=\"image\" title=\"Foto: Kristoffer S\u00f8vik \/ TV 2\" alt=\"DANSER: Nadya Khamitskaya har selv bakgrunn fra ballroom. Foto: Kristoffer S\u00f8vik \/ TV 2\" width=\"675\" height=\"594\" bad-src=\"https:\/\/www.europesays.com\/no\/wp-content\/uploads\/2025\/11\/18269168.webp\" fetchpriority=\"auto\" \/><\/p>\n<p>      DANSER: Nadya Khamitskaya har selv bakgrunn fra ballroom.<br \/>\n         Foto: Kristoffer S\u00f8vik \/ TV 2<\/p>\n<p>Rollene er snudd<\/p>\n<p>Etter h\u00f8stens Disney-sending <a href=\"https:\/\/www.tv2.no\/underholdning\/skal-vi-danse-dom-skaper-reaksjoner-na-svarer-nadya\/18209328\/\" rel=\"nofollow noopener\" target=\"_blank\">fikk Khamitskaya selv kritikk<\/a> for sin tilbakemelding til Viggo Venn (36), der hun sa f\u00f8lgende:<\/p>\n<p>\u00abDette er ikke godt nok for meg i dag. Du har ikke kontroll p\u00e5 passet ditt, og du har ikke kontroll p\u00e5 den salsaen heller, dessverre\u00bb.<\/p>\n<p>I sosiale medier gikk flere ut mot dommerens utspill.<\/p>\n<p>\u2013 Jeg synes hele greia bare f\u00f8ltes feil. I tillegg s\u00e5 det ut som om han (Viggo Venn, journ.anm.) gr\u00e5t etterp\u00e5, fordi det var en for personlig tilbakemelding, uttalte Helene Saltvedt p\u00e5 Tiktok om Khamitskayas kommentar.<\/p>\n<p>        <img class=\"image__img lazyload\" itemprop=\"image\" title=\"Foto: Thomas Andersen \/ TV 2\" alt=\"FIKK REAKSJONER: Nadya Khamitskayas utspill falt ikke i god jord hos alle. Foto: Thomas Andersen \/ TV 2\" width=\"675\" height=\"480\" bad-src=\"https:\/\/www.europesays.com\/no\/wp-content\/uploads\/2025\/11\/18269342.webp\" fetchpriority=\"auto\" \/><\/p>\n<p>      FIKK REAKSJONER: Nadya Khamitskayas utspill falt ikke i god jord hos alle.<br \/>\n         Foto: Thomas Andersen \/ TV 2<\/p>\n<p>Med unntak av dette, er det i dag lite tegn til offentlig krangling eller diskusjoner mellom dommere og personene p\u00e5 parketten.\u00a0<\/p>\n<p>Tvert imot er det mange som ser ut til \u00e5 savne litt h\u00f8yere temperatur, for i sosiale medier er det flere som mener at \u00e5rets fire dommere burde v\u00e6rt mye strengere enn de er.<\/p>\n<p>\u00abDommerne d\u00f8mte etter historiene som r\u00f8rte mest, og ikke dansen\u00bb, kommenterer en Facebook-bruker p\u00e5 en av TV 2s artikler om forrige ukes \u00abSkal vi danse\u00bb.<\/p>\n<p>\u00abD\u00e5rlig sesong p\u00e5 grunn av dommerne\u00bb, melder en annen.<\/p>\n<p>\u00abLei av \u00e5 se p\u00e5 d\u00f8mmingen. Man d\u00f8mmer ikke etter t\u00e5rer og klovneri\u00bb.<\/p>\n<p>        <img class=\"image__img lazyload\" itemprop=\"image\" title=\"Foto: Kristoffer S\u00f8vik \/ TV 2\" alt=\"KRITISK: Egor Filipenko i salen under l\u00f8rdagens sending. Foto: Kristoffer S\u00f8vik \/ TV 2\" width=\"675\" height=\"500\" bad-src=\"https:\/\/www.europesays.com\/no\/wp-content\/uploads\/2025\/11\/18269339.webp\" fetchpriority=\"auto\" \/><\/p>\n<p>      KRITISK: Egor Filipenko i salen under l\u00f8rdagens sending.<br \/>\n         Foto: Kristoffer S\u00f8vik \/ TV 2<\/p>\n<p>Tidligere dommere er kritiske<\/p>\n<p>Egor Filipenko, som var dommer i \u00e5rene 2015 til 2020, er enig i kritikken fra publikum i sosiale medier.<\/p>\n<p>\u2013 Jeg tror kanskje at dommerne trenger \u00e5 v\u00e6re strengere, mener han.\u00a0<\/p>\n<p>\u2013 Vi trenger mer konkurransestemning, ikke s\u00e5nn at de heier p\u00e5<br \/>\nalle hele tiden. Det har blitt veldig koselig. Det er et familieprogram, men<br \/>\njeg er litt mer glad i konkurranse. Jeg vil gjerne ha tilbake mer av det.<\/p>\n<p>        <img class=\"image__img lazyload\" itemprop=\"image\" title=\"Foto: Berit Roald \/ NTB\" alt=\"BEDRE F\u00d8R? Trine Dehli Cleve, Egor Filipenko og Merete Lingj\u00e6rde. Foto: Berit Roald \/ NTB\" width=\"978\" height=\"656\" bad-src=\"https:\/\/www.europesays.com\/no\/wp-content\/uploads\/2025\/11\/18264644.webp\" fetchpriority=\"auto\" \/><\/p>\n<p>      BEDRE F\u00d8R? Trine Dehli Cleve, Egor Filipenko og Merete Lingj\u00e6rde.<br \/>\n         Foto: Berit Roald \/ NTB<\/p>\n<p>P\u00e5 plass under l\u00f8rdagens jubileumssending var ogs\u00e5 \u00abSkal vi danse\u00bb-dommeren fra de 19 foreg\u00e5ende sesongene, Trine Dehli Cleve (65).<\/p>\n<p>Veteranen kunne fortelle at hun ikke har sett \u00e5rets sesong p\u00e5 TV.<\/p>\n<p>\u2013 Jeg begynte \u00e5 f\u00e5 s\u00e5 mye sp\u00f8rsm\u00e5l b\u00e5de fra media og fra andre om hva jeg syntes om<br \/>\ndeltakere, dommere og alt. Jeg tenker at det har jeg ikke lyst til<br \/>\n\u00e5 mene noe om i \u00e5r. N\u00e5 er jeg ferdig.<\/p>\n<p>        <img class=\"image__img lazyload\" itemprop=\"image\" title=\"Foto: Kristoffer S\u00f8vik \/ TV 2\" alt=\"FEIRET BURSDAGEN: Trine Dehli Cleve med f\u00f8lge tilbake i studioet for \u00e5 feire b\u00e5de egen 65-\u00e5rsdag og \u00abSkal vi danse\u00bb sitt 20-\u00e5rsjubileum. Foto: Kristoffer S\u00f8vik \/ TV 2\" width=\"675\" height=\"493\" bad-src=\"https:\/\/www.europesays.com\/no\/wp-content\/uploads\/2025\/11\/18269196.webp\" fetchpriority=\"auto\" \/><\/p>\n<p>      FEIRET BURSDAGEN: Trine Dehli Cleve med f\u00f8lge tilbake i studioet for \u00e5 feire b\u00e5de egen 65-\u00e5rsdag og \u00abSkal vi danse\u00bb sitt 20-\u00e5rsjubileum.<br \/>\n         Foto: Kristoffer S\u00f8vik \/ TV 2<\/p>\n<p>Da Dehli Cleve i juni <a href=\"https:\/\/www.tv2.no\/underholdning\/skal-vi-danse\/ferdig-som-dommer-etter-19-ar-det-er-en-tid-for-alt\/17794273\/\" rel=\"nofollow noopener\" target=\"_blank\">annonserte at hun ikke ville returnere til \u00abSkal vi danse\u00bb<\/a>, uttalte hun til TV 2 at hun h\u00e5pet at det tekniske i dansen ville fortsette \u00e5 v\u00e6re viktig i tilbakemeldingene fra dommerne.<\/p>\n<p>\u2013 Rent personlig h\u00e5per jeg at konseptet ikke sklir s\u00e5 langt ut at det originale konseptet blir borte. Hvis man ser p\u00e5 hvordan programmene var i de f\u00f8rste sesongene, har det endret seg veldig de siste \u00e5rene til \u00e5 bli mer showpreget, sa hun.<\/p>\n<p>Dette st\u00e5r hun fast ved i dag.<\/p>\n<p>\u2013 Programmets utvikling kan kalles en stagnasjon i forhold til hva selve idretten er. Jeg er en forkjemper for ballroom og det opprinnelige.\u00a0<\/p>\n<p>        <img class=\"image__img lazyload\" itemprop=\"image\" title=\"Foto: Kristoffer S\u00f8vik \/ TV 2\" alt=\"TILBAKE: Trine Dehli Cleve satt for aller f\u00f8rste gang i salen som publikummer under en \u00abSkal vi danse\u00bb-sending. Foto: Kristoffer S\u00f8vik \/ TV 2\" width=\"675\" height=\"540\" bad-src=\"https:\/\/www.europesays.com\/no\/wp-content\/uploads\/2025\/11\/18269337.webp\" fetchpriority=\"auto\" \/><\/p>\n<p>      TILBAKE: Trine Dehli Cleve satt for aller f\u00f8rste gang i salen som publikummer under en \u00abSkal vi danse\u00bb-sending.<br \/>\n         Foto: Kristoffer S\u00f8vik \/ TV 2<\/p>\n<p>        <img class=\"image__img lazyload\" itemprop=\"image\" title=\"Foto: Thomas Andersen \/ TV 2\" alt=\"HYLLET: Den tidligere dommeren ble hyllet i sendingen. Foto: Thomas Andersen \/ TV 2\" width=\"675\" height=\"567\" bad-src=\"https:\/\/www.europesays.com\/no\/wp-content\/uploads\/2025\/11\/18269377.webp\" fetchpriority=\"auto\" \/><\/p>\n<p>      HYLLET: Den tidligere dommeren ble hyllet i sendingen.<br \/>\n         Foto: Thomas Andersen \/ TV 2<\/p>\n<p>65-\u00e5ringen er dermed langt p\u00e5 vei enig i kritikken fra publikum om at det blir for mye show og lite dans.<\/p>\n<p>\u2013 S\u00e5 skj\u00f8nner jeg ogs\u00e5 at man skal lage show p\u00e5 TV, og i det hele tatt at konseptet utvikler seg. Men jeg f\u00f8ler vel ogs\u00e5 at hvis jeg ikke har p\u00e5 lyd p\u00e5 TV og m\u00e5 gjette meg til hvilken dans det er \u2013 uten \u00e5 klare det \u2013 s\u00e5 er det litt p\u00e5 ville veier i forhold til hvordan jeg ser p\u00e5 dans. <\/p>\n<p>\u2013 Ikke redd<\/p>\n<p>Nadya Khamitskaya deler ikke den tidligere dansedommerens bekymring.<\/p>\n<p>\u2013 Jeg<br \/>\ner ikke redd for at vi mister dansen. Jeg tenker at \u00abSkal vi danse\u00bb, som alt<br \/>\nannet i verden, utvikler seg. Vi lever i en annen tid n\u00e5 enn det vi gjorde for<br \/>\n20 \u00e5r siden. Men for meg er det viktig at det deltakerne leverer p\u00e5 parketten er av h\u00f8y<br \/>\nkvalitet.<\/p>\n<p class=\"italic m-italic\" data-lab-italic=\"italic\">\u2013 Har dere dommerne blitt for snille?<\/p>\n<p>\u2013 Jeg tror ikke folk mener at jeg er for snill. Poengmessig<br \/>\ns\u00e5 tror jeg at jeg ligger ganske lavt, s\u00e5 jeg tror ikke n\u00f8dvendigvis at vi har<br \/>\nsenket kravene. Jeg f\u00f8ler at jeg er kravstor, mener Khamitskaya. <\/p>\n<p>        <img class=\"image__img lazyload\" itemprop=\"image\" title=\"Foto: Thomas Andersen \/ TV 2\" alt=\"INNTOK PANELET: Viggo Venn og Rikke Lund inntok dommerpanelet l\u00f8rdag. Foto: Thomas Andersen \/ TV 2\" width=\"675\" height=\"453\" bad-src=\"https:\/\/www.europesays.com\/no\/wp-content\/uploads\/2025\/11\/18269343.webp\" fetchpriority=\"auto\" \/><\/p>\n<p>      INNTOK PANELET: Viggo Venn og Rikke Lund inntok dommerpanelet l\u00f8rdag.<br \/>\n         Foto: Thomas Andersen \/ TV 2<\/p>\n<p>Skuespiller Cengiz Al (28), som selv var deltaker i 2017 og 2022, svarer ogs\u00e5 p\u00e5 kritikken om at dommerne ikke lenger d\u00f8mmer ut ifra danseregler i samme grad som i tidligere \u00e5r.<\/p>\n<p>\u2013 \u00abSkal vi danse\u00bb n\u00e5 er ikke det samme som for 20 \u00e5r siden. Vi dommerne ser mye mer helhetlig p\u00e5 dansen. Jeg har min bakgrunn fra skuespill, musikaler og dans p\u00e5<br \/>\nscene, s\u00e5 jeg g\u00e5r veldig mye etter utstr\u00e5ling og<br \/>\nuttrykk. Jeg fokuserer ikke s\u00e5 mye p\u00e5<br \/>\nteknikken, selv om jeg ogs\u00e5 har litt peiling. <\/p>\n<p>Han opplever det likevel som at det fremdeles er dansen som st\u00e5r i fokus.<\/p>\n<p>\u2013 Jeg mener at de poengene jeg gir, er forsvarlige i min<br \/>\nverden. Det er showbiz. Vi skal jo showe, men vi skal ogs\u00e5 selvf\u00f8lgelig vise<br \/>\ngod dans. Vise innlevelse som er med p\u00e5 \u00e5 bevege f\u00f8lelsene. S\u00e5 vil noen savne at det er et mer danseteknisk fokus,<br \/>\nmen det har vi Merete og Nadya til. <\/p>\n<p>        <img class=\"image__img lazyload\" itemprop=\"image\" title=\"Foto: Thomas Andersen \/ TV 2\" alt=\"VIL BLI BEVEGET: Cengiz Al ser p\u00e5 helheten n\u00e5r han bed\u00f8mmer. Foto: Thomas Andersen \/ TV 2\" width=\"675\" height=\"480\" bad-src=\"https:\/\/www.europesays.com\/no\/wp-content\/uploads\/2025\/11\/18269329.webp\" fetchpriority=\"auto\" \/><\/p>\n<p>      VIL BLI BEVEGET: Cengiz Al ser p\u00e5 helheten n\u00e5r han bed\u00f8mmer.<br \/>\n         Foto: Thomas Andersen \/ TV 2<\/p>\n<p>Vil gj\u00f8re det forst\u00e5elig<\/p>\n<p>Merete M\u00f8rk Lingj\u00e6rde (63) har ikke f\u00e5tt med seg tilbakemeldingene som har florert i sosiale medier, men overfor TV 2 forteller hun at hun pr\u00f8ver \u00e5 gi tilbakemeldinger som g\u00e5r p\u00e5 selve dansen.<\/p>\n<p>\u2013 Jeg velger selv \u00e5 ikke snakke for mye ren, konkret teknikk, fordi det kan v\u00e6re vanskelig for seeren \u00e5 forst\u00e5.<\/p>\n<p>M\u00f8rk Lingj\u00e6rde peker p\u00e5 at hun ikke alltid er enig med de andre dommerne, selv ikke Khamitskaya, som har bakgrunn som profesjonell danser.<\/p>\n<p>\u2013 Jeg har mine preferanser som kan skille seg fra hennes og omvendt, sier dommeren til TV 2, og understreker igjen at det handler om \u00e5 f\u00e5 b\u00e5de danserne og seerne til \u00e5 forst\u00e5 tilbakemeldingene i et underholdningsprogram.<\/p>\n<p>        <img class=\"image__img lazyload\" itemprop=\"image\" title=\"Foto: Thomas Andersen \/ TV 2\" alt=\"ULIKE: Mens Merete Lingj\u00e6rde har doktorgrad i dans, har Jan Thomas sin faglige bakgrunn innen et annet felt. Foto: Thomas Andersen \/ TV 2\" width=\"675\" height=\"540\" bad-src=\"https:\/\/www.europesays.com\/no\/wp-content\/uploads\/2025\/11\/18269313.webp\" fetchpriority=\"auto\" \/><\/p>\n<p>      ULIKE: Mens Merete Lingj\u00e6rde har doktorgrad i dans, har Jan Thomas sin faglige bakgrunn innen et annet felt.<br \/>\n         Foto: Thomas Andersen \/ TV 2<\/p>\n<p>Jan Thomas (58) er ogs\u00e5 uenig i kritikken som har kommet. Selv opplever han det faktisk helt motsatt:<\/p>\n<p>\u2013 Jeg synes overskriftene skrek at \u00abdommerne er veldig strenge i \u00e5r\u00bb. Vi har v\u00e6rt mye strengere enn hva man normalt er, hevder han.<\/p>\n<p>Stylisten, gr\u00fcnderen og programlederen sier at han er i dommerpanelet for \u00e5 representere f\u00f8lelser.\u00a0<\/p>\n<p>\u2013 Det handler om \u00e5 treffe en nerve, ha X-faktor, og det m\u00e5 v\u00e6re show, sier \u00abSkal vi danse\u00bb-dommeren til TV 2.<\/p>\n","protected":false},"excerpt":{"rendered":"\u2013\u00a0Hvis jeg f\u00e5r muligheten, s\u00e5 stiller jeg som dommer igjen. En ekstra streng dommer som kan skape litt&hellip;\n","protected":false},"author":2,"featured_media":82425,"comment_status":"","ping_status":"","sticky":false,"template":"","format":"standard","meta":{"footnotes":""},"categories":[58],"tags":[71,30,28,29,72],"class_list":{"0":"post-82424","1":"post","2":"type-post","3":"status-publish","4":"format-standard","5":"has-post-thumbnail","7":"category-underholdning","8":"tag-entertainment","9":"tag-no","10":"tag-norge","11":"tag-norway","12":"tag-underholdning"},"share_on_mastodon":{"url":"https:\/\/pubeurope.com\/@no\/115519307331135876","error":""},"_links":{"self":[{"href":"https:\/\/www.europesays.com\/no\/wp-json\/wp\/v2\/posts\/82424","targetHints":{"allow":["GET"]}}],"collection":[{"href":"https:\/\/www.europesays.com\/no\/wp-json\/wp\/v2\/posts"}],"about":[{"href":"https:\/\/www.europesays.com\/no\/wp-json\/wp\/v2\/types\/post"}],"author":[{"embeddable":true,"href":"https:\/\/www.europesays.com\/no\/wp-json\/wp\/v2\/users\/2"}],"replies":[{"embeddable":true,"href":"https:\/\/www.europesays.com\/no\/wp-json\/wp\/v2\/comments?post=82424"}],"version-history":[{"count":0,"href":"https:\/\/www.europesays.com\/no\/wp-json\/wp\/v2\/posts\/82424\/revisions"}],"wp:featuredmedia":[{"embeddable":true,"href":"https:\/\/www.europesays.com\/no\/wp-json\/wp\/v2\/media\/82425"}],"wp:attachment":[{"href":"https:\/\/www.europesays.com\/no\/wp-json\/wp\/v2\/media?parent=82424"}],"wp:term":[{"taxonomy":"category","embeddable":true,"href":"https:\/\/www.europesays.com\/no\/wp-json\/wp\/v2\/categories?post=82424"},{"taxonomy":"post_tag","embeddable":true,"href":"https:\/\/www.europesays.com\/no\/wp-json\/wp\/v2\/tags?post=82424"}],"curies":[{"name":"wp","href":"https:\/\/api.w.org\/{rel}","templated":true}]}}