{"id":82442,"date":"2025-11-09T11:10:18","date_gmt":"2025-11-09T11:10:18","guid":{"rendered":"https:\/\/www.europesays.com\/no\/82442\/"},"modified":"2025-11-09T11:10:18","modified_gmt":"2025-11-09T11:10:18","slug":"julepriskrigen-er-i-gang","status":"publish","type":"post","link":"https:\/\/www.europesays.com\/no\/82442\/","title":{"rendered":"Julepriskrigen er i gang"},"content":{"rendered":"<p>    Kort fortalt<\/p>\n<p lang=\"nb-NO\">Julepriskrigen er i gang, og Extra startet med store priskutt p\u00e5 pepperkaker.<\/p>\n<p lang=\"nb-NO\">Rema 1000 fulgte opp med priskutt p\u00e5 flere julevarer som mandler og marsipan l\u00f8rdag ettermiddag.\u00a0<\/p>\n<p lang=\"nb-NO\">Kiwi og Extra justerer prisene for \u00e5 matche Rema 1000s kutt.<\/p>\n<p lang=\"nb-NO\">Forbruker\u00f8konom Magne Gundersen advarer mot \u00e5 bli blendet av rabatter og kj\u00f8pe mer enn n\u00f8dvendig.<\/p>\n<p class=\"italic ai-disclaimer\" data-lab-italic=\"italic\">Sammendraget er laget av ChatGPT og godkjent av DinSide.<\/p>\n<p>      Vis mer<br \/>\n      Vis mindre<\/p>\n<p>&#8211;\u00a0Det er som et spill som forbrukeren m\u00e5 bestemme hvordan de vil spille: Kj\u00f8pe n\u00e5, og risikere at det blir satt mer ned, eller vente til det blir ordentlig billig &#8211; men risikere at det blir utsolgt, sier Magne Gundersen, forbruker\u00f8konom i Sparebank1, til DinSide.\u00a0<\/p>\n<p>&#8211; Det er den avveiningen man som forbruker m\u00e5 gj\u00f8re. <\/p>\n<p>          <img loading=\"lazy\" decoding=\"async\" src=\"https:\/\/www.europesays.com\/no\/wp-content\/uploads\/2025\/11\/83349721.webp\" width=\"980\" height=\"559\" title=\"KJ\u00d8PE N\u00c5 ELLER VENTE? Det snur fort i julepriskrigen, s\u00e5 her kan det v\u00e6re smart \u00e5 ha tenkt igjennom hva du vil ha f\u00f8r det tar av, er r\u00e5det fra forbruker\u00f8konom Magne Gundersen. Foto: Ole Berg-Rusten \/ NTB\" alt=\"\" class=\"\" style=\"--aspect-ratio-image: 1.75; \"\/><\/p>\n<p>\n          KJ\u00d8PE N\u00c5 ELLER VENTE? Det snur fort i julepriskrigen, s\u00e5 her kan det v\u00e6re smart \u00e5 ha tenkt igjennom hva du vil ha f\u00f8r det tar av, er r\u00e5det fra forbruker\u00f8konom Magne Gundersen. Foto: Ole Berg-Rusten \/ NTB\n      <\/p>\n<p>L\u00f8rdag morgen <a href=\"https:\/\/dinside.dagbladet.no\/okonomi\/priskrig-en-liten-kinaputt\/83825918\" rel=\"nofollow noopener\" target=\"_blank\">\u00e5pnet Extra \u00e5rets julepriskrigball<\/a> med gi-bort-pris p\u00e5 pepperkaker, og konkurrentene svarte umiddelbart med \u00e5 kutte prisen p\u00e5 pepperkaker.<\/p>\n<p>Noen timer senere annonserte Rema 1000 at de kutter prisen p\u00e5 en rekke typiske julevarer som mandler, marsipan, surk\u00e5l, r\u00f8dk\u00e5l og melis.\u00a0<\/p>\n<p>Da vi tok noen stikkpr\u00f8ver i de andre kjedene, hadde de ikke rukket \u00e5 f\u00f8lge etter.\u00a0<\/p>\n<p>For eksempel fant vi f\u00f8lgende priser i Oslo sentrum l\u00f8rdag rundt kl 15:<\/p>\n<ul>\n<li class=\"lab-bodytext-line\">Mandler: 119,60 kroner per kilo p\u00e5 Rema 1000, 145,60 kroner p\u00e5 Kiwi<\/li>\n<li class=\"lab-bodytext-line\">Melis: 14,90 kroner for 500 gram p\u00e5 Rema 1000, 21,90 kroner p\u00e5 Extra<\/li>\n<li class=\"lab-bodytext-line\">EMV marsipan: 24,90 for 500 gram p\u00e5 Rema 1000, 69,30 kroner p\u00e5 Extra<\/li>\n<li class=\"lab-bodytext-line\">Nora surk\u00e5l: 15,90 kroner p\u00e5 Rema 1000, 23,90 kroner p\u00e5 Kiwi.<\/li>\n<\/ul>\n<p>        R\u00d8D ELLER BRUN: Bli med til Ringnes Bryggeri for \u00e5 se hvordan julebrusen tappes!<\/p>\n<p>Justerer fortl\u00f8pende\t<\/p>\n<p>L\u00f8rdag ettermiddag skal prisene v\u00e6re satt ned minst tilsvarende Rema 1000s kutt, forteller b\u00e5de Kiwi og Extra.<\/p>\n<p>Kiwi-sjef Vegard Kjuus sier til DinSide at de har kuttet prisene p\u00e5 en rekke andre julevarer de siste ukene.\u00a0<\/p>\n<p>&#8211; Vi f\u00f8lger markedet tett hver eneste dag, og vi er p\u00e5 ballen n\u00e5r konkurrentene endrer priser.<\/p>\n<p>        <img loading=\"lazy\" decoding=\"async\" itemprop=\"image\" src=\"https:\/\/www.europesays.com\/no\/wp-content\/uploads\/2025\/11\/83826735.webp\" width=\"180\" height=\"180\" alt=\"Vegard Kjuus\"\/><\/p>\n<p>            Vegard Kjuus<br \/>\n            Vegard<br \/>\n            Kjuus        <\/p>\n<p>Kiwi<\/p>\n<p>For snart to uker siden kuttet de prisene p\u00e5 en rekke norske<br \/>\ngr\u00f8nnsaker, et priskutt som skal vare til nytt\u00e5r.\u00a0<\/p>\n<p>Det er ogs\u00e5 smart \u00e5 sjekke litt i butikk. For eksempel har Kiwi hatt tilbud p\u00e5 Noras hjemmelagede surk\u00e5l, ikke den ordin\u00e6re Nora surk\u00e5l som vi sjekket prisen p\u00e5 &#8211; men de har n\u00e5 justert prisen p\u00e5 denne ogs\u00e5 ned til 15,90.<\/p>\n<p>Om du ikke finner den hjemmelagede i hyllene har det en enkel forklaring, den er eksponert som en julevare et annet sted i butikken, forklarer Kristine Aakvaag Arvin, kommunikasjonsdirekt\u00f8r i Kiwi.\u00a0<\/p>\n<p>De som vet, de vet\t<\/p>\n<p>Hvilke priser som var satt ned p\u00e5 Rema 1000 var det ikke enkelt \u00e5 f\u00e5 oversikt over, men if\u00f8lge Pia Mellbye, salgs- og markedsdirekt\u00f8r i Rema 1000 er det ikke lagt opp til skattejakt, eller v\u00e6re spesielle tilbud for de innvidde &#8211; if you know, you know &#8211; IYKYK &#8211; de som vet, de vet.<\/p>\n<p>        <img loading=\"lazy\" decoding=\"async\" itemprop=\"image\" src=\"https:\/\/www.europesays.com\/no\/wp-content\/uploads\/2025\/11\/78711984.webp\" width=\"180\" height=\"180\" alt=\"Pia Mellbye\"\/><\/p>\n<p>            Pia Mellbye<br \/>\n            Pia<br \/>\n            Mellbye        <\/p>\n<p>Rema 1000<\/p>\n<p>&#8211; De aktuelle varene er godt synlig i v\u00e5r kundeavis, sier Pia Mellbye, direkt\u00f8r for salg og marked i Rema 1000.<\/p>\n<p>Det er de &#8211; om du velger riktig kundeavis. For kundeavisen vi f\u00e5r opp p\u00e5 Rema 1000s nettsider stemmer ikke overens med den som ligger p\u00e5 Kupp.no, som l\u00f8rdag kveld bare var gyldig noen f\u00e5 timer til.\u00a0<\/p>\n<p>For eksempel er skumnisser avertert til 14,90 i Kupp-kundeavisa, mens det p\u00e5 kundeavisen p\u00e5 Remas egne nettsider (som ikke er lik) st\u00e5r at det er satt ned til 9,90.\u00a0<\/p>\n<p>          <img loading=\"lazy\" decoding=\"async\" src=\"https:\/\/www.europesays.com\/no\/wp-content\/uploads\/2025\/11\/83827039.webp\" width=\"980\" height=\"559\" title=\"FORT I SVINGENE: Begge disse to ligger ute som ukens kundeavis i Rema 1000. Skjermdump: Kupp.no\/ Rema 1000\" alt=\"\" class=\"\" style=\"--aspect-ratio-image: 1.75; \"\/><\/p>\n<p>\n          FORT I SVINGENE: Begge disse to ligger ute som ukens kundeavis i Rema 1000. Skjermdump: Kupp.no\/ Rema 1000\n      <\/p>\n<p>Vi har spurt Rema om de rullet ut julekampanjen litt f\u00f8r de hadde planlagt, etter Extras pepperkakestunt, men dette sp\u00f8rsm\u00e5let har de ikke svart direkte p\u00e5.\u00a0<\/p>\n<p>Som forbrukere spiller det ikke noen rolle om prisene endres s\u00e5 lenge de kuttes &#8211; men det kan alts\u00e5 v\u00e6re vanskelig \u00e5 f\u00e5 \u00f8ye p\u00e5 i butikk. Og vi antar at mandag morgen er butikkene julet opp med store plakater og display.<\/p>\n<p>Tenk f\u00f8r du hamstrer\t<\/p>\n<p>&#8211; Vi registrerte at det tok mange timer f\u00f8r v\u00e5re konkurrenter v\u00e5knet og fulgte Extras priskutt p\u00e5 pepperkaker i dag, sier Harald Kristiansen, kommunikasjonsdirekt\u00f8r i Coop, til DinSide.<\/p>\n<p>        <img loading=\"lazy\" decoding=\"async\" itemprop=\"image\" src=\"https:\/\/www.europesays.com\/no\/wp-content\/uploads\/2025\/11\/83826793.webp\" width=\"180\" height=\"180\" alt=\"Harald Kristiansen\"\/><\/p>\n<p>            Harald Kristiansen<br \/>\n            Harald<br \/>\n            Kristiansen        <\/p>\n<p>Coop<\/p>\n<p>Han peker p\u00e5 at vi g\u00e5r inn i en periode med mange hyppige prisjusteringer, og presiserer at Extra vil f\u00f8lge konkurrentene p\u00e5 pris p\u00e5 alle sammenlignbare varer.\u00a0<\/p>\n<p>&#8211; Pepperkaker, marsipan, surk\u00e5l &#8230; og s\u00e5 er vi i gang, sier Gundersen.\u00a0<\/p>\n<p>Han peker p\u00e5 at det er smart \u00e5 v\u00e6re v\u00e5ken i butikk, for selv om det ofte er de samme produktene som blir billige, er det noen variasjoner fra \u00e5r til \u00e5r.\u00a0<\/p>\n<p>&#8211; Det er ikke gitt \u00e5 vite p\u00e5 forh\u00e5nd hvilke produkter som plutselig blir satt ned til 2,95 kroner.\u00a0<\/p>\n<p>        \ud83c\udf84Tips oss om denne saken\ud83c\udf84<\/p>\n<p class=\"subtitle\">Har du sett noen hysterisk gode tilbud? Eller noen tilbud som averteres som fryktelig mye bedre enn de er? Er det noen varer butikkene begynner \u00e5 g\u00e5 tom for? Da vil vi gjerne h\u00f8re fra deg!<\/p>\n<p>Og nettopp de st\u00f8rste kuppene kan det v\u00e6re smart \u00e5 f\u00f8lge med p\u00e5, if\u00f8lge Gundersen.\u00a0<\/p>\n<p>&#8211; Tidligere har det ofte v\u00e6rt slik at en del av det som blir satt ned aller mest blir utsolgt.\u00a0<\/p>\n<p>Han maner til \u00e5 holde hodet kaldt og tenke over hva du faktisk kommer til \u00e5 bruke.\u00a0<\/p>\n<p class=\"font-weight-bold m-font-weight-bold\" data-lab-font_weight=\"font-weight-bold\">&#8211; En ting er \u00e5 ikke hamstre av hensyn til de andre. Men det er fort gjort \u00e5 kj\u00f8pe mer enn man klarer \u00e5 bruke, s\u00e5 m\u00e5 du hive det, og da har du jo ikke spart s\u00e5 mye.\u00a0<\/p>\n<p>Moderasjon er n\u00f8kkelord.\u00a0\u00a0<\/p>\n<p>&#8211; Ikke bli grepet av fantastiske rabatter og g\u00e5 amok og fyll opp handlevognen med pepperkaker. For hva skal du med s\u00e5 mye pepperkaker, sier Gundersen og r\u00f8per at han selv ikke kommer til en eneste boks, fordi han ikke er s\u00e5 glad i det.\u00a0<\/p>\n<p>          <img loading=\"lazy\" decoding=\"async\" src=\"https:\/\/www.europesays.com\/no\/wp-content\/uploads\/2025\/11\/83826802.webp\" width=\"980\" height=\"559\" title=\"MAKSBEGRENSNINGER: N\u00e5r prisene barberes, f\u00f8lger det gjerne maksbegrensninger slik at alle skal f\u00e5. HGer fra Rema 1000 for to \u00e5r siden. Arkivfoto: Elisabeth Dalseg\" alt=\"\" class=\"\" style=\"--aspect-ratio-image: 1.75; \"\/><\/p>\n<p>\n          MAKSBEGRENSNINGER: N\u00e5r prisene barberes, f\u00f8lger det gjerne maksbegrensninger slik at alle skal f\u00e5. HGer fra Rema 1000 for to \u00e5r siden. Arkivfoto: Elisabeth Dalseg\n      <\/p>\n<p>Han drar paralleller til \u00e5rets store handlefest, black friday:\u00a0<\/p>\n<p class=\"font-weight-bold m-font-weight-bold\" data-lab-font_weight=\"font-weight-bold\">&#8211; Du m\u00e5 ikke bli s\u00e5 blendet av rabattene at du kj\u00f8per noe du ikke har bruk for.\u00a0<\/p>\n<p> Kjedene skal v\u00e6re godt rustet til julehandelen.\u00a0<\/p>\n<p>&#8211; Vi har bestilt inn rekordmye julevarer og er godt rigget for julehandelen, forteller Kjuus.\u00a0<\/p>\n<p>Bunnen er ikke n\u00e5dd\t<\/p>\n<p>Selv om det skal godt gj\u00f8res at pepperkaker blir noe s\u00e6rlig billigere f\u00f8r jul, kan det godt hende at det er mer \u00e5 g\u00e5 p\u00e5 p\u00e5 de andre produktene. Og det er ikke satt n\u00e5r bunnen er n\u00e5dd &#8211; her m\u00e5 man stole p\u00e5 magef\u00f8lelsen, og spille \u00abspillet\u00bb, som Gundersen nevner innledningsvis.\u00a0<\/p>\n<p>&#8211; Og husk at butikkene gir jo ikke bort noe uten \u00e5 f\u00e5 noe igjen.\u00a0<\/p>\n<p>Gundersen forteller at han senest i g\u00e5r s\u00e5 pepperkaker til rundt 20 kroner i en butikk, og tenkte at \u00abdet har ikke begynt enn\u00e5\u00bb.\u00a0<\/p>\n<p>&#8211; Men n\u00e5 er vi alts\u00e5 i gang. Det skjer veldig plutselig.\u00a0<\/p>\n<p>          <img loading=\"lazy\" decoding=\"async\" src=\"https:\/\/www.europesays.com\/no\/wp-content\/uploads\/2025\/11\/83826800.webp\" width=\"686\" height=\"515\" title=\"LITEN PEKEPINN? For et par \u00e5r siden kostet disse under fire kroner p\u00e5 det minste. Butikkene kan ikke si noe om fremtidige kampanjer, men det er nok lave odds p\u00e5 at disse kommer p\u00e5 tilbud f\u00f8r jul. Foto: Elisabeth Dalseg\" alt=\"\" class=\"\" style=\"--aspect-ratio-image: 1.33; \"\/><\/p>\n<p>\n          LITEN PEKEPINN? For et par \u00e5r siden kostet disse under fire kroner p\u00e5 det minste. Butikkene kan ikke si noe om fremtidige kampanjer, men det er nok lave odds p\u00e5 at disse kommer p\u00e5 tilbud f\u00f8r jul. Foto: Elisabeth Dalseg\n      <\/p>\n<p>Tidligere har blant annet sylteagurk, dijonsennep, kanel og gr\u00f8t blitt solgt for knapper og glansbilder. Han er spent p\u00e5 hva som vil v\u00e6re \u00e5rets store priskuttvarer.\u00a0<\/p>\n<p>&#8211; Som forbruker m\u00e5 du kikke litt for \u00e5 finne de beste tilbudene, for det kan v\u00e6re mye \u00e5 spare. Bare pass p\u00e5 at du ikke kj\u00f8per noe du ikke trenger, avslutter forbruker\u00f8konomen.\u00a0<\/p>\n","protected":false},"excerpt":{"rendered":"Kort fortalt Julepriskrigen er i gang, og Extra startet med store priskutt p\u00e5 pepperkaker. Rema 1000 fulgte opp&hellip;\n","protected":false},"author":2,"featured_media":82443,"comment_status":"","ping_status":"","sticky":false,"template":"","format":"standard","meta":{"footnotes":""},"categories":[5],"tags":[20,21,824,24,25,15,19,5593,22,23,17,18,737,1229,13,30,28,29,14,16,572,7636,26,27],"class_list":{"0":"post-82442","1":"post","2":"type-post","3":"status-publish","4":"format-standard","5":"has-post-thumbnail","7":"category-overskrifter","8":"tag-breaking-news","9":"tag-breakingnews","10":"tag-dagligvare","11":"tag-featured-news","12":"tag-featurednews","13":"tag-headlines","14":"tag-hovedoppslag","15":"tag-jul","16":"tag-latest-news","17":"tag-latestnews","18":"tag-main-news","19":"tag-mainnews","20":"tag-mat","21":"tag-matpriser","22":"tag-news","23":"tag-no","24":"tag-norge","25":"tag-norway","26":"tag-nyheter","27":"tag-overskrifter","28":"tag-okonomi","29":"tag-priskrig","30":"tag-top-stories","31":"tag-topstories"},"share_on_mastodon":{"url":"https:\/\/pubeurope.com\/@no\/115519437636875373","error":""},"_links":{"self":[{"href":"https:\/\/www.europesays.com\/no\/wp-json\/wp\/v2\/posts\/82442","targetHints":{"allow":["GET"]}}],"collection":[{"href":"https:\/\/www.europesays.com\/no\/wp-json\/wp\/v2\/posts"}],"about":[{"href":"https:\/\/www.europesays.com\/no\/wp-json\/wp\/v2\/types\/post"}],"author":[{"embeddable":true,"href":"https:\/\/www.europesays.com\/no\/wp-json\/wp\/v2\/users\/2"}],"replies":[{"embeddable":true,"href":"https:\/\/www.europesays.com\/no\/wp-json\/wp\/v2\/comments?post=82442"}],"version-history":[{"count":0,"href":"https:\/\/www.europesays.com\/no\/wp-json\/wp\/v2\/posts\/82442\/revisions"}],"wp:featuredmedia":[{"embeddable":true,"href":"https:\/\/www.europesays.com\/no\/wp-json\/wp\/v2\/media\/82443"}],"wp:attachment":[{"href":"https:\/\/www.europesays.com\/no\/wp-json\/wp\/v2\/media?parent=82442"}],"wp:term":[{"taxonomy":"category","embeddable":true,"href":"https:\/\/www.europesays.com\/no\/wp-json\/wp\/v2\/categories?post=82442"},{"taxonomy":"post_tag","embeddable":true,"href":"https:\/\/www.europesays.com\/no\/wp-json\/wp\/v2\/tags?post=82442"}],"curies":[{"name":"wp","href":"https:\/\/api.w.org\/{rel}","templated":true}]}}