{"id":82472,"date":"2025-11-09T11:52:15","date_gmt":"2025-11-09T11:52:15","guid":{"rendered":"https:\/\/www.europesays.com\/no\/82472\/"},"modified":"2025-11-09T11:52:15","modified_gmt":"2025-11-09T11:52:15","slug":"leteaksjoner-politi-savnede-jenter-funnet-i-god-behold","status":"publish","type":"post","link":"https:\/\/www.europesays.com\/no\/82472\/","title":{"rendered":"Leteaksjoner, Politi | Savnede jenter funnet i god behold"},"content":{"rendered":"\n<p>SISTE: Den siste oppdateringen fra moren som delte om leteaksjonen p\u00e5 Facebook er gode nyheter. Jentene er funnet i god behold &#8211; i Oslo. De skal ha blitt funnet etter tips fra publikum.<\/p>\n<p>Sandefjords blad skriver at et innlegg som har spredd seg p\u00e5 sosiale medier har f\u00f8rt til private leteaksjoner etter en jente fra Sandefjord.<\/p>\n<p>Politiet sier de har v\u00e6rt i kontakt med foreldrene til den savnede jenta, men at det p\u00e5 n\u00e5v\u00e6rende tidspunkt ikke er igangssatt en st\u00f8rre leteaksjon. De er i en innledende fase der de henter mer informasjon om saken f\u00f8r de tar nye vurderinger, f\u00e5r SB opplyst rundt klokka 10 l\u00f8rdag formiddag.<\/p>\n<p>Status er den samme fra politiet klokken 15.30 l\u00f8rdag ettermiddag, de setter ikke i gang en redningsaksjon p\u00e5 n\u00e5v\u00e6rende tidspunkt, men f\u00f8lger saken, og gj\u00f8r l\u00f8pende vurderinger, if\u00f8lge operasjonsleder \u00d8ystein Eikedalen.<\/p>\n<p>Jenta, som er tidlig i ten\u00e5rene, har ikke gitt livstegn til familien, siden hun var p\u00e5 konfirmantundervisning i Sandefjord fredag kveld. <\/p>\n<p>\u00d8P har v\u00e6rt i kontakt med jentas mor, som forteller at de har hatt sikre vitneobservasjoner av jenta sammen med en venninne p\u00e5 Meny S\u00f8ndersr\u00f8d i Helgeroa tidlig l\u00f8rdag morgen.<\/p>\n<p><b>&#8211; Etter det har vi grunn til \u00e5 tro at de to har g\u00e5tt ombord i et tog. Oslo-politiet er ogs\u00e5 informert, sier moren.<\/b><\/p>\n<p>Moren er helt sikker p\u00e5 at det ikke dreier seg om rus &#8211; og understreker at datteren aldri har r\u00f8mt hjemmefra tidligere.<\/p>\n","protected":false},"excerpt":{"rendered":"SISTE: Den siste oppdateringen fra moren som delte om leteaksjonen p\u00e5 Facebook er gode nyheter. Jentene er funnet&hellip;\n","protected":false},"author":2,"featured_media":17804,"comment_status":"","ping_status":"","sticky":false,"template":"","format":"standard","meta":{"footnotes":""},"categories":[5],"tags":[36,20,21,24,25,15,19,113,22,23,579,17,18,13,30,28,29,14,16,254,4782,1510,26,27],"class_list":{"0":"post-82472","1":"post","2":"type-post","3":"status-publish","4":"format-standard","5":"has-post-thumbnail","7":"category-overskrifter","8":"tag-art","9":"tag-breaking-news","10":"tag-breakingnews","11":"tag-featured-news","12":"tag-featurednews","13":"tag-headlines","14":"tag-hovedoppslag","15":"tag-larvik","16":"tag-latest-news","17":"tag-latestnews","18":"tag-leteaksjoner","19":"tag-main-news","20":"tag-mainnews","21":"tag-news","22":"tag-no","23":"tag-norge","24":"tag-norway","25":"tag-nyheter","26":"tag-overskrifter","27":"tag-politi","28":"tag-sandefjord","29":"tag-story","30":"tag-top-stories","31":"tag-topstories"},"share_on_mastodon":{"url":"https:\/\/pubeurope.com\/@no\/115519602411887628","error":""},"_links":{"self":[{"href":"https:\/\/www.europesays.com\/no\/wp-json\/wp\/v2\/posts\/82472","targetHints":{"allow":["GET"]}}],"collection":[{"href":"https:\/\/www.europesays.com\/no\/wp-json\/wp\/v2\/posts"}],"about":[{"href":"https:\/\/www.europesays.com\/no\/wp-json\/wp\/v2\/types\/post"}],"author":[{"embeddable":true,"href":"https:\/\/www.europesays.com\/no\/wp-json\/wp\/v2\/users\/2"}],"replies":[{"embeddable":true,"href":"https:\/\/www.europesays.com\/no\/wp-json\/wp\/v2\/comments?post=82472"}],"version-history":[{"count":0,"href":"https:\/\/www.europesays.com\/no\/wp-json\/wp\/v2\/posts\/82472\/revisions"}],"wp:featuredmedia":[{"embeddable":true,"href":"https:\/\/www.europesays.com\/no\/wp-json\/wp\/v2\/media\/17804"}],"wp:attachment":[{"href":"https:\/\/www.europesays.com\/no\/wp-json\/wp\/v2\/media?parent=82472"}],"wp:term":[{"taxonomy":"category","embeddable":true,"href":"https:\/\/www.europesays.com\/no\/wp-json\/wp\/v2\/categories?post=82472"},{"taxonomy":"post_tag","embeddable":true,"href":"https:\/\/www.europesays.com\/no\/wp-json\/wp\/v2\/tags?post=82472"}],"curies":[{"name":"wp","href":"https:\/\/api.w.org\/{rel}","templated":true}]}}