{"id":82475,"date":"2025-11-09T11:59:31","date_gmt":"2025-11-09T11:59:31","guid":{"rendered":"https:\/\/www.europesays.com\/no\/82475\/"},"modified":"2025-11-09T11:59:31","modified_gmt":"2025-11-09T11:59:31","slug":"omfattende-haerverk-pa-barneskole-i-verdal-nrk-trondelag-lokale-nyheter-tv-og-radio","status":"publish","type":"post","link":"https:\/\/www.europesays.com\/no\/82475\/","title":{"rendered":"Omfattende h\u00e6rverk p\u00e5 barneskole i Verdal \u2013 NRK Tr\u00f8ndelag \u2013 Lokale nyheter, TV og radio"},"content":{"rendered":"<p>\u2013 Det er store skader ja, men eksakt vet vi ikke, sier Stian Nessemo til NRK.<\/p>\n<p>Nessemo er rektor ved Vinne skole i Verdal der det ble oppdaget h\u00e6rverk l\u00f8rdag.<\/p>\n<p>Noen har stappet papir i vasker og latt kranene renne.<\/p>\n<p><a href=\"https:\/\/www.innherred.no\/nyheter\/n\/1MQxql\/oppdaget-haerverk-paa-skole-tak-har-gaatt-i-opploesning\" ec-id=\"https:\/\/www.innherred.no\/nyheter\/n\/1MQxql\/oppdaget-haerverk-paa-skole-tak-har-gaatt-i-opploesning\" ec-name=\"Avisa Innherred\" rel=\"nofollow noopener\" target=\"_blank\">Avisa Innherred<\/a> omtalte saken f\u00f8rst.<\/p>\n<p>\u2013 Det totale omfanget vet vi ikke riktig enda. Det ble oppdaget i ettermiddag av en ansatt p\u00e5 skolen som var innom, og som fikk stoppet kranene det rant fra og varslet videre.<\/p>\n<p>Saken er meldt til politiet.<\/p>\n<p>\u00d8delagt tak<\/p>\n<p>110-sentralen sier til <a href=\"https:\/\/www.t-a.no\/massivt-harverk-pa-skole\/s\/5-116-2253903\" ec-id=\"https:\/\/www.t-a.no\/massivt-harverk-pa-skole\/s\/5-116-2253903\" ec-name=\"Tr\u00f8nder-Avisa\" rel=\"nofollow noopener\" target=\"_blank\">Tr\u00f8nder-Avisa<\/a> at det dreier seg om en vannlekkasje som har rammet 300 kvadratmeter fordelt p\u00e5 to etasjer.<\/p>\n<p>Vaktleder Stig Lunde i 110 Midt-Norge forteller om omfanget.<\/p>\n<p>\u2013 Vi er sju mann p\u00e5 stedet, og de har satt i gang arbeidet, sier vaktleder Stig Lunde i 110 Midt-Norge til avisa.<\/p>\n<p>\u2013 Det er store skader ja, men eksakt vet vi ikke, sier Nessemo til NRK.<\/p>\n<p><a href=\"https:\/\/www.innherred.no\/nyheter\/n\/1MQxql\/oppdaget-haerverk-paa-skole-tak-har-gaatt-i-opploesning\" ec-id=\"https:\/\/www.innherred.no\/nyheter\/n\/1MQxql\/oppdaget-haerverk-paa-skole-tak-har-gaatt-i-opploesning\" ec-name=\"Avisa Innherred\" rel=\"nofollow noopener\" target=\"_blank\">Avisa Innherred<\/a> har snakket avdelingsleder Christian Vist som sier at taket har g\u00e5tt i oppl\u00f8sning, i tillegg til at det ligger omtrent 5 centimeter vann p\u00e5 gulvet.<\/p>\n<p>\u2013 S\u00e5 det er mange tusen liter, ja, sa han til avisa.<\/p>\n<p>Status p\u00e5 s\u00f8ndag<\/p>\n<p>\u2013 \u00c5pner dere skolen p\u00e5 mandag?<\/p>\n<p>\u2013 Vi har l\u00f8pende dialog med brannvesen og de som er p\u00e5 stedet n\u00e5, s\u00e5 skal vi ha en statusoppdatering i morgen. S\u00e5 f\u00e5r vi se, sier rektor Nessemo.<\/p>\n<p>I tillegg til brannvesen er det et skadefirma som jobber p\u00e5 stedet.<\/p>\n<p>Nessemo forklarer at det er mye vann som runnet ned i arealet til mellomtrinnet, i tillegg gjennom gulvet og ned til kontorer, administrasjon, toalett og lager.<\/p>\n<p>\u2013 Jeg ble jo veldig lei meg. \u00c5 se skolen s\u00e5nn er trist, s\u00e5 f\u00e5r vi ta en ny status i morgen og se hvordan vi klarer \u00e5 l\u00f8se de n\u00e6rmeste dagene.<\/p>\n<p>Publisert<\/p>\n<p>08.11.2025, kl. 18.53<\/p>\n","protected":false},"excerpt":{"rendered":"\u2013 Det er store skader ja, men eksakt vet vi ikke, sier Stian Nessemo til NRK. Nessemo er&hellip;\n","protected":false},"author":2,"featured_media":82476,"comment_status":"","ping_status":"","sticky":false,"template":"","format":"standard","meta":{"footnotes":""},"categories":[10],"tags":[20,21,24,25,15,22,23,13,30,28,29,14,16,26,27],"class_list":{"0":"post-82475","1":"post","2":"type-post","3":"status-publish","4":"format-standard","5":"has-post-thumbnail","7":"category-norge","8":"tag-breaking-news","9":"tag-breakingnews","10":"tag-featured-news","11":"tag-featurednews","12":"tag-headlines","13":"tag-latest-news","14":"tag-latestnews","15":"tag-news","16":"tag-no","17":"tag-norge","18":"tag-norway","19":"tag-nyheter","20":"tag-overskrifter","21":"tag-top-stories","22":"tag-topstories"},"share_on_mastodon":{"url":"https:\/\/pubeurope.com\/@no\/115519629932612618","error":""},"_links":{"self":[{"href":"https:\/\/www.europesays.com\/no\/wp-json\/wp\/v2\/posts\/82475","targetHints":{"allow":["GET"]}}],"collection":[{"href":"https:\/\/www.europesays.com\/no\/wp-json\/wp\/v2\/posts"}],"about":[{"href":"https:\/\/www.europesays.com\/no\/wp-json\/wp\/v2\/types\/post"}],"author":[{"embeddable":true,"href":"https:\/\/www.europesays.com\/no\/wp-json\/wp\/v2\/users\/2"}],"replies":[{"embeddable":true,"href":"https:\/\/www.europesays.com\/no\/wp-json\/wp\/v2\/comments?post=82475"}],"version-history":[{"count":0,"href":"https:\/\/www.europesays.com\/no\/wp-json\/wp\/v2\/posts\/82475\/revisions"}],"wp:featuredmedia":[{"embeddable":true,"href":"https:\/\/www.europesays.com\/no\/wp-json\/wp\/v2\/media\/82476"}],"wp:attachment":[{"href":"https:\/\/www.europesays.com\/no\/wp-json\/wp\/v2\/media?parent=82475"}],"wp:term":[{"taxonomy":"category","embeddable":true,"href":"https:\/\/www.europesays.com\/no\/wp-json\/wp\/v2\/categories?post=82475"},{"taxonomy":"post_tag","embeddable":true,"href":"https:\/\/www.europesays.com\/no\/wp-json\/wp\/v2\/tags?post=82475"}],"curies":[{"name":"wp","href":"https:\/\/api.w.org\/{rel}","templated":true}]}}