{"id":82479,"date":"2025-11-09T12:01:09","date_gmt":"2025-11-09T12:01:09","guid":{"rendered":"https:\/\/www.europesays.com\/no\/82479\/"},"modified":"2025-11-09T12:01:09","modified_gmt":"2025-11-09T12:01:09","slug":"sves-analysen-lsk-et-verdig-punktum-for-en-hedersmann-og-en-fantastisk-opprykkssesong-romerikes-blad","status":"publish","type":"post","link":"https:\/\/www.europesays.com\/no\/82479\/","title":{"rendered":"Sves-analysen, LSK | Et verdig punktum \u2013 for en hedersmann og en fantastisk opprykkssesong &#8211; Romerikes Blad"},"content":{"rendered":"<ol>\n<li><a href=\"https:\/\/news.google.com\/rss\/articles\/CBMiogFBVV95cUxNQlNVMFViM0ZmNkRZRDM1dGhCdkMtYkpqZzlRTlJUclcwb2hKTHFUbm4wRUtQdG1IQTVOcGNEMUlEY1pDUngtSkhnMEtaUXU4c3RoUml5MDgtNlJPenZLcWg4NU8waFJzY251U2hxUjIwTUtKX0paSEdsbkNjYWEyeEFvazVpY0JYTGtpN0V4OWRxTk1JV29EZnFiMlB6VVFJSXc?oc=5\" target=\"_blank\" rel=\"nofollow noopener\">Sves-analysen, LSK | Et verdig punktum \u2013 for en hedersmann og en fantastisk opprykkssesong<\/a>&nbsp;&nbsp;Romerikes Blad<\/li>\n<li><a href=\"https:\/\/news.google.com\/rss\/articles\/CBMijgFBVV95cUxQbEQ0WUlNRk4wWXhpcjR5eXo0Y3gzZHg4Y1pOTjdPXzRxRUZrZUNiNmZhMVZ4SWFXck5oSkFvRFdCbGxwc0d4NDdoRFppUENTRE05ZXhHQXU5cm4zb1phcnV1Zy15UTk4V3NDZTZrYndKR0tTR2h3Y2NrMGFsMUc4YkZlUFplUm1VUXdoUjVR?oc=5\" target=\"_blank\" rel=\"nofollow noopener\">LSK, Fotball | Tok farvel med \u00c5r\u00e5sen: \u2013 Det har v\u00e6rt en fantastisk tid<\/a>&nbsp;&nbsp;Romerikes Blad<\/li>\n<li><a href=\"https:\/\/news.google.com\/rss\/articles\/CBMihgFBVV95cUxNUjNDMlpObEI0ZDlEY09LbzJscGFKblRYMzlDdVR2V29sX1U2SUN1MlpnZlpUYUNFcmM5el85S01tVFNSS1VXemJHRjNLTUI2bDNHbUhxWUJScVJFdGVSSHJReldnR1o0QmhyLW5iN0lKTFZSYnI2Q3FkbUpKZm9NSHNWWW1uZw?oc=5\" target=\"_blank\" rel=\"nofollow noopener\">Storsignering: N\u00e5 kommer han hjem<\/a>&nbsp;&nbsp;adressa.no<\/li>\n<li><a href=\"https:\/\/news.google.com\/rss\/articles\/CBMijgFBVV95cUxQZFZGVmUzS29ldjM2NmppWUVkYUdaVHltSjBUNmF5aXh3cWZfSEg3bEtHNERXeDl5eEU3RW5YNmRSQmRxenM2Rnc4S3RSdnMtdUtzZ2xoQ2FLSWpZUUs2QU1DR0ZxNVRMTEt6MGNscEpkcW1yalFoRjJRNG5zVkZPNkpLX1NHUWJYN09yR1pn?oc=5\" target=\"_blank\" rel=\"nofollow noopener\">(+) Tilbake til Trondheim: \u2013 Fantastisk signering<\/a>&nbsp;&nbsp;Nidaros<\/li>\n<li><a href=\"https:\/\/news.google.com\/rss\/articles\/CBMixwFBVV95cUxQSmdwY2lpWDVhV2dtRWtZSHdBMU5HOWthdnRoM2E5bHE2SVl4aE9vRXRPcVdHdy1zT1VCdXNERWZjVEFocjNPYkR5Z1psclVoSVlnV1YzR0JGLWRYWU53R0V3YTJkTmJ1MUEzaXB0WjV2b2wxV3UyVzZDUHRYdko2MVpQcHNJNDFreHIwcWFaVzdETjg3bXp2SmZmY3NLSFJhWXBDcWp6WElGa1NEaGVWNHJZNC0wRFRxRGJudUtoZDFhWnlqdXNv?oc=5\" target=\"_blank\" rel=\"nofollow noopener\">Gjermund \u00c5sen takker av etter fem sesonger i LSK: \u2013 Jeg er s\u00e5 heldig som har f\u00e5tt v\u00e6rt en del av dette<\/a>&nbsp;&nbsp;lsk.no<\/li>\n<\/ol>\n","protected":false},"excerpt":{"rendered":"Sves-analysen, LSK | Et verdig punktum \u2013 for en hedersmann og en fantastisk opprykkssesong&nbsp;&nbsp;Romerikes Blad LSK, Fotball |&hellip;\n","protected":false},"author":2,"featured_media":82480,"comment_status":"","ping_status":"","sticky":false,"template":"","format":"standard","meta":{"footnotes":""},"categories":[59],"tags":[30,28,29,83,82],"class_list":{"0":"post-82479","1":"post","2":"type-post","3":"status-publish","4":"format-standard","5":"has-post-thumbnail","7":"category-sport","8":"tag-no","9":"tag-norge","10":"tag-norway","11":"tag-sport","12":"tag-sports"},"share_on_mastodon":{"url":"https:\/\/pubeurope.com\/@no\/115519637630973426","error":""},"_links":{"self":[{"href":"https:\/\/www.europesays.com\/no\/wp-json\/wp\/v2\/posts\/82479","targetHints":{"allow":["GET"]}}],"collection":[{"href":"https:\/\/www.europesays.com\/no\/wp-json\/wp\/v2\/posts"}],"about":[{"href":"https:\/\/www.europesays.com\/no\/wp-json\/wp\/v2\/types\/post"}],"author":[{"embeddable":true,"href":"https:\/\/www.europesays.com\/no\/wp-json\/wp\/v2\/users\/2"}],"replies":[{"embeddable":true,"href":"https:\/\/www.europesays.com\/no\/wp-json\/wp\/v2\/comments?post=82479"}],"version-history":[{"count":0,"href":"https:\/\/www.europesays.com\/no\/wp-json\/wp\/v2\/posts\/82479\/revisions"}],"wp:featuredmedia":[{"embeddable":true,"href":"https:\/\/www.europesays.com\/no\/wp-json\/wp\/v2\/media\/82480"}],"wp:attachment":[{"href":"https:\/\/www.europesays.com\/no\/wp-json\/wp\/v2\/media?parent=82479"}],"wp:term":[{"taxonomy":"category","embeddable":true,"href":"https:\/\/www.europesays.com\/no\/wp-json\/wp\/v2\/categories?post=82479"},{"taxonomy":"post_tag","embeddable":true,"href":"https:\/\/www.europesays.com\/no\/wp-json\/wp\/v2\/tags?post=82479"}],"curies":[{"name":"wp","href":"https:\/\/api.w.org\/{rel}","templated":true}]}}