{"id":82481,"date":"2025-11-09T12:08:14","date_gmt":"2025-11-09T12:08:14","guid":{"rendered":"https:\/\/www.europesays.com\/no\/82481\/"},"modified":"2025-11-09T12:08:14","modified_gmt":"2025-11-09T12:08:14","slug":"ntb-boligpolitikk-frp-vil-ha-regelstopp-for-bygging-og-avgiftskutt-pa-bolig-vi-ser-na-at-byggebransjen-sliter","status":"publish","type":"post","link":"https:\/\/www.europesays.com\/no\/82481\/","title":{"rendered":"NTB, Boligpolitikk | Frp vil ha \u00abregelstopp\u00bb for bygging og avgiftskutt p\u00e5 bolig: \u2013 Vi ser n\u00e5 at byggebransjen sliter"},"content":{"rendered":"\n<p><b>NTB: <\/b><b>\u2013 Regjeringen snakker om 130.000 nye boliger innen 2030. Det er et fint m\u00e5l, men det blir kun med praten hvis det samtidig innf\u00f8res stadig nye regler og krav som bremser utbyggingen, sier Rune Midtun, boligpolitisk talsperson i Frp.<\/b><\/p>\n<p>Han \u00f8nsker seg f\u00e6rre inngripende reguleringer og bestemmelser som fordyrer det \u00e5 bygge, kj\u00f8pe, flytte og eie bolig.<\/p>\n<p>Boligbyggingen i Norge i dag er p\u00e5 det laveste niv\u00e5et siden krigen, if\u00f8lge NHO Byggen\u00e6ringen.<\/p>\n<p>Samtidig sliter mange, s\u00e6rlig unge, med \u00e5 komme seg inn p\u00e5 boligmarkedet p\u00e5 grunn av h\u00f8ye boligpriser.<\/p>\n<p>\u2013 Gj\u00f8r ikke nok<\/p>\n<p>Regjeringens m\u00e5l om 130.000 nye boliger innen fem \u00e5r ble lansert i februar, men lite har skjedd, mener Frp.<\/p>\n<p>I <a href=\"https:\/\/www.regjeringen.no\/no\/aktuelt\/nye-tiltak-for-a-bygge-fleire-gode-bustader\/id3121699\/\" rel=\"nofollow noopener\" target=\"_blank\">statsbudsjettet<\/a> for neste \u00e5r het det \u00e5 \u00abtillate igangsettelsen\u00bb av de 130.000 nye boligene innen 2030.<\/p>\n<p>Tiltakene for \u00e5 f\u00e5 til det, inneb\u00e6rer \u00e5 g\u00e5 gjennom kravene og tilrettelegge for digital og automatisk sjekk av regler og saksprosesser.<\/p>\n<p>Det er ikke nok, mener Frps boligpolitiske talsperson, som vil stanse innf\u00f8ring av ny tekniske krav og p\u00e5legg for utbyggerne de neste fem \u00e5rene.<\/p>\n<p><b>\u2013 Vi har fremmet forslag om \u00e5 fjerne hjemmel som gir kommunene mulighet til \u00e5 stille klimakrav for \u00e5 begrense utslipp fra byggeplasser. Regjeringen sin politikk om utslippsfrie byggeplasser er sterkt fordyrende og fungerer som en byggebrems, sier Midtun.<\/b><\/p>\n<p>   <img decoding=\"async\" width=\"3731\" height=\"2488\" fetchpriority=\"low\"  loading=\"lazy\"  src=\"https:\/\/www.europesays.com\/no\/wp-content\/uploads\/2025\/11\/cueres_scp-fjosfsps_7fjOsf7s6ps.jpg\" alt=\"Oslo  20140701.&#10;L\u00f8renbyen, eksteri\u00f8r. I L\u00f8renbyen bygges det boliger. L\u00f8ren forvandles til en moderne boligby med nybygg, butikker, kafeer og restauranter. Her holder byggarbeidere p\u00e5 \u00e5 bygge L\u00f8renpynten.&#10;Foto: Anette Karlsen \/ NTB\" class=\"brick-c-cFOWSL\" style=\"--brick-image-ratio: 3731 \/ 2488;\"\/><\/p>\n<p>      Nye krav, milj\u00f8hensyn og saksbehandling gj\u00f8r at bygging er dyrt og tar lang tid, mener Frp, som n\u00e5 vil ha regelstopp i fem \u00e5r.<br \/>\n      Foto: Anette Karlsen\n    <\/p>\n<p>  Inviterer Ap til regelstopp<\/p>\n<p>For at flere skal komme seg inn p\u00e5 boligmarkedet, vil Frp fjerne dokumentavgiften, kutte eiendomsskatten og redusere offentlige kostnader.<\/p>\n<p>Samtidig vil partiet f\u00e5 fart p\u00e5 boligbyggingen. Da foresl\u00e5r de regelstopp for nye krav og forskrifter, samt en gjennomgang av plan- og bygningsloven for \u00e5 sikre raskere og enklere prosesser.<\/p>\n<p><b>\u2013 Vi ser n\u00e5 at byggebransjen sliter. Antall igangsatte boliger er dramatisk lavt, og mange prosjekter stoppes p\u00e5 grunn av byr\u00e5krati og uforutsigbare kostnader, sier Midtun.<\/b><\/p>\n<p>Han mener kommunene m\u00e5 f\u00e5 st\u00f8rre frihet til \u00e5 utvikle egne boligomr\u00e5der, uten statlige retningslinjer og innsigelser fra fylkeskommunen.<\/p>\n<p>Dette vil Frp ha med seg Ap-regjeringen p\u00e5.<\/p>\n<p><b>\u2013 N\u00e5 kan Ap snu seg mot Frp, og vi kan f\u00e5 dette reversert s\u00e5 snart som mulig.<\/b><\/p>\n<p>\u2013 Kunne v\u00e6rt verre<\/p>\n<p>Kommunal- og distriktsminister Bj\u00f8rnar Skj\u00e6ran (Ap) tar ikke imot invitasjonen. Han mener at en regelstopp ikke er l\u00f8sningen, men at man m\u00e5 se p\u00e5 prosessene.<\/p>\n<p>Skj\u00e6ran vedg\u00e5r at byggereglene m\u00e5 forbedres, og han sier at kommuner og n\u00e6ringslivet har gitt innspill i prosessen med \u00e5 gjennomg\u00e5 byggtekniske krav.<\/p>\n<p>   <img decoding=\"async\" width=\"6000\" height=\"4000\" fetchpriority=\"low\"  loading=\"lazy\"  src=\"https:\/\/www.europesays.com\/no\/wp-content\/uploads\/2025\/11\/cueres_scp-ncsyiodmzk_nCsyi9oDmzk.jpg\" alt=\"Oslo 20211119. &#10;Fiskeri - og havminister Bj\u00f8rnar Skj\u00e6ran holder tale etter \u00e5 ha f\u00e5tt en omvisning p\u00e5 verdens f\u00f8rste selvkj\u00f8rende, elektriske containerskip MV Yara Birkeland, fredag.&#10;Foto: Torstein B\u00f8e \/ NTB \" class=\"brick-c-cFOWSL\" style=\"--brick-image-ratio: 6000 \/ 4000;\"\/><\/p>\n<p>      Kommunalminister Bj\u00f8rnar Skj\u00e6ran (Ap) har ansvaret for regjeringens boligpolitikk.<br \/>\n      Foto: Torstein B\u00f8e\n    <\/p>\n<p><b>\u2013 Vi har ogs\u00e5 en kraftig satsing p\u00e5 digitalisering og forenkling. Lykkes vi med de digitaliseringen vi har satt i gang, ansl\u00e5r vi at n\u00e6ringsliv og kommuner potensielt kan spare over en milliard i \u00e5ret p\u00e5 starten av 2030-tallet. Og dette er bare starten p\u00e5 en kraftfull satsing.<\/b><\/p>\n<p>Han sier at regjeringen har gjort en rekke tiltak allerede for boligbyggingen, og mener at nedgangen i boligbyggingen derfor er mindre enn den ellers ville v\u00e6rt.<\/p>\n<p>(\u00a9NTB)<\/p>\n","protected":false},"excerpt":{"rendered":"NTB: \u2013 Regjeringen snakker om 130.000 nye boliger innen 2030. Det er et fint m\u00e5l, men det blir&hellip;\n","protected":false},"author":2,"featured_media":82482,"comment_status":"","ping_status":"","sticky":false,"template":"","format":"standard","meta":{"footnotes":""},"categories":[10],"tags":[36,7995,20,21,3176,24,25,15,22,23,13,30,28,29,1557,14,16,1510,26,27],"class_list":{"0":"post-82481","1":"post","2":"type-post","3":"status-publish","4":"format-standard","5":"has-post-thumbnail","7":"category-norge","8":"tag-art","9":"tag-boligpolitikk","10":"tag-breaking-news","11":"tag-breakingnews","12":"tag-byggebransjen","13":"tag-featured-news","14":"tag-featurednews","15":"tag-headlines","16":"tag-latest-news","17":"tag-latestnews","18":"tag-news","19":"tag-no","20":"tag-norge","21":"tag-norway","22":"tag-ntb","23":"tag-nyheter","24":"tag-overskrifter","25":"tag-story","26":"tag-top-stories","27":"tag-topstories"},"share_on_mastodon":{"url":"https:\/\/pubeurope.com\/@no\/115519665289455119","error":""},"_links":{"self":[{"href":"https:\/\/www.europesays.com\/no\/wp-json\/wp\/v2\/posts\/82481","targetHints":{"allow":["GET"]}}],"collection":[{"href":"https:\/\/www.europesays.com\/no\/wp-json\/wp\/v2\/posts"}],"about":[{"href":"https:\/\/www.europesays.com\/no\/wp-json\/wp\/v2\/types\/post"}],"author":[{"embeddable":true,"href":"https:\/\/www.europesays.com\/no\/wp-json\/wp\/v2\/users\/2"}],"replies":[{"embeddable":true,"href":"https:\/\/www.europesays.com\/no\/wp-json\/wp\/v2\/comments?post=82481"}],"version-history":[{"count":0,"href":"https:\/\/www.europesays.com\/no\/wp-json\/wp\/v2\/posts\/82481\/revisions"}],"wp:featuredmedia":[{"embeddable":true,"href":"https:\/\/www.europesays.com\/no\/wp-json\/wp\/v2\/media\/82482"}],"wp:attachment":[{"href":"https:\/\/www.europesays.com\/no\/wp-json\/wp\/v2\/media?parent=82481"}],"wp:term":[{"taxonomy":"category","embeddable":true,"href":"https:\/\/www.europesays.com\/no\/wp-json\/wp\/v2\/categories?post=82481"},{"taxonomy":"post_tag","embeddable":true,"href":"https:\/\/www.europesays.com\/no\/wp-json\/wp\/v2\/tags?post=82481"}],"curies":[{"name":"wp","href":"https:\/\/api.w.org\/{rel}","templated":true}]}}