{"id":82509,"date":"2025-11-09T13:05:08","date_gmt":"2025-11-09T13:05:08","guid":{"rendered":"https:\/\/www.europesays.com\/no\/82509\/"},"modified":"2025-11-09T13:05:08","modified_gmt":"2025-11-09T13:05:08","slug":"flere-tusen-tapte-penger-i-oktober-komplisert-ordning-fvn-no","status":"publish","type":"post","link":"https:\/\/www.europesays.com\/no\/82509\/","title":{"rendered":"(+) Flere tusen tapte penger i oktober: \u2013 Komplisert ordning &#8211; fvn.no"},"content":{"rendered":"<ol>\n<li><a href=\"https:\/\/news.google.com\/rss\/articles\/CBMitwFBVV95cUxQZml5X2NHYmduNEtJZ05OaXR6STFnY0ItenZUWE1QQUFuQ2J3SElqVVVMSEU3WnBnSHNNc1loVEI2cnZsRWtGdVllX19ERGRfQW9yUTJvQmQwakQ2cVc0SUUzeTRRQkFjTWJFSk5fVnhNa1pKMXVldlRGeXlZaGFlMGhFWHhYcnRHZGZLeklBZTRrbU1ENkJBaGgwSDZSdFM0Q0lPQlNIbnRYZEw1eDNjS0lNY0UzZk0?oc=5\" target=\"_blank\" rel=\"nofollow noopener\">(+) Flere tusen tapte penger i oktober: \u2013 Komplisert ordning<\/a>&nbsp;&nbsp;fvn.no<\/li>\n<li><a href=\"https:\/\/news.google.com\/rss\/articles\/CBMioAFBVV95cUxOdW5rZk95MEhVNzV2WnFaa2dwanJoUzJoT2pvMUc3dmZLMUdfM1E1cHBfclFxb2gxNTMwZzkyOVZtaVloMk1kVWxzX1F4bUZoOHgzYXlqcE4wUk0waTIyNkMyaHVBT0IxODBnZ0tzOVlFNVFiNEw0TzQ5SElHX293NTNzMzJxZEFKZ3RTZGdKRmdoWEFtdTZvc1lQMkplQUVn?oc=5\" target=\"_blank\" rel=\"nofollow noopener\">\u00c9n m\u00e5ned med Norgespris &#8211; dette skjedde med str\u00f8mforbruket<\/a>&nbsp;&nbsp;Ringsaker Blad<\/li>\n<li><a href=\"https:\/\/news.google.com\/rss\/articles\/CBMiowFBVV95cUxNcnlMcDhnbnVHaE9BMy1GTnRVaXJyNWVDTG02UlZLSUN0bmRnellKMTZoVXpQd3ZpSFN6R0c2UFF5UVRocFA4a3BTbFRha3B2WFAwdkVuMjRzSl9wUFNwNHhLb20yOHBaZGlvM19TV0Yzb3VFaElkMGY3YUgtRzJTcjNqeE5ZbURQYkRzcW80bmwwSV85V2F3R1piMEEzakZ4U0Rv?oc=5\" target=\"_blank\" rel=\"nofollow noopener\">I neste uke kommer Norgespris-regningen: \u2013 Vi forventer stor p\u00e5gang<\/a>&nbsp;&nbsp;Haugesunds Avis<\/li>\n<li><a href=\"https:\/\/news.google.com\/rss\/articles\/CBMijAFBVV95cUxNV3JfcWhRX1gzZllhMW9YWFphQ0V2UXhKMGFmOThqUXl1Y0FIV1huTzBPRVZ4TDF0TGFzaTNsNlo4MFZuRGMzaDNmd2thb054S2ZfREV3dUJKMXhzaXJ3N2J3TjhTWmtpZGo2bU9kQ1VFYnh1SWJVem0zdDhNSWY0RmFENGIwUzJHUHNfMA?oc=5\" target=\"_blank\" rel=\"nofollow noopener\">S\u00e5 mange angret p\u00e5 at de bestilte norgespris<\/a>&nbsp;&nbsp;Gl\u00e5mdalen<\/li>\n<li><a href=\"https:\/\/news.google.com\/rss\/articles\/CBMimgFBVV95cUxORzI3Zll0Z2dadGNVVlZQM2RsbjlsUFJjSzZ3YlZDOVo4S3BraHVjNXRDMVd0N0ZFS0p0ZEVwNmxFVDBGa01wNmxIRUc5VEZtMktzd3oyN1ByaENtelZicGVsWFF6dWdBbFdVd3dBQWJ2TVhBTjBJMkVaMWx0ODgtR0EwdkFxMEo5T1JPelpmOXZjZzE0UkFWekpR?oc=5\" target=\"_blank\" rel=\"nofollow noopener\">Vi sl\u00f8ser ikke med str\u00f8mmen med norgespris<\/a>&nbsp;&nbsp;adressa.no<\/li>\n<\/ol>\n","protected":false},"excerpt":{"rendered":"(+) Flere tusen tapte penger i oktober: \u2013 Komplisert ordning&nbsp;&nbsp;fvn.no \u00c9n m\u00e5ned med Norgespris &#8211; dette skjedde med&hellip;\n","protected":false},"author":2,"featured_media":82510,"comment_status":"","ping_status":"","sticky":false,"template":"","format":"standard","meta":{"footnotes":""},"categories":[10],"tags":[20,21,24,25,15,22,23,13,30,28,3333,29,14,16,2008,243,26,27],"class_list":{"0":"post-82509","1":"post","2":"type-post","3":"status-publish","4":"format-standard","5":"has-post-thumbnail","7":"category-norge","8":"tag-breaking-news","9":"tag-breakingnews","10":"tag-featured-news","11":"tag-featurednews","12":"tag-headlines","13":"tag-latest-news","14":"tag-latestnews","15":"tag-news","16":"tag-no","17":"tag-norge","18":"tag-norgespris","19":"tag-norway","20":"tag-nyheter","21":"tag-overskrifter","22":"tag-penger","23":"tag-strom","24":"tag-top-stories","25":"tag-topstories"},"share_on_mastodon":{"url":"https:\/\/pubeurope.com\/@no\/115519889398280298","error":""},"_links":{"self":[{"href":"https:\/\/www.europesays.com\/no\/wp-json\/wp\/v2\/posts\/82509","targetHints":{"allow":["GET"]}}],"collection":[{"href":"https:\/\/www.europesays.com\/no\/wp-json\/wp\/v2\/posts"}],"about":[{"href":"https:\/\/www.europesays.com\/no\/wp-json\/wp\/v2\/types\/post"}],"author":[{"embeddable":true,"href":"https:\/\/www.europesays.com\/no\/wp-json\/wp\/v2\/users\/2"}],"replies":[{"embeddable":true,"href":"https:\/\/www.europesays.com\/no\/wp-json\/wp\/v2\/comments?post=82509"}],"version-history":[{"count":0,"href":"https:\/\/www.europesays.com\/no\/wp-json\/wp\/v2\/posts\/82509\/revisions"}],"wp:featuredmedia":[{"embeddable":true,"href":"https:\/\/www.europesays.com\/no\/wp-json\/wp\/v2\/media\/82510"}],"wp:attachment":[{"href":"https:\/\/www.europesays.com\/no\/wp-json\/wp\/v2\/media?parent=82509"}],"wp:term":[{"taxonomy":"category","embeddable":true,"href":"https:\/\/www.europesays.com\/no\/wp-json\/wp\/v2\/categories?post=82509"},{"taxonomy":"post_tag","embeddable":true,"href":"https:\/\/www.europesays.com\/no\/wp-json\/wp\/v2\/tags?post=82509"}],"curies":[{"name":"wp","href":"https:\/\/api.w.org\/{rel}","templated":true}]}}