{"id":82529,"date":"2025-11-09T13:44:08","date_gmt":"2025-11-09T13:44:08","guid":{"rendered":"https:\/\/www.europesays.com\/no\/82529\/"},"modified":"2025-11-09T13:44:08","modified_gmt":"2025-11-09T13:44:08","slug":"live-rosenborg-valerenga-dagbladet","status":"publish","type":"post","link":"https:\/\/www.europesays.com\/no\/82529\/","title":{"rendered":"LIVE: Rosenborg &#8211; V\u00e5lerenga &#8211; Dagbladet"},"content":{"rendered":"<ol>\n<li><a href=\"https:\/\/news.google.com\/rss\/articles\/CBMickFVX3lxTE9Sb0xIbEVxOWpuOVR3Sl9ULTFKMHpaaC1BSTQ1cy00bGtoOEF1NEFqWl81d1ljVHJpajBWWXFraFBYWHMzQkVrOVVZUGo5YlJHeDVKTThBbDhncGNJTVdsU3RaMUtueTdZQV9kZG9QWWFzUQ?oc=5\" target=\"_blank\" rel=\"nofollow noopener\">LIVE: Rosenborg &#8211; V\u00e5lerenga<\/a>&nbsp;&nbsp;Dagbladet<\/li>\n<li><a href=\"https:\/\/news.google.com\/rss\/articles\/CBMitgFBVV95cUxQb2pidU5rTkotMFl4QmFKUWlEZ211ekkwM0toOEc4c0kwbVVoYkRMUHdPV2I3NC1FRVR0M3FqYTZTYlVaU051b1psYmk2RlF2bWNIZXh4VVZCN3lGTXNCWnJVenRraXN2WW95VEhnR1c5UXM5MEtlM0szNDFTSHJ5WFdJMHk2Zmo2MXktV2toWDRoWDR0QVNOSkNaSlBPbDdDcmJuYmRXMmwyZGtzRWJTVGNmUnlPUQ?oc=5\" target=\"_blank\" rel=\"nofollow noopener\">V\u00e5lerenga sikret kvalifisering til Mesterligaen &#8211; vant cupfinalens generalpr\u00f8ve<\/a>&nbsp;&nbsp;NRK<\/li>\n<li><a href=\"https:\/\/news.google.com\/rss\/articles\/CBMifEFVX3lxTFBLZjhwdHA4b0NrMW1rZGlzTkRmb3V4TEtfZGpPU09haXJGLW9WSzRNQzdjcjRYQnFiNE91OHlYb0VmOTVtSzlORzA2bFRtaUlmUkVyLXdVcmhrajhxMjNsb2Y1dVBWTkZHY0hjTUVpQ0RraGV3MlplRzR0T1I?oc=5\" target=\"_blank\" rel=\"nofollow noopener\">RBK, Sport | RBK-profil tilbake: Slik starter tr\u00f8nderne mot V\u00e5lerenga<\/a>&nbsp;&nbsp;Nidaros<\/li>\n<li><a href=\"https:\/\/news.google.com\/rss\/articles\/CBMijgFBVV95cUxNQklLTjhTN192YkczMlhZeU5TUklWbUJhMmdCdUpWN3BNN19JdDRON0pUbTJVN2JLNm9MWXgyMW5fdTlsS2tqUVp4Q3A0ZlgtRjV4NGJpZTNrd0ZqbDNZLTZjQWNYdXZqdVdab3ZuSGZxUTI5cUx0c0RodjZqLXl3M1NncDRXTTVFcmtwZjJB?oc=5\" target=\"_blank\" rel=\"nofollow noopener\">Toppserien: V\u00e5lerenga vant storoppgj\u00f8ret &#8211; sikret s\u00f8lvet<\/a>&nbsp;&nbsp;TV2.no<\/li>\n<li><a href=\"https:\/\/news.google.com\/rss\/articles\/CBMimgFBVV95cUxQVHZyM0FrVEJ3cjBpcHJnUnk2VXNCYWVkVEhZOXQ2QzdvM2hGeDczczlzYkR2SjB2ZFZsTkFhaEhEZU93dTRVVVVEQkYzVjdsT3B2c0tWVWhBazhfY1FwWWc4US1Eb2x0OEh6STBmakxycnp5V0l5ajVGMXJzR28tSlJuODQ0am9XUDdrYWdEbXZ0OEQ1aGlxdE9R?oc=5\" target=\"_blank\" rel=\"nofollow noopener\">Vond RBK-kveld: &#8211; Presterer ikke godt nok i toppkampene<\/a>&nbsp;&nbsp;Aftenposten<\/li>\n<\/ol>\n","protected":false},"excerpt":{"rendered":"LIVE: Rosenborg &#8211; V\u00e5lerenga&nbsp;&nbsp;Dagbladet V\u00e5lerenga sikret kvalifisering til Mesterligaen &#8211; vant cupfinalens generalpr\u00f8ve&nbsp;&nbsp;NRK RBK, Sport | RBK-profil tilbake:&hellip;\n","protected":false},"author":2,"featured_media":82530,"comment_status":"","ping_status":"","sticky":false,"template":"","format":"standard","meta":{"footnotes":""},"categories":[59],"tags":[92,30,28,29,1540,83,82],"class_list":{"0":"post-82529","1":"post","2":"type-post","3":"status-publish","4":"format-standard","5":"has-post-thumbnail","7":"category-sport","8":"tag-fotball","9":"tag-no","10":"tag-norge","11":"tag-norway","12":"tag-rosenborg","13":"tag-sport","14":"tag-sports"},"share_on_mastodon":{"url":"https:\/\/pubeurope.com\/@no\/115520042668953729","error":""},"_links":{"self":[{"href":"https:\/\/www.europesays.com\/no\/wp-json\/wp\/v2\/posts\/82529","targetHints":{"allow":["GET"]}}],"collection":[{"href":"https:\/\/www.europesays.com\/no\/wp-json\/wp\/v2\/posts"}],"about":[{"href":"https:\/\/www.europesays.com\/no\/wp-json\/wp\/v2\/types\/post"}],"author":[{"embeddable":true,"href":"https:\/\/www.europesays.com\/no\/wp-json\/wp\/v2\/users\/2"}],"replies":[{"embeddable":true,"href":"https:\/\/www.europesays.com\/no\/wp-json\/wp\/v2\/comments?post=82529"}],"version-history":[{"count":0,"href":"https:\/\/www.europesays.com\/no\/wp-json\/wp\/v2\/posts\/82529\/revisions"}],"wp:featuredmedia":[{"embeddable":true,"href":"https:\/\/www.europesays.com\/no\/wp-json\/wp\/v2\/media\/82530"}],"wp:attachment":[{"href":"https:\/\/www.europesays.com\/no\/wp-json\/wp\/v2\/media?parent=82529"}],"wp:term":[{"taxonomy":"category","embeddable":true,"href":"https:\/\/www.europesays.com\/no\/wp-json\/wp\/v2\/categories?post=82529"},{"taxonomy":"post_tag","embeddable":true,"href":"https:\/\/www.europesays.com\/no\/wp-json\/wp\/v2\/tags?post=82529"}],"curies":[{"name":"wp","href":"https:\/\/api.w.org\/{rel}","templated":true}]}}