{"id":82546,"date":"2025-11-09T14:08:07","date_gmt":"2025-11-09T14:08:07","guid":{"rendered":"https:\/\/www.europesays.com\/no\/82546\/"},"modified":"2025-11-09T14:08:07","modified_gmt":"2025-11-09T14:08:07","slug":"nyheter-kongsberg-besoksrekord-for-apen-kveld-bak-gjerdet","status":"publish","type":"post","link":"https:\/\/www.europesays.com\/no\/82546\/","title":{"rendered":"Nyheter, Kongsberg | Bes\u00f8ksrekord for \u00e5pen kveld bak gjerdet"},"content":{"rendered":"\n<p>Stikkordet er rekruttering. For fjerde \u00e5r p\u00e5 rad fikk publikum komme og se innenfor gjerdet til industrien.<\/p>\n<p>I en pressemelding fra K-tech uttrykker daglig leder Stein Sandvold glede over interessen. <\/p>\n<p><a href=\"https:\/\/k-tech.no\/\" rel=\"Follow nofollow noopener\" target=\"_blank\">K-tech<\/a> er teknologiselskapenes oppl\u00e6ringsbedrift. Alle som starter som fagarbeidere innenfor nevnte gjerde skal igjennom opplegget de st\u00e5r bak. <\/p>\n<p>   <img decoding=\"async\" width=\"2516\" height=\"1604\" fetchpriority=\"low\"  loading=\"lazy\"  src=\"https:\/\/www.europesays.com\/no\/wp-content\/uploads\/2025\/11\/sandvold1.jpg\" alt=\"\" class=\"brick-c-cFOWSL\" style=\"--brick-image-ratio: 2516 \/ 1604;\"\/><\/p>\n<p>      FORN\u00d8YD: Stein Sandvold ved K-tech er veldig forn\u00f8yd med interessen for virksomheten deres. Det er mange som er interessert i fremtidig jobb som fagarbeidere i lokal industri.<br \/>\n      Foto: K-tech\/Akari\n    <\/p>\n<p>  De beste<\/p>\n<p>Her formes l\u00e6rlingene til det kongsbergindustrien \u2013 og K-tech selv \u2013 skaml\u00f8st kaller \u00abverdens beste fagarbeidere\u00bb. Det sier litt om ambisjonene lokal industri har i verden, og ikke minst at det ikke fremst\u00e5r som noe B-lag \u00e5 sikte inn p\u00e5 med tanke p\u00e5 fremtidig jobb.<\/p>\n<p>Stikkordet for et arrangement som dette er rekruttering. Industribedriftene er veldig opptatt av \u00e5 knytte til seg ansatte som kommer fra n\u00e6rmilj\u00f8et rundt. Statistikken viser at dem som har r\u00f8tter blir v\u00e6rende. Og stabil kompetanse er viktig for \u00e5 kunne drive videre p\u00e5 samme niv\u00e5.<\/p>\n<p><b>Hele pressemeldingen her: <a href=\"http:\/\/g.acdn.no\/scrinium\/ece5\/5-64-1601010\/laag\/2025\/11\/9\/9\/A%CC%8Apen_Dag_2025_Kongsberg_Teknologipark.pdf\" rel=\"nofollow noopener\" target=\"_blank\">A\u030apen dag i Kongsberg Teknologipark<\/a>  <\/b><\/p>\n<p>   <img decoding=\"async\" width=\"2126\" height=\"1477\" fetchpriority=\"low\"  loading=\"lazy\"  src=\"https:\/\/www.europesays.com\/no\/wp-content\/uploads\/2025\/11\/sandvold2.jpg\" alt=\"\" class=\"brick-c-cFOWSL\" style=\"--brick-image-ratio: 2126 \/ 1477;\"\/><\/p>\n<p>      L\u00c6RLINGER: Line M\u00f8lsted og Celin Lauvlid-Bastiansen, l\u00e6rlinger hos GKN Aerospace. De er med \u00e5 rekruttere enda flere ungdommer til jobb i lokal industri.<br \/>\n      Foto: K-tech\/Akari\n    <\/p>\n<p>  L\u00e6rlinger<\/p>\n<p>L\u00e6rlinger fra 17 l\u00e6refag sto p\u00e5 stand og svarte p\u00e5 sp\u00f8rsm\u00e5l om arbeidshverdag, utdanningsl\u00f8p og karriereveier. <\/p>\n<p>Ogs\u00e5 fagfolk fra GKN Aerospace, Kongsberg Defence &amp; Aerospace, TechnipFMC og Kongsberg Maritime deltok, sammen med elever fra KKY i egne produksjonslokaler.<\/p>\n<p>Flere jenter<\/p>\n<p>Sandvold forteller om h\u00f8y jenteandel \u2013 n\u00e6r 24 prosent av l\u00e6rlingene \u2013 og merkbar interesse fra foresatte. Det har v\u00e6rt et m\u00e5l \u00e5 \u00f8ke jenteandelen i det som lenge har v\u00e6rt typiske gutteyrker. Mye tyder p\u00e5 at de n\u00e5r fram med budskapet.<\/p>\n<p>\u2013 Unge skal f\u00e5 et glimt av hva som finnes her, og kanskje tenke \u2018- dette kunne v\u00e6rt noe for meg, sier Sandvold. Rekrutteringen av fagarbeidere r avgj\u00f8rende for industrien i Kongsberg.<\/p>\n<p>  <a href=\"https:\/\/www.laagendalsposten.no\/5-64-1584125\" class=\"related-teaser has-image default-story-teaser article--c-eRUmMG article--c-eRUmMG-jKCPdD-design-default\" rel=\"nofollow noopener\" target=\"_blank\"><\/p>\n<p>    <img decoding=\"async\" loading=\"lazy\"  src=\"https:\/\/www.europesays.com\/no\/wp-content\/uploads\/2025\/11\/Digitabel++KDA.bin\" alt=\"\" class=\"brick-c-cFOWSL\" style=\"\"\/><\/p>\n<p>\n            Les ogs\u00e5<\/p>\n<p>              Niclas og Andreas vil s\u00f8rge for at barn kan \u00absnakke\u00bb med teknologien\n        <\/p>\n<p>  <\/a><\/p>\n<p>  <a href=\"https:\/\/www.laagendalsposten.no\/5-64-1600416\" class=\"related-teaser has-image default-story-teaser article--c-eRUmMG article--c-eRUmMG-jKCPdD-design-default\" rel=\"nofollow noopener\" target=\"_blank\"><\/p>\n<p>    <img decoding=\"async\" loading=\"lazy\"  src=\"https:\/\/www.europesays.com\/no\/wp-content\/uploads\/2025\/11\/Kongsbergkonferansen.samferdsel.2025.JPG\" alt=\"\" class=\"brick-c-cFOWSL\" style=\"\"\/><\/p>\n<p>\n            Les ogs\u00e5<\/p>\n<p>              Samferdsel under press: Kongsberg m\u00e5 investere for \u00e5 h\u00e5ndtere historisk vekst\n        <\/p>\n<p>  <\/a><\/p>\n","protected":false},"excerpt":{"rendered":"Stikkordet er rekruttering. For fjerde \u00e5r p\u00e5 rad fikk publikum komme og se innenfor gjerdet til industrien. I&hellip;\n","protected":false},"author":2,"featured_media":82547,"comment_status":"","ping_status":"","sticky":false,"template":"","format":"standard","meta":{"footnotes":""},"categories":[58],"tags":[465,36,71,11130,537,11128,5279,11129,30,28,29,14,5161,1510,72],"class_list":{"0":"post-82546","1":"post","2":"type-post","3":"status-publish","4":"format-standard","5":"has-post-thumbnail","7":"category-underholdning","8":"tag-arbeidsliv","9":"tag-art","10":"tag-entertainment","11":"tag-fagarbeidere","12":"tag-industri","13":"tag-k-tech","14":"tag-kongsberg","15":"tag-laerlinger","16":"tag-no","17":"tag-norge","18":"tag-norway","19":"tag-nyheter","20":"tag-opplaering","21":"tag-story","22":"tag-underholdning"},"share_on_mastodon":{"url":"https:\/\/pubeurope.com\/@no\/115520137101438231","error":""},"_links":{"self":[{"href":"https:\/\/www.europesays.com\/no\/wp-json\/wp\/v2\/posts\/82546","targetHints":{"allow":["GET"]}}],"collection":[{"href":"https:\/\/www.europesays.com\/no\/wp-json\/wp\/v2\/posts"}],"about":[{"href":"https:\/\/www.europesays.com\/no\/wp-json\/wp\/v2\/types\/post"}],"author":[{"embeddable":true,"href":"https:\/\/www.europesays.com\/no\/wp-json\/wp\/v2\/users\/2"}],"replies":[{"embeddable":true,"href":"https:\/\/www.europesays.com\/no\/wp-json\/wp\/v2\/comments?post=82546"}],"version-history":[{"count":0,"href":"https:\/\/www.europesays.com\/no\/wp-json\/wp\/v2\/posts\/82546\/revisions"}],"wp:featuredmedia":[{"embeddable":true,"href":"https:\/\/www.europesays.com\/no\/wp-json\/wp\/v2\/media\/82547"}],"wp:attachment":[{"href":"https:\/\/www.europesays.com\/no\/wp-json\/wp\/v2\/media?parent=82546"}],"wp:term":[{"taxonomy":"category","embeddable":true,"href":"https:\/\/www.europesays.com\/no\/wp-json\/wp\/v2\/categories?post=82546"},{"taxonomy":"post_tag","embeddable":true,"href":"https:\/\/www.europesays.com\/no\/wp-json\/wp\/v2\/tags?post=82546"}],"curies":[{"name":"wp","href":"https:\/\/api.w.org\/{rel}","templated":true}]}}