{"id":82551,"date":"2025-11-09T14:14:36","date_gmt":"2025-11-09T14:14:36","guid":{"rendered":"https:\/\/www.europesays.com\/no\/82551\/"},"modified":"2025-11-09T14:14:36","modified_gmt":"2025-11-09T14:14:36","slug":"glimt-sport-glimt-tapte","status":"publish","type":"post","link":"https:\/\/www.europesays.com\/no\/82551\/","title":{"rendered":"Glimt, Sport | Glimt tapte"},"content":{"rendered":"\n<p>Med \u00e9n serierunde igjen er Kolbotn p\u00e5 direkte nedrykk med 17 poeng. R\u00f8a er p\u00e5 kvalikplassen med 19, mens Bod\u00f8\/Glimt st\u00e5r med 20.<\/p>\n<p>Kolbotn har desidert svakest m\u00e5lforskjell og kan trolig ikke ta igjen Glimt, men kan ta seg opp p\u00e5 kvalikplassen. For R\u00f8a kan det ende med nedrykk, kvalik eller trygg plass.<\/p>\n<p>Samtlige har likevel sv\u00e6rt t\u00f8ffe kamper i vente. Glimt tar turen til Bergen for \u00e5 m\u00f8te Brann, mens R\u00f8a forblir i Oslo for \u00e5 spille mot V\u00e5lerenga. Kolbotn m\u00f8ter p\u00e5 sin side Rosenborg p\u00e5 eget gress.<\/p>\n<p>Reddet seieren<\/p>\n<p>Bod\u00f8\/Glimt, som var p\u00e5 den siste trygge plassen f\u00f8r runden, trengte selv poeng i oppgj\u00f8ret for \u00e5 unng\u00e5 en forlenget sesong.<\/p>\n<p>Selv med en god start for Glimt, endte det med et sviende 1-2 tap mot Kolbotn.<\/p>\n<p>Null poeng i fredagens kamp betyr at de m\u00e5 stille skjerpet i siste serierunde ogs\u00e5.<\/p>\n<p>\u2013 Det er fryktelig tungt. Det er vanskelig \u00e5 beskrive, alt er bare surt. Vi hadde muligheten i dag. Det er ikke avgjort enda, s\u00e5 vi kan ikke grave oss ned. Det er en kamp igjen, sier Glimts m\u00e5lscorer, Ida Holm Neset.<\/p>\n<p>   <img decoding=\"async\" width=\"5712\" height=\"4284\" fetchpriority=\"low\"  loading=\"lazy\"  src=\"https:\/\/www.europesays.com\/no\/wp-content\/uploads\/2025\/11\/IMG_4272.jpg\" alt=\"\" class=\"brick-c-cFOWSL\" style=\"--brick-image-ratio: 5712 \/ 4284;\"\/><\/p>\n<p>      Ida Holm Neset.<br \/>\n      Foto: Andreas Almli\n    <\/p>\n<p>I siste kamp skal Glimt til Bergen hvor de m\u00f8ter Brann.<\/p>\n<p>\u2013 Det er en fin mulighet til \u00e5 teste oss mot de beste. Innsats trumfer alt av og til. Vi m\u00e5 g\u00e5 inn dit og tro at det er mulig. R\u00f8a m\u00f8ter V\u00e5lerenga, s\u00e5 det er ikke kj\u00f8rt selv om det f\u00f8les litt s\u00e5nn i dag, sier Holm Neset.<\/p>\n<p>Dr\u00f8mmescoring<\/p>\n<p>R\u00f8a fikk en t\u00f8ff start hjemme mot H\u00f8nefoss da de havnet under etter ni minutter. Minutter senere tente Elias Berisha h\u00e5pet om fortsatt Toppserien-kontrakt da hun traff blink fra midtbanen.<\/p>\n<p>\u2013 En av sesongens desidert vakreste scoringer, konkluderte Amankwah.<\/p>\n<p>Det ga til slutt ett R\u00f8a-poeng, noe som betyr at det er ett poeng opp til Glimt med \u00e9n kamp igjen.<\/p>\n","protected":false},"excerpt":{"rendered":"Med \u00e9n serierunde igjen er Kolbotn p\u00e5 direkte nedrykk med 17 poeng. R\u00f8a er p\u00e5 kvalikplassen med 19,&hellip;\n","protected":false},"author":2,"featured_media":82552,"comment_status":"","ping_status":"","sticky":false,"template":"","format":"standard","meta":{"footnotes":""},"categories":[59],"tags":[36,92,799,30,28,29,83,82,1510],"class_list":{"0":"post-82551","1":"post","2":"type-post","3":"status-publish","4":"format-standard","5":"has-post-thumbnail","7":"category-sport","8":"tag-art","9":"tag-fotball","10":"tag-glimt","11":"tag-no","12":"tag-norge","13":"tag-norway","14":"tag-sport","15":"tag-sports","16":"tag-story"},"share_on_mastodon":{"url":"https:\/\/pubeurope.com\/@no\/115520160799671690","error":""},"_links":{"self":[{"href":"https:\/\/www.europesays.com\/no\/wp-json\/wp\/v2\/posts\/82551","targetHints":{"allow":["GET"]}}],"collection":[{"href":"https:\/\/www.europesays.com\/no\/wp-json\/wp\/v2\/posts"}],"about":[{"href":"https:\/\/www.europesays.com\/no\/wp-json\/wp\/v2\/types\/post"}],"author":[{"embeddable":true,"href":"https:\/\/www.europesays.com\/no\/wp-json\/wp\/v2\/users\/2"}],"replies":[{"embeddable":true,"href":"https:\/\/www.europesays.com\/no\/wp-json\/wp\/v2\/comments?post=82551"}],"version-history":[{"count":0,"href":"https:\/\/www.europesays.com\/no\/wp-json\/wp\/v2\/posts\/82551\/revisions"}],"wp:featuredmedia":[{"embeddable":true,"href":"https:\/\/www.europesays.com\/no\/wp-json\/wp\/v2\/media\/82552"}],"wp:attachment":[{"href":"https:\/\/www.europesays.com\/no\/wp-json\/wp\/v2\/media?parent=82551"}],"wp:term":[{"taxonomy":"category","embeddable":true,"href":"https:\/\/www.europesays.com\/no\/wp-json\/wp\/v2\/categories?post=82551"},{"taxonomy":"post_tag","embeddable":true,"href":"https:\/\/www.europesays.com\/no\/wp-json\/wp\/v2\/tags?post=82551"}],"curies":[{"name":"wp","href":"https:\/\/api.w.org\/{rel}","templated":true}]}}