{"id":82559,"date":"2025-11-09T14:22:15","date_gmt":"2025-11-09T14:22:15","guid":{"rendered":"https:\/\/www.europesays.com\/no\/82559\/"},"modified":"2025-11-09T14:22:15","modified_gmt":"2025-11-09T14:22:15","slug":"merete-mork-lingjaerde-tilbake-i-skal-vi-danse-og-fant-kjaerligheten-pa-tinder","status":"publish","type":"post","link":"https:\/\/www.europesays.com\/no\/82559\/","title":{"rendered":"Merete M\u00f8rk Lingj\u00e6rde tilbake i \u00abSkal vi danse\u00bb og fant kj\u00e6rligheten p\u00e5 Tinder"},"content":{"rendered":"<p class=\"kicker \" style=\"\">\u00abSkal vi danse\u00bb-Merete fryktet \u00e5 ende opp alene<\/p>\n<p>  Dansedommer Merete M\u00f8rk Lingj\u00e6rde<br \/>\nsveipet feil p\u00e5 datingappen Tinder,<br \/>\nog fant den store kj\u00e6rligheten.<\/p>\n<p>\n    LYKKELIGE<br \/>\nSAMMEN: Merete<br \/>\nM\u00f8rk Lingj\u00e6rde og<br \/>\nektemannen Anders<br \/>\nstr\u00e5ler av kj\u00e6rlighet<br \/>\n\u2013 fem \u00e5r etter at de<br \/>\nm\u00f8ttes p\u00e5 Tinder ved<br \/>\net uhell. FOTO: Andreas Fadum\n  <\/p>\n<p>Etter ett \u00e5rs pause er Merete M\u00f8rk Lingj\u00e6rde (63) tilbake i \u00abSkal vi danse\u00bb-panelet \u2013 og seerne kunne knapt v\u00e6rt gladere.<\/p>\n<p>&#8211; Det er fantastisk \u00e5 v\u00e6re tilbake! Jeg f\u00e5r s\u00e5 mye hyggelig respons, og jeg tror folk faktisk har savnet oss, sier hun med et smil.<\/p>\n<p>          <img loading=\"lazy\" decoding=\"async\" src=\"https:\/\/www.europesays.com\/no\/wp-content\/uploads\/2025\/11\/83817549.webp\" width=\"686\" height=\"975\" title=\"KJ\u00c6RLIGHET VED F\u00d8RSTE&#10;BLIKK: De fant tonen fra f\u00f8rste stund \u2013 og har&#10;v\u00e6rt uadskillelige siden. FOTO: Andreas Fadum\" alt=\"\" class=\"\" style=\"--aspect-ratio-image: 0.70; \"\/><\/p>\n<p>\n          KJ\u00c6RLIGHET VED F\u00d8RSTE<br \/>\nBLIKK: De fant tonen fra f\u00f8rste stund \u2013 og har<br \/>\nv\u00e6rt uadskillelige siden. FOTO: Andreas Fadum\n      <\/p>\n<p>I ti \u00e5r har den profilerte dansedommeren latt seg imponere og overraske p\u00e5 parketten. Jubileet markeres denne h\u00f8sten med tre nye kollegaer bak dommerbordet.<\/p>\n<p>    <a itemprop=\"url\" href=\"https:\/\/www.seher.no\/kjendis\/eksene-ma-vitne\/83817683\" rel=\"nofollow noopener\" target=\"_blank\"><\/p>\n<p>      <img loading=\"lazy\" decoding=\"async\" src=\"https:\/\/www.europesays.com\/no\/wp-content\/uploads\/2025\/11\/83817781.webp\" width=\"980\" height=\"441\" title=\"Eksene m\u00e5 vitne\" alt=\"\" class=\"lazyload\" style=\"--aspect-ratio-image: 2.22; \"\/><\/p>\n<p>        Eksene m\u00e5 vitne<\/p>\n<p>    <\/a><\/p>\n<p>&#8211; Lenge visste jeg ikke selv om jeg fikk fortsette. Det tok en god stund f\u00f8r jeg fikk vite hvem de nye kollegaene mine var, men de er veldig flinke, og vi jobber godt sammen. Jeg er den eneste med dommer-erfaring, s\u00e5 jeg har nok blitt anker i gruppen mens de andre finner sin plass, sier hun til Se og H\u00f8r.<\/p>\n<p>          <img loading=\"lazy\" decoding=\"async\" src=\"https:\/\/www.europesays.com\/no\/wp-content\/uploads\/2025\/11\/83817872.webp\" width=\"686\" height=\"460\" title=\"STERKT DOMMERTEAM: Etter ti \u00e5r i \u00abSkal vi danse\u00bb har&#10;Merete f\u00e5tt tre nye kollegaer ved dommerbordet. Fra venstre Nadya&#10;Khamitskaya (42), Jan Thomas (58), Merete Lingj\u00e6rde og Cengiz Al&#10;(28). FOTO: Thomas Andersen \/ TV 2 \/ NTB\" alt=\"\" class=\"\" style=\"--aspect-ratio-image: 1.49; \"\/><\/p>\n<p>\n          STERKT DOMMERTEAM: Etter ti \u00e5r i \u00abSkal vi danse\u00bb har<br \/>\nMerete f\u00e5tt tre nye kollegaer ved dommerbordet. Fra venstre Nadya<br \/>\nKhamitskaya (42), Jan Thomas (58), Merete Lingj\u00e6rde og Cengiz Al<br \/>\n(28). FOTO: Thomas Andersen \/ TV 2 \/ NTB\n      <\/p>\n<p>Under hver sending sitter ektemannen Anders M\u00f8rk (60) trofast i salen. F\u00f8r han m\u00f8tte Merete hadde han lite peiling p\u00e5 dans, men i dag deler han konas entusiasme.<\/p>\n<p>        \u00abSKAL VI DANSE\u00bb: Vi tok en prat med Viggo Venn om hva han ser etter i en kj\u00e6reste. Video: Kine Falch\/Nora Skavhaug\/R\u00f8d L\u00f8per. <\/p>\n<p>&#8211; Anders klarer ikke \u00e5 holde seg unna. Han elsker det, og kjenner meg s\u00e5 godt at han ofte gjetter poengene mine \u2013 og som regel har han rett, ler Merete.<\/p>\n<p>          <img loading=\"lazy\" decoding=\"async\" src=\"https:\/\/www.europesays.com\/no\/wp-content\/uploads\/2025\/11\/83817555.webp\" width=\"686\" height=\"686\" title=\"BYTTET UT: Etter ett \u00e5rs pause kom danseprogrammet&#10;tilbake i ny drakt. Trine Dehli Cleve (64) og Morten Hegseth&#10;(39) sitter ikke lenger ved dommerbordet, slik de gjorde for to&#10;\u00e5r siden. FOTO: Jan-Petter Dahl\" alt=\"\" class=\"\" style=\"--aspect-ratio-image: 1.00; \"\/><\/p>\n<p>\n          BYTTET UT: Etter ett \u00e5rs pause kom danseprogrammet<br \/>\ntilbake i ny drakt. Trine Dehli Cleve (64) og Morten Hegseth<br \/>\n(39) sitter ikke lenger ved dommerbordet, slik de gjorde for to<br \/>\n\u00e5r siden. FOTO: Jan-Petter Dahl\n      <\/p>\n<p>Paret m\u00f8ttes p\u00e5 Tinder rett f\u00f8r pandemien i 2020.<\/p>\n<p>&#8211; For meg var det kj\u00e6rlighet ved f\u00f8rste blikk. Jeg traff en sjelevenn. Vi har samme verdier og rytme i livet, sier Anders.<\/p>\n<p>        MIMRING: \u00abSkal vi danse\u00bb-dommer Merete M\u00f8rk Lingj\u00e6rde og programleder Anders Hoff forteller hvilke danser de husker best gjennom deres tid i programmet. Video: R\u00f8d L\u00f8per\/TV 2<\/p>\n<p>&#8211; Vi er like p\u00e5 mye, men heldigvis er Anders litt roligere enn meg, legger Merete smilende til.<\/p>\n<p>          <img loading=\"lazy\" decoding=\"async\" src=\"https:\/\/www.europesays.com\/no\/wp-content\/uploads\/2025\/11\/83817552.webp\" width=\"686\" height=\"913\" title=\"DANSEN I BLODET: Allerede&#10;som liten var Merete full av energi&#10;og bevegelse, og interessen for&#10;dans kom tidlig. FOTO: Privat\" alt=\"\" class=\"\" style=\"--aspect-ratio-image: 0.75; \"\/><\/p>\n<p>\n          DANSEN I BLODET: Allerede<br \/>\nsom liten var Merete full av energi<br \/>\nog bevegelse, og interessen for<br \/>\ndans kom tidlig. FOTO: Privat\n      <\/p>\n<p>Inspirasjonen til \u00e5 s\u00f8ke kj\u00e6rligheten igjen kom da Meretes far ble syk, og hun s\u00e5 hvor sterkt b\u00e5ndet mellom foreldrene fortsatt var. Tobarnsmoren hadde da v\u00e6rt singel i seks \u00e5r, og begynte \u00e5 undre seg over om hun skulle leve alene resten av livet. <\/p>\n<p>&#8211; Nytt\u00e5rsforsettet mitt var \u00e5 opprette en Tinder-profil. Det tok ikke lang tid f\u00f8r jeg fikk noen ubehagelige meldinger, som \u00abdu trenger vel ikke v\u00e6re p\u00e5 Tinder, du som er p\u00e5 TV\u00bb. Da stengte jeg profilen.<\/p>\n<p>          <img loading=\"lazy\" decoding=\"async\" src=\"https:\/\/www.europesays.com\/no\/wp-content\/uploads\/2025\/11\/83817551.webp\" width=\"686\" height=\"954\" title=\"NATURLIG OG&#10;\u00c6RLIG: Merete velger&#10;\u00e5 eldes med verdighet.&#10;\u2013 Jeg vil se s\u00e5 bra ut&#10;som jeg kan, men p\u00e5 en&#10;naturlig m\u00e5te, sier hun. FOTO: Andreas Fadum\" alt=\"\" class=\"\" style=\"--aspect-ratio-image: 0.72; \"\/><\/p>\n<p>\n          NATURLIG OG<br \/>\n\u00c6RLIG: Merete velger<br \/>\n\u00e5 eldes med verdighet.<br \/>\n\u2013 Jeg vil se s\u00e5 bra ut<br \/>\nsom jeg kan, men p\u00e5 en<br \/>\nnaturlig m\u00e5te, sier hun. FOTO: Andreas Fadum\n      <\/p>\n<p>Men h\u00e5pet ga hun ikke opp. Etter en stund logget hun inn igjen, sveipet raskt \u2013 og ved et uhell sveipet hun til h\u00f8yre p\u00e5 Anders.<\/p>\n<p>&#8211; Han skrev: \u00abDet m\u00e5 v\u00e6re slitsomt for deg \u00e5 v\u00e6re p\u00e5 Tinder\u00bb. Da tenkte jeg at han skj\u00f8nner meg, sier Merete.<\/p>\n<p>    <a itemprop=\"url\" href=\"https:\/\/www.seher.no\/kjendis\/kan-ikke-grave-seg-ned\/83814777\" rel=\"nofollow noopener\" target=\"_blank\"><\/p>\n<p>      <img loading=\"lazy\" decoding=\"async\" src=\"https:\/\/www.europesays.com\/no\/wp-content\/uploads\/2025\/11\/83814679.webp\" width=\"980\" height=\"441\" title=\"- Kan ikke grave seg ned\" alt=\"\" class=\"lazyload\" style=\"--aspect-ratio-image: 2.22; \"\/><\/p>\n<p>        &#8211; Kan ikke grave seg ned<\/p>\n<p>    <\/a><\/p>\n<p>Ett \u00e5r senere sto hun brud, og i august feiret paret fire \u00e5rs bryllupsdag.<\/p>\n<p>&#8211; N\u00e5r man m\u00f8tes i voksen alder, satser man p\u00e5 en annen m\u00e5te. Vi hadde voksne barn og var fri til \u00e5 dyrke forholdet fullt ut, forteller hun.<\/p>\n<p>          <img loading=\"lazy\" decoding=\"async\" src=\"https:\/\/www.europesays.com\/no\/wp-content\/uploads\/2025\/11\/83817548.webp\" width=\"686\" height=\"460\" title=\"TV-DEBUT: I 2006 gjorde Merete seg&#10;bemerket p\u00e5 skjermen for f\u00f8rste gang, som&#10;dommer i TVNorges \u00abDansefeber\u00bb. Fra venstre&#10;Lars Undli (54), Merete, Jan Ivar Lund (56) og&#10;Vibeke S\u00f8rlie (53). FOTO: TVNorge\" alt=\"\" class=\"\" style=\"--aspect-ratio-image: 1.49; \"\/><\/p>\n<p>\n          TV-DEBUT: I 2006 gjorde Merete seg<br \/>\nbemerket p\u00e5 skjermen for f\u00f8rste gang, som<br \/>\ndommer i TVNorges \u00abDansefeber\u00bb. Fra venstre<br \/>\nLars Undli (54), Merete, Jan Ivar Lund (56) og<br \/>\nVibeke S\u00f8rlie (53). FOTO: TVNorge\n      <\/p>\n<p>Bare noen uker etter f\u00f8rste date flyttet Anders inn. I dag deler de livet mellom jobb og fritid p\u00e5 to hytter \u2013 med skig\u00e5ing, b\u00e5tliv og aktive dager.<\/p>\n<p>&#8211; Vi skal nok jobbe noen \u00e5r til, men vi har mye som gleder oss i privatlivet ogs\u00e5, sier Merete.<\/p>\n<p>        TR\u00d8ST: Bernt Hulsker gikk av scenen etter resultatet p\u00e5 Skal vi danse. Det var nemlig \u00e9n i publikum som trengte tr\u00f8st. Video: Trond Markus gravdal. Reporter: Kine Falch<\/p>\n<p>Dansen har v\u00e6rt en r\u00f8d tr\u00e5d gjennom hele Meretes liv. Til daglig er hun dosent i jazzdans og programansvarlig for bachelor-studiet i jazzdans ved Kunsth\u00f8gskolen i Oslo.<\/p>\n<p>&#8211; Jeg kom inn p\u00e5 Statens Balletth\u00f8gskole p\u00e5 fjerde fors\u00f8k. Jeg vet hvor mye dans betyr for studentene, og hvor vondt det kan v\u00e6re \u00e5 f\u00e5 kritikk. Det tar jeg ogs\u00e5 med meg inn i \u00abSkal vi danse\u00bb. Jeg pr\u00f8ver \u00e5 v\u00e6re \u00e6rlig, men rettferdig \u2013 litt ros og litt ris, sier hun.<\/p>\n<p>          <img loading=\"lazy\" decoding=\"async\" src=\"https:\/\/www.europesays.com\/no\/wp-content\/uploads\/2025\/11\/83817556.webp\" width=\"686\" height=\"968\" title=\"MANGE\u00c5RIG SAMARBEID: Trine&#10;Dehli Cleve og Merete Lingj\u00e6rde satt mange \u00e5r&#10;side om side som dommere i \u00abSkal vi danse\u00bb, og&#10;har blitt gode venner. FOTO: Tor Lindseth\" alt=\"\" class=\"\" style=\"--aspect-ratio-image: 0.71; \"\/><\/p>\n<p>\n          MANGE\u00c5RIG SAMARBEID: Trine<br \/>\nDehli Cleve og Merete Lingj\u00e6rde satt mange \u00e5r<br \/>\nside om side som dommere i \u00abSkal vi danse\u00bb, og<br \/>\nhar blitt gode venner. FOTO: Tor Lindseth\n      <\/p>\n<p>TV-debuten kom i 2006 med \u00abDansefeber\u00bb.<\/p>\n<p>&#8211; Jeg fikk sjokk da jeg s\u00e5 meg selv p\u00e5 skjermen! Jeg trodde jeg var blid og varm, men s\u00e5 jo bare sint ut, ler hun.<\/p>\n<p>&#8211; Produksjonen pr\u00f8vde \u00e5 f\u00e5 meg til \u00e5 smile mer, men jeg har jo et alvorlig uttrykk \u2013 og en liten sinnarynke mellom \u00f8ynene. Det er bare engasjement, understreker hun.<\/p>\n<p>          <img loading=\"lazy\" decoding=\"async\" src=\"https:\/\/www.europesays.com\/no\/wp-content\/uploads\/2025\/11\/83817554.webp\" width=\"686\" height=\"1029\" title=\"LYKKEN SMILER: \u00c5ret&#10;etter at de m\u00f8ttes p\u00e5 Tinder,&#10;sto Merete og Anders som brud&#10;og brudgom \u2013 og kj\u00e6rligheten&#10;blomstrer fortsatt. FOTO: Morten Eik\" alt=\"\" class=\"\" style=\"--aspect-ratio-image: 0.67; \"\/><\/p>\n<p>\n          LYKKEN SMILER: \u00c5ret<br \/>\netter at de m\u00f8ttes p\u00e5 Tinder,<br \/>\nsto Merete og Anders som brud<br \/>\nog brudgom \u2013 og kj\u00e6rligheten<br \/>\nblomstrer fortsatt. FOTO: Morten Eik\n      <\/p>\n<p>Sinnarynken har hun riktignok glattet ut med litt Botox, men ellers velger hun \u00e5 eldes naturlig.<\/p>\n<p>&#8211; Det er klart det er krevende \u00e5 v\u00e6re kvinne over 60 i en s\u00e5 utseendefokusert bransje. Det er et stort press, og TV-kameraene er n\u00e5del\u00f8se. Jeg kan gremmes litt over rynker og linjer \u2013 men seerne f\u00e5r i det minste en ekte 63-\u00e5ring i ruta, sier Merete.<\/p>\n<p>        SIER FRA: Merete M\u00f8rk Lingj\u00e6rde har f\u00e5tt h\u00f8re det p\u00e5 sosiale medier etter at hun siterte feil mann under direktesending p\u00e5 \u00abSkal vi danse\u00bb. N\u00e5 sier hun hva hun mener om den saken. Reporter: Thea Hope. Video: Luna Lea \/ R\u00f8d L\u00f8per<\/p>\n<p>Anders nikker.<\/p>\n<p>&#8211; Jeg synes det er kult at de har med en kvinne over 60 i dommerpanelet. Merete er vakker akkurat som hun er, sier han stolt.<\/p>\n<p>          <img loading=\"lazy\" decoding=\"async\" src=\"https:\/\/www.europesays.com\/no\/wp-content\/uploads\/2025\/11\/83817553.webp\" width=\"686\" height=\"515\" title=\"DEDIKERT: Merete var 30 \u00e5r gammel da hun ble mor for f\u00f8rste&#10;gang, og barna har v\u00e6rt med p\u00e5 utallige danseforestillinger og \u00f8vinger&#10;opp gjennom \u00e5rene. Her med datteren Nicole og s\u00f8nnen Sebastian da de&#10;var sm\u00e5. FOTO: Privat\" alt=\"\" class=\"\" style=\"--aspect-ratio-image: 1.33; \"\/><\/p>\n<p>\n          DEDIKERT: Merete var 30 \u00e5r gammel da hun ble mor for f\u00f8rste<br \/>\ngang, og barna har v\u00e6rt med p\u00e5 utallige danseforestillinger og \u00f8vinger<br \/>\nopp gjennom \u00e5rene. Her med datteren Nicole og s\u00f8nnen Sebastian da de<br \/>\nvar sm\u00e5. FOTO: Privat\n      <\/p>\n<p>Merete tar godt vare p\u00e5 huden, men store inngrep er uaktuelt.<\/p>\n<p>&#8211; Jeg er opptatt av \u00e5 se s\u00e5 bra ut som jeg kan, men p\u00e5 en naturlig m\u00e5te. En tannlege spurte en gang om jeg ville jevne ut de spisse \u00abhogg-tennene\u00bb mine \u2013 men nei, de er en del av meg! smiler hun.<\/p>\n<p>          <img loading=\"lazy\" decoding=\"async\" src=\"https:\/\/www.europesays.com\/no\/wp-content\/uploads\/2025\/11\/83817892.webp\" width=\"686\" height=\"632\" title=\"GODT&#10;FORHOLD:&#10;TV-dommeren har&#10;et n\u00e6rt forhold til&#10;begge barna, som i&#10;dag er voksne. Her&#10;med Sebastian i bryllupet. FOTO: Andreas Fadum\" alt=\"\" class=\"\" style=\"--aspect-ratio-image: 1.09; \"\/><\/p>\n<p>\n          GODT<br \/>\nFORHOLD:<br \/>\nTV-dommeren har<br \/>\net n\u00e6rt forhold til<br \/>\nbegge barna, som i<br \/>\ndag er voksne. Her<br \/>\nmed Sebastian i bryllupet. FOTO: Andreas Fadum\n      <\/p>\n<p>Etter en travel h\u00f8st med fullt arbeid og \u00abSkal vi danse\u00bb hver l\u00f8rdag, ser Merete frem til julefeiring p\u00e5 hytta. Men den aller st\u00f8rste gaven kommer i januar \u2013 n\u00e5r datteren Nicole venter sitt f\u00f8rste barn.<\/p>\n<p>        SKUMMELT: Under l\u00f8rdagens \u00abSkal vi danse\u00bb-sending fikk vi se et l\u00f8ft som f\u00f8rst ble nektet av TV 2. Dette er grunnen. Video: TV 2\/ Trond Markus Gravdal\/ Kine Falch\/ Thea hope \/ R\u00f8d L\u00f8per<\/p>\n<p>&#8211; Det blir mitt f\u00f8rste barnebarn, og jeg gleder meg enormt, sier hun varmt.<\/p>\n<p>Sammen med Anders gleder hun seg til den nye rollen som besteforeldre.<\/p>\n<p>&#8211; Vi gleder oss til \u00e5 dele det \u00e5 bli besteforeldre sammen. Det blir superstas!<\/p>\n<p class=\"font-weight-bold m-font-weight-bold\" data-lab-font_weight=\"font-weight-bold\">LES OGS\u00c5: <a href=\"https:\/\/www.seher.no\/kjendis\/nekter-a-svare-om-bruddet\/83814543\" rel=\"nofollow noopener\" target=\"_blank\">Nekter \u00e5 svare\u00a0om bruddet<\/a><\/p>\n","protected":false},"excerpt":{"rendered":"\u00abSkal vi danse\u00bb-Merete fryktet \u00e5 ende opp alene Dansedommer Merete M\u00f8rk Lingj\u00e6rde sveipet feil p\u00e5 datingappen Tinder, og&hellip;\n","protected":false},"author":2,"featured_media":82560,"comment_status":"","ping_status":"","sticky":false,"template":"","format":"standard","meta":{"footnotes":""},"categories":[58],"tags":[4104,71,479,8084,30,28,29,2280,4771,72],"class_list":{"0":"post-82559","1":"post","2":"type-post","3":"status-publish","4":"format-standard","5":"has-post-thumbnail","7":"category-underholdning","8":"tag-eksklusivt","9":"tag-entertainment","10":"tag-kjendis","11":"tag-merete-mork-lingjaerde","12":"tag-no","13":"tag-norge","14":"tag-norway","15":"tag-skal-vi-danse","16":"tag-tinder","17":"tag-underholdning"},"share_on_mastodon":{"url":"https:\/\/pubeurope.com\/@no\/115520192476198057","error":""},"_links":{"self":[{"href":"https:\/\/www.europesays.com\/no\/wp-json\/wp\/v2\/posts\/82559","targetHints":{"allow":["GET"]}}],"collection":[{"href":"https:\/\/www.europesays.com\/no\/wp-json\/wp\/v2\/posts"}],"about":[{"href":"https:\/\/www.europesays.com\/no\/wp-json\/wp\/v2\/types\/post"}],"author":[{"embeddable":true,"href":"https:\/\/www.europesays.com\/no\/wp-json\/wp\/v2\/users\/2"}],"replies":[{"embeddable":true,"href":"https:\/\/www.europesays.com\/no\/wp-json\/wp\/v2\/comments?post=82559"}],"version-history":[{"count":0,"href":"https:\/\/www.europesays.com\/no\/wp-json\/wp\/v2\/posts\/82559\/revisions"}],"wp:featuredmedia":[{"embeddable":true,"href":"https:\/\/www.europesays.com\/no\/wp-json\/wp\/v2\/media\/82560"}],"wp:attachment":[{"href":"https:\/\/www.europesays.com\/no\/wp-json\/wp\/v2\/media?parent=82559"}],"wp:term":[{"taxonomy":"category","embeddable":true,"href":"https:\/\/www.europesays.com\/no\/wp-json\/wp\/v2\/categories?post=82559"},{"taxonomy":"post_tag","embeddable":true,"href":"https:\/\/www.europesays.com\/no\/wp-json\/wp\/v2\/tags?post=82559"}],"curies":[{"name":"wp","href":"https:\/\/api.w.org\/{rel}","templated":true}]}}