{"id":82561,"date":"2025-11-09T14:26:12","date_gmt":"2025-11-09T14:26:12","guid":{"rendered":"https:\/\/www.europesays.com\/no\/82561\/"},"modified":"2025-11-09T14:26:12","modified_gmt":"2025-11-09T14:26:12","slug":"nyheter-politi-brannvesenet-renner-gronn-vaeske-i-tveitevannet","status":"publish","type":"post","link":"https:\/\/www.europesays.com\/no\/82561\/","title":{"rendered":"Nyheter, Politi | Brannvesenet: Renner gr\u00f8nn v\u00e6ske i Tveitevannet"},"content":{"rendered":"\n<p>Brannvesenet fikk s\u00f8ndag ettermiddag en noe uvanlig melding fra Sletten.<\/p>\n<p>Det var nemlig en del gr\u00f8nn v\u00e6ske som rant i nordenden av Tveitevannet<\/p>\n<p>\u2013 En ung mann som var ute og luftet ungene observerte dette og meldte det inn til oss, , opplyste vaktleder Jostein Steinsland-Hauge i 110-sentralen.<\/p>\n<p>Oppdagelsen var i omr\u00e5det hvor Hagerups vei m\u00f8ter Vilhelm Bjerknes vei.<\/p>\n<p>\u00c5rv\u00e5ken tre\u00e5ring<\/p>\n<p>\u2013 Se s\u00e5 gr\u00f8nt det er her! utbryter Vilma (3) n\u00e5r hun g\u00e5r forbi det uvanlig gr\u00f8nne vannet.<\/p>\n<p>Hun er ute p\u00e5 s\u00f8ndagstur sammen med morfaren, Ronny Andrade.<\/p>\n<p>   <img decoding=\"async\" width=\"5712\" height=\"4284\" fetchpriority=\"low\"  loading=\"lazy\"  src=\"https:\/\/www.europesays.com\/no\/wp-content\/uploads\/2025\/11\/IMG_7134.jpg\" alt=\"\" class=\"brick-c-cFOWSL\" style=\"--brick-image-ratio: 5712 \/ 4284;\"\/><\/p>\n<p>      Endene ser ikke ut til \u00e5 bry seg.<br \/>\n      Foto: Anna Maud Hersvik\n    <\/p>\n<p>F\u00f8rst tenkte morfaren at det var maling, s\u00e5 lurte han p\u00e5 om det kunne v\u00e6re oljes\u00f8l eller noe annet som kom ut fra r\u00f8ret som ligger i vannet.<\/p>\n<p>\u2013 Men det kan ogs\u00e5 v\u00e6re alger, sier han.<\/p>\n<p>Det er ogs\u00e5 Bergen vann og brannvesenet sin forel\u00f8pige hypotese.<\/p>\n<p><b>\u2013 Hun er v\u00e5ken, hun her. Hun la merke til det med en gang, sier morfaren, f\u00f8r de trasker videre p\u00e5 s\u00f8ndagsturen sin.<\/b><\/p>\n<p>Unders\u00f8ker saken<\/p>\n<p>Mannskap ble sendt ut for \u00e5 unders\u00f8ke hva dette kan v\u00e6re.<\/p>\n<p><b>\u2013 Det kan ligne p\u00e5 maling, men det er forel\u00f8pig uvisst hva dette er, opplyste vaktleder Steinsland-Hauge tidligere.<\/b><\/p>\n<p>En annen forbipasserende dame sier til BA at hun s\u00e5 dette for flere dager, og har lurt p\u00e5 hvorfor ikke mediene har skrevet om det tidligere.<\/p>\n<p>Hun har tenkt p\u00e5 dyrelivet her, og v\u00e6rt redd for at det er noe maling eller annet som kan skade. Denne damen ville ikke ha bilde eller navn i avisen.<\/p>\n<p>   <img decoding=\"async\" width=\"4032\" height=\"3024\" fetchpriority=\"low\"  loading=\"lazy\"  src=\"https:\/\/www.europesays.com\/no\/wp-content\/uploads\/2025\/11\/IMG_7149.jpg\" alt=\"\" class=\"brick-c-cFOWSL\" style=\"--brick-image-ratio: 4032 \/ 3024;\"\/><\/p>\n<p>Brannvesenet rykket ut til vannet, men besluttet deretter \u00e5 koble p\u00e5 Bergen vann.<\/p>\n<p>\u2013 De mistenker at dette er en spesiell type alger.<\/p>\n<p>Dersom det skulle vise seg \u00e5 v\u00e6re noe annet, vil brannvesenet kobles p\u00e5 saken, melder vaktleder.<\/p>\n<p>Saken oppdateres.<\/p>\n","protected":false},"excerpt":{"rendered":"Brannvesenet fikk s\u00f8ndag ettermiddag en noe uvanlig melding fra Sletten. Det var nemlig en del gr\u00f8nn v\u00e6ske som&hellip;\n","protected":false},"author":2,"featured_media":82562,"comment_status":"","ping_status":"","sticky":false,"template":"","format":"standard","meta":{"footnotes":""},"categories":[10],"tags":[36,444,20,21,24,25,15,22,23,13,30,28,29,14,16,254,1510,26,27],"class_list":{"0":"post-82561","1":"post","2":"type-post","3":"status-publish","4":"format-standard","5":"has-post-thumbnail","7":"category-norge","8":"tag-art","9":"tag-bergen","10":"tag-breaking-news","11":"tag-breakingnews","12":"tag-featured-news","13":"tag-featurednews","14":"tag-headlines","15":"tag-latest-news","16":"tag-latestnews","17":"tag-news","18":"tag-no","19":"tag-norge","20":"tag-norway","21":"tag-nyheter","22":"tag-overskrifter","23":"tag-politi","24":"tag-story","25":"tag-top-stories","26":"tag-topstories"},"share_on_mastodon":{"url":"https:\/\/pubeurope.com\/@no\/115520208214433150","error":""},"_links":{"self":[{"href":"https:\/\/www.europesays.com\/no\/wp-json\/wp\/v2\/posts\/82561","targetHints":{"allow":["GET"]}}],"collection":[{"href":"https:\/\/www.europesays.com\/no\/wp-json\/wp\/v2\/posts"}],"about":[{"href":"https:\/\/www.europesays.com\/no\/wp-json\/wp\/v2\/types\/post"}],"author":[{"embeddable":true,"href":"https:\/\/www.europesays.com\/no\/wp-json\/wp\/v2\/users\/2"}],"replies":[{"embeddable":true,"href":"https:\/\/www.europesays.com\/no\/wp-json\/wp\/v2\/comments?post=82561"}],"version-history":[{"count":0,"href":"https:\/\/www.europesays.com\/no\/wp-json\/wp\/v2\/posts\/82561\/revisions"}],"wp:featuredmedia":[{"embeddable":true,"href":"https:\/\/www.europesays.com\/no\/wp-json\/wp\/v2\/media\/82562"}],"wp:attachment":[{"href":"https:\/\/www.europesays.com\/no\/wp-json\/wp\/v2\/media?parent=82561"}],"wp:term":[{"taxonomy":"category","embeddable":true,"href":"https:\/\/www.europesays.com\/no\/wp-json\/wp\/v2\/categories?post=82561"},{"taxonomy":"post_tag","embeddable":true,"href":"https:\/\/www.europesays.com\/no\/wp-json\/wp\/v2\/tags?post=82561"}],"curies":[{"name":"wp","href":"https:\/\/api.w.org\/{rel}","templated":true}]}}