{"id":82577,"date":"2025-11-09T14:48:18","date_gmt":"2025-11-09T14:48:18","guid":{"rendered":"https:\/\/www.europesays.com\/no\/82577\/"},"modified":"2025-11-09T14:48:18","modified_gmt":"2025-11-09T14:48:18","slug":"steinkjer-ulykker-og-hendelser-trafikkulykke-i-steinkjer","status":"publish","type":"post","link":"https:\/\/www.europesays.com\/no\/82577\/","title":{"rendered":"Steinkjer, Ulykker og hendelser | Trafikkulykke i Steinkjer"},"content":{"rendered":"\n<p><b>STEINKJER: <\/b>\u2013 Melding om bil som har kj\u00f8rt av veien langs Landsemvegen p\u00e5 Malm, heter det i innledende melding fra politiet.<\/p>\n<p><b>OPPDATERT 15.39: <\/b>F\u00f8rer mistenkes for kj\u00f8ring i p\u00e5virket tilstand. En dame i 50 \u00e5rene vil bli bragt inn for bevissikring, skriver politiet i sin pressetjeneste.<\/p>\n<p>   <img decoding=\"async\" width=\"4032\" height=\"3024\" fetchpriority=\"low\"  loading=\"lazy\"  src=\"https:\/\/www.europesays.com\/no\/wp-content\/uploads\/2025\/11\/photo+%2849%29.jpg\" alt=\"\" class=\"brick-c-cFOWSL\" style=\"--brick-image-ratio: 4032 \/ 3024;\"\/><\/p>\n<p>      STORE SKADER: Bilen har f\u00e5tt store skader i ulykken.<br \/>\n      Foto: Svein Leknes\n    <\/p>\n<p>Politiet mottok melding om ulykken klokken 14.45 s\u00f8ndag ettermiddag. Klokken 15.00 skrev politiets operasjonsleder Einar R\u00f8stum i Tr\u00f8ndelag politidistrikt at en person er involvert i ulykken, og at bilen l\u00e5 p\u00e5 siden.<\/p>\n<p>   <img decoding=\"async\" width=\"2048\" height=\"1536\" fetchpriority=\"low\"  loading=\"lazy\"  src=\"https:\/\/www.europesays.com\/no\/wp-content\/uploads\/2025\/11\/9c206d94-16e5-489a-90c5-0875a592e0ae.jpg\" alt=\"\" class=\"brick-c-cFOWSL\" style=\"--brick-image-ratio: 2048 \/ 1536;\"\/><\/p>\n<p>      UTRYKNING: N\u00f8detatene rykket til Malm. Her gjennom Steinkjer klokken 15.04.<br \/>\n      Foto: Oskar Manka\n    <\/p>\n<p>  Kom seg ut av bilen<\/p>\n<p>R\u00f8stum opplyste klokken 15.06 at f\u00f8reren skal ha kommet seg ut p\u00e5 egen h\u00e5nd.<\/p>\n<p>\u2013 Vi har pratet med henne. Hun har kommet seg ut av bilen p\u00e5 egen h\u00e5nd. Det er en del materielle skader p\u00e5 kj\u00f8ret\u00f8yet, sier R\u00f8stum.<\/p>\n<p>   <img decoding=\"async\" width=\"4032\" height=\"3024\" fetchpriority=\"low\"  loading=\"lazy\"  src=\"https:\/\/www.europesays.com\/no\/wp-content\/uploads\/2025\/11\/photo+%2847%29.jpg\" alt=\"\" class=\"brick-c-cFOWSL\" style=\"--brick-image-ratio: 4032 \/ 3024;\"\/><\/p>\n<p>      ULYKKE: N\u00f8detatene var fremme p\u00e5 stedet ved  15.20-tiden.<br \/>\n      Foto: Svein Leknes\n    <\/p>\n<p>  Ikke synlige skader<\/p>\n<p>Politibetjent Rune Horseng p\u00e5 stedet forteller at ikke er synlige skader p\u00e5 sj\u00e5f\u00f8ren.<\/p>\n<p>\u2013 Men hun tas med til sjekk p\u00e5 legevakta, sier han.<\/p>\n<p>  <a href=\"https:\/\/www.t-a.no\/5-116-2253972\" class=\"related-teaser default-story-teaser article--c-eRUmMG article--c-eRUmMG-jKCPdD-design-default article--c-eRUmMG-kpKLOW-cv\" rel=\"nofollow noopener\" target=\"_blank\"><\/p>\n<p>\n            Les ogs\u00e5<\/p>\n<p>              Drapstruet og slo vektere\n        <\/p>\n<p>  <\/a><\/p>\n<p>  <a href=\"https:\/\/www.t-a.no\/5-116-2253965\" class=\"related-teaser has-image default-story-teaser article--c-eRUmMG article--c-eRUmMG-jKCPdD-design-default\" rel=\"nofollow noopener\" target=\"_blank\"><\/p>\n<p>    <img decoding=\"async\" loading=\"lazy\"  src=\"https:\/\/www.europesays.com\/no\/wp-content\/uploads\/2025\/11\/photo+%2846%29.jpg\" alt=\"\" class=\"brick-c-cFOWSL\" style=\"\"\/><\/p>\n<p>\n            Les ogs\u00e5<\/p>\n<p>              H\u00f8rte rop om hjelp \u2013 n\u00f8detatene slo alarm\n        <\/p>\n<p>  <\/a><\/p>\n<p>  <a href=\"https:\/\/www.t-a.no\/5-116-2253703\" class=\"related-teaser has-image default-story-teaser article--c-eRUmMG article--c-eRUmMG-jKCPdD-design-default\" rel=\"nofollow noopener\" target=\"_blank\"><\/p>\n<p>    <img decoding=\"async\" loading=\"lazy\"  src=\"https:\/\/www.europesays.com\/no\/wp-content\/uploads\/2025\/11\/1762699698_908_photo+%2838%29.jpg\" alt=\"\" class=\"brick-c-cFOWSL\" style=\"\"\/><\/p>\n<p>\n            Les ogs\u00e5<\/p>\n<p>              Fant blodig bil\n        <\/p>\n<p>  <\/a><\/p>\n","protected":false},"excerpt":{"rendered":"STEINKJER: \u2013 Melding om bil som har kj\u00f8rt av veien langs Landsemvegen p\u00e5 Malm, heter det i innledende&hellip;\n","protected":false},"author":2,"featured_media":82578,"comment_status":"","ping_status":"","sticky":false,"template":"","format":"standard","meta":{"footnotes":""},"categories":[10],"tags":[36,20,21,24,25,15,22,23,13,30,28,29,14,16,254,984,1510,26,27,941],"class_list":{"0":"post-82577","1":"post","2":"type-post","3":"status-publish","4":"format-standard","5":"has-post-thumbnail","7":"category-norge","8":"tag-art","9":"tag-breaking-news","10":"tag-breakingnews","11":"tag-featured-news","12":"tag-featurednews","13":"tag-headlines","14":"tag-latest-news","15":"tag-latestnews","16":"tag-news","17":"tag-no","18":"tag-norge","19":"tag-norway","20":"tag-nyheter","21":"tag-overskrifter","22":"tag-politi","23":"tag-steinkjer","24":"tag-story","25":"tag-top-stories","26":"tag-topstories","27":"tag-ulykker-og-hendelser"},"share_on_mastodon":{"url":"https:\/\/pubeurope.com\/@no\/115520294788796388","error":""},"_links":{"self":[{"href":"https:\/\/www.europesays.com\/no\/wp-json\/wp\/v2\/posts\/82577","targetHints":{"allow":["GET"]}}],"collection":[{"href":"https:\/\/www.europesays.com\/no\/wp-json\/wp\/v2\/posts"}],"about":[{"href":"https:\/\/www.europesays.com\/no\/wp-json\/wp\/v2\/types\/post"}],"author":[{"embeddable":true,"href":"https:\/\/www.europesays.com\/no\/wp-json\/wp\/v2\/users\/2"}],"replies":[{"embeddable":true,"href":"https:\/\/www.europesays.com\/no\/wp-json\/wp\/v2\/comments?post=82577"}],"version-history":[{"count":0,"href":"https:\/\/www.europesays.com\/no\/wp-json\/wp\/v2\/posts\/82577\/revisions"}],"wp:featuredmedia":[{"embeddable":true,"href":"https:\/\/www.europesays.com\/no\/wp-json\/wp\/v2\/media\/82578"}],"wp:attachment":[{"href":"https:\/\/www.europesays.com\/no\/wp-json\/wp\/v2\/media?parent=82577"}],"wp:term":[{"taxonomy":"category","embeddable":true,"href":"https:\/\/www.europesays.com\/no\/wp-json\/wp\/v2\/categories?post=82577"},{"taxonomy":"post_tag","embeddable":true,"href":"https:\/\/www.europesays.com\/no\/wp-json\/wp\/v2\/tags?post=82577"}],"curies":[{"name":"wp","href":"https:\/\/api.w.org\/{rel}","templated":true}]}}