{"id":82581,"date":"2025-11-09T14:56:15","date_gmt":"2025-11-09T14:56:15","guid":{"rendered":"https:\/\/www.europesays.com\/no\/82581\/"},"modified":"2025-11-09T14:56:15","modified_gmt":"2025-11-09T14:56:15","slug":"rykket-ut-til-trafikkuhell-vol-no","status":"publish","type":"post","link":"https:\/\/www.europesays.com\/no\/82581\/","title":{"rendered":"Rykket ut til trafikkuhell &#8211; vol.no"},"content":{"rendered":"<p>Klokken 03:16 natt til s\u00f8ndag skriver politiet i loggen at politi og ambulanse rykker ut til et trafikkuhell i Ris\u00f8yhamn.<\/p>\n<p>\u2013 Ett kj\u00f8ret\u00f8y har kj\u00f8rt av veien. Tre personer i bilen, de har kommet seg ut av kj\u00f8ret\u00f8yet, skriver de.<\/p>\n<p>I en oppdatering klokken 07:21 skriver operasjonslederen i loggen at politiet var fremme p\u00e5 stedet klokken 03:52 og at de var i kontakt med personene i bilen.<\/p>\n<p>\u2013 De fremst\u00e5r uskadd. Politiet har gjort unders\u00f8kelser p\u00e5 stedet, og oppretter sak.<\/p>\n","protected":false},"excerpt":{"rendered":"Klokken 03:16 natt til s\u00f8ndag skriver politiet i loggen at politi og ambulanse rykker ut til et trafikkuhell&hellip;\n","protected":false},"author":2,"featured_media":53727,"comment_status":"","ping_status":"","sticky":false,"template":"","format":"standard","meta":{"footnotes":""},"categories":[10],"tags":[20,21,24,25,15,22,23,13,30,28,29,14,16,254,2401,26,27,2889],"class_list":{"0":"post-82581","1":"post","2":"type-post","3":"status-publish","4":"format-standard","5":"has-post-thumbnail","7":"category-norge","8":"tag-breaking-news","9":"tag-breakingnews","10":"tag-featured-news","11":"tag-featurednews","12":"tag-headlines","13":"tag-latest-news","14":"tag-latestnews","15":"tag-news","16":"tag-no","17":"tag-norge","18":"tag-norway","19":"tag-nyheter","20":"tag-overskrifter","21":"tag-politi","22":"tag-risoyhamn","23":"tag-top-stories","24":"tag-topstories","25":"tag-trafikkuhell"},"share_on_mastodon":{"url":"https:\/\/pubeurope.com\/@no\/115520325818654368","error":""},"_links":{"self":[{"href":"https:\/\/www.europesays.com\/no\/wp-json\/wp\/v2\/posts\/82581","targetHints":{"allow":["GET"]}}],"collection":[{"href":"https:\/\/www.europesays.com\/no\/wp-json\/wp\/v2\/posts"}],"about":[{"href":"https:\/\/www.europesays.com\/no\/wp-json\/wp\/v2\/types\/post"}],"author":[{"embeddable":true,"href":"https:\/\/www.europesays.com\/no\/wp-json\/wp\/v2\/users\/2"}],"replies":[{"embeddable":true,"href":"https:\/\/www.europesays.com\/no\/wp-json\/wp\/v2\/comments?post=82581"}],"version-history":[{"count":0,"href":"https:\/\/www.europesays.com\/no\/wp-json\/wp\/v2\/posts\/82581\/revisions"}],"wp:featuredmedia":[{"embeddable":true,"href":"https:\/\/www.europesays.com\/no\/wp-json\/wp\/v2\/media\/53727"}],"wp:attachment":[{"href":"https:\/\/www.europesays.com\/no\/wp-json\/wp\/v2\/media?parent=82581"}],"wp:term":[{"taxonomy":"category","embeddable":true,"href":"https:\/\/www.europesays.com\/no\/wp-json\/wp\/v2\/categories?post=82581"},{"taxonomy":"post_tag","embeddable":true,"href":"https:\/\/www.europesays.com\/no\/wp-json\/wp\/v2\/tags?post=82581"}],"curies":[{"name":"wp","href":"https:\/\/api.w.org\/{rel}","templated":true}]}}