{"id":82582,"date":"2025-11-09T14:57:09","date_gmt":"2025-11-09T14:57:09","guid":{"rendered":"https:\/\/www.europesays.com\/no\/82582\/"},"modified":"2025-11-09T14:57:09","modified_gmt":"2025-11-09T14:57:09","slug":"erna-solberg-refser-aps-budsjettfadese-virkeligheten-overgar-parodien","status":"publish","type":"post","link":"https:\/\/www.europesays.com\/no\/82582\/","title":{"rendered":"Erna Solberg refser Aps budsjettfadese: \u2013 Virkeligheten overg\u00e5r parodien"},"content":{"rendered":"\n<p class=\"_lead_o9xde_2 _lead_xtcu6_50 layout-component text-serif-m layout-normal text-serif-l layout-component layout-wide layout-padded _wide_17hqh_1 layout-padded\">Avtroppende H\u00f8yre-leder mener Aps valgl\u00f8fte-brudd er et av de st\u00f8rste nederlagene for samfunnsdebatten p\u00e5 lenge.<\/p>\n<p><img alt=\"Avtroppende H\u00f8yre-leder Erna Solberg var ikke n\u00e5dig i sin kritikk av Ap-regjeringen da hun talte til sentralstyret s\u00f8ndag.  Foto: Terje Pedersen \/ NTB\" class=\"_image_qp4xg_65 layout-component layout-wide\" data-fullscreen- data-track-element-type=\"Article image fullscreen\" data-track-name=\"ImageFullscreen\" fetchpriority=\"high\" decoding=\"sync\" loading=\"eager\" height=\"2095\" itemprop=\"image\"  src=\"https:\/\/www.europesays.com\/no\/wp-content\/uploads\/2025\/11\/f3ceb5dd-0057-4e71-97a9-d9e7fa81fd2e\"  style=\"object-position:0% 0%\" width=\"3143\"\/>Avtroppende H\u00f8yre-leder Erna Solberg var ikke n\u00e5dig i sin kritikk av Ap-regjeringen da hun talte til sentralstyret s\u00f8ndag.  Foto: Terje Pedersen \/ NTB<\/p>\n<ul aria-hidden=\"true\" class=\"_images_18f0k_111\">\n<li><a class=\"_link_18f0k_116\" href=\"https:\/\/www.vg.no\/forfatter\/ntb\" style=\"z-index:1\" title=\"NTB\" rel=\"nofollow noopener\" target=\"_blank\"><img alt=\"Bilde av NTB\" class=\"_image_18f0k_93\" fetchpriority=\"low\" loading=\"lazy\" decoding=\"async\" itemprop=\"image\"  src=\"https:\/\/www.europesays.com\/no\/wp-content\/uploads\/2025\/11\/1762700228_576_c33980b0-5d07-4027-84a1-813f90a7c8d6\"  width=\"480\"\/><\/a><\/li>\n<\/ul>\n<p> Oppdatert s\u00f8ndag 9. november kl. 15:25    <\/p>\n<ul class=\"_list_o9xde_3 _list_64s2r_85 _unordered_o9xde_106 text-sans-m\">\n<li class=\"_item_o9xde_30\">Avtroppende H\u00f8yre-leder mener Ap st\u00e5r \u00abskaml\u00f8st avkledd\u00bb etter valgl\u00f8fte-bruddet.<\/li>\n<li class=\"_item_o9xde_30\">Erna Solberg kritiserer Aps h\u00e5ndtering av statsbudsjettet, spesielt kutt i gratis ferjer og studiesletting i distriktene.<\/li>\n<li class=\"_item_o9xde_30\">Hun stiller sp\u00f8rsm\u00e5l ved hvorfor ingen trakk i n\u00f8dbremsen, og reagerer spesielt p\u00e5 h\u00e5ndteringen i etterkant. <\/li>\n<\/ul>\n<p>Vis mer <\/p>\n<p class=\"_paragraph_o9xde_4 _paragraph_xtcu6_10 layout-component text-serif-m layout-normal text-serif-m layout-padded\">\u2013 I en stadig mer polarisert verden, hvor vi nettopp m\u00e5 sl\u00e5ss for \u00e5 bevare den tilliten, s\u00e5 tror jeg dette er et av de st\u00f8rste nederlagene for samfunnsdebatten p\u00e5 lenge. Ogs\u00e5 blir det bare verre. Virkeligheten overg\u00e5r parodien, sa H\u00f8yre-lederen p\u00e5 partiets sentralstyrem\u00f8te s\u00f8ndag.<\/p>\n<p class=\"_paragraph_o9xde_4 _paragraph_xtcu6_10 layout-component text-serif-m layout-normal text-serif-m layout-padded\">Hun reagerer sterkt p\u00e5 Arbeiderpartiets h\u00e5ndtering av statsbudsjettet, der de kuttet i gratis ferjer og studiesletting i distriktene \u2013 i motsetning til hva de sa i valgkampen. <\/p>\n<p class=\"_paragraph_o9xde_4 _paragraph_xtcu6_10 layout-component text-serif-m layout-normal text-serif-m layout-padded\">\u2013 Resultatet er at Arbeiderpartiet igjen st\u00e5r skaml\u00f8st avkledd. Og at mange p\u00e5 nytt sp\u00f8r om politikere snakker sant, sier Solberg. <\/p>\n<p class=\"_paragraph_o9xde_4 _paragraph_xtcu6_10 layout-component text-serif-m layout-normal text-serif-m layout-padded\"><strong class=\"_strong_o9xde_25\">Se hele talen her: <\/strong><\/p>\n<p>   \u2013 Alvorlig styringsfeil<\/p>\n<p class=\"_paragraph_o9xde_4 _paragraph_xtcu6_10 layout-component text-serif-m layout-normal text-serif-m layout-padded\">Som tidligere statsminister gjennom flere \u00e5r, stusser hun veldig over hva som har skjedd i regjeringen. <\/p>\n<p class=\"_paragraph_o9xde_4 _paragraph_xtcu6_10 layout-component text-serif-m layout-normal text-serif-m layout-padded\">\u2013 Her har man alts\u00e5 en innsparing i budsjettet p\u00e5 over en milliard kroner som bare har seilt gjennom budsjettkonferansen uten at noen har lagt merke til det, sier Solberg. <\/p>\n<p><img alt=\"Erna Solberg i forkant av talen s\u00f8ndag.   Foto: Terje Pedersen \/ NTB\" class=\"_image_qp4xg_65 layout-component layout-normal\" data-fullscreen- data-track-element-type=\"Article image fullscreen\" data-track-name=\"ImageFullscreen\" decoding=\"async\" loading=\"lazy\" height=\"3223\" itemprop=\"image\"  src=\"https:\/\/www.europesays.com\/no\/wp-content\/uploads\/2025\/11\/c151ffaa-d729-4018-8711-bce1a5b2ae2a\"  style=\"object-position:0% 0%\" width=\"4834\"\/>Erna Solberg i forkant av talen s\u00f8ndag.   Foto: Terje Pedersen \/ NTB<\/p>\n<p class=\"_paragraph_o9xde_4 _paragraph_xtcu6_10 layout-component text-serif-m layout-normal text-serif-m layout-padded\">S\u00e6rlig pussig mener hun det er siden den milliarden i \u00f8kt handlingsrom er trolig er brukt p\u00e5 noe man er veldig klar over. <\/p>\n<p class=\"_paragraph_o9xde_4 _paragraph_xtcu6_10 layout-component text-serif-m layout-normal text-serif-m layout-padded\">\u2013 Jeg kan aldri huske en finansminister som har kuttet s\u00e5 mye uten at det har blitt en alvorlig diskusjon i en budsjettkonferanse. Det er mulig at alle statsr\u00e5dene i denne regjeringen n\u00e5 er privatpraktiserende og ikke deltar i helheten. Og hvis det er s\u00e5nn m\u00e5 jeg bare si at det er en alvorlig styringsfeil, sier Solberg. <\/p>\n<p>\u2013 You can\u2019t make it up<\/p>\n<p class=\"_paragraph_o9xde_4 _paragraph_xtcu6_10 layout-component text-serif-m layout-normal text-serif-m layout-padded\">Hun stiller seg sp\u00f8rsm\u00e5let hvorfor ingen trakk i n\u00f8dbremsen. <\/p>\n<p class=\"_paragraph_o9xde_4 _paragraph_xtcu6_10 layout-component text-serif-m layout-normal text-serif-m layout-padded\">Hun reagerer spesielt m\u00e5ten Arbeiderpartiet h\u00e5ndterte saken p\u00e5 i etterkant, og m\u00e5ten de kommuniserte at de hadde snudd og reverserte kuttene \u2013 etter massivt press b\u00e5de internt i partiet og utenfra. <\/p>\n<p class=\"_paragraph_o9xde_4 _paragraph_xtcu6_10 layout-component text-serif-m layout-normal text-serif-m layout-padded\">\u2013 Arbeiderpartiet p\u00e5 Stortinget g\u00e5r ut med brask og bram for \u00e5 ha f\u00e5tt gjennomslag mot sin egen regjering. Det virker som regjeringen ikke er Arbeiderpartiet. Facebook tapetseres av l\u00f8fter om at n\u00e5. N\u00e5 skal Arbeiderpartiet holde det de lover og snakke sant. <\/p>\n<p class=\"_paragraph_o9xde_4 _paragraph_xtcu6_10 layout-component text-serif-m layout-normal text-serif-m layout-padded\">Hun viste til at Finansministeren var p\u00e5 bokturne mens stormen rundt budsjettet sto p\u00e5 som verst. <\/p>\n<p class=\"_paragraph_o9xde_4 _paragraph_xtcu6_10 layout-component text-serif-m layout-normal text-serif-m layout-padded\">\u2013 Som man sier p\u00e5 nynorsk: You can\u2019t make it up, sa Solberg.<\/p>\n","protected":false},"excerpt":{"rendered":"Avtroppende H\u00f8yre-leder mener Aps valgl\u00f8fte-brudd er et av de st\u00f8rste nederlagene for samfunnsdebatten p\u00e5 lenge. Avtroppende H\u00f8yre-leder Erna&hellip;\n","protected":false},"author":2,"featured_media":82583,"comment_status":"","ping_status":"","sticky":false,"template":"","format":"standard","meta":{"footnotes":""},"categories":[5],"tags":[20,21,327,24,25,15,19,22,23,17,18,13,30,28,281,29,14,16,26,27],"class_list":{"0":"post-82582","1":"post","2":"type-post","3":"status-publish","4":"format-standard","5":"has-post-thumbnail","7":"category-overskrifter","8":"tag-breaking-news","9":"tag-breakingnews","10":"tag-erna-solberg","11":"tag-featured-news","12":"tag-featurednews","13":"tag-headlines","14":"tag-hovedoppslag","15":"tag-latest-news","16":"tag-latestnews","17":"tag-main-news","18":"tag-mainnews","19":"tag-news","20":"tag-no","21":"tag-norge","22":"tag-norsk-politikk","23":"tag-norway","24":"tag-nyheter","25":"tag-overskrifter","26":"tag-top-stories","27":"tag-topstories"},"share_on_mastodon":{"url":"https:\/\/pubeurope.com\/@no\/115520329797535269","error":""},"_links":{"self":[{"href":"https:\/\/www.europesays.com\/no\/wp-json\/wp\/v2\/posts\/82582","targetHints":{"allow":["GET"]}}],"collection":[{"href":"https:\/\/www.europesays.com\/no\/wp-json\/wp\/v2\/posts"}],"about":[{"href":"https:\/\/www.europesays.com\/no\/wp-json\/wp\/v2\/types\/post"}],"author":[{"embeddable":true,"href":"https:\/\/www.europesays.com\/no\/wp-json\/wp\/v2\/users\/2"}],"replies":[{"embeddable":true,"href":"https:\/\/www.europesays.com\/no\/wp-json\/wp\/v2\/comments?post=82582"}],"version-history":[{"count":0,"href":"https:\/\/www.europesays.com\/no\/wp-json\/wp\/v2\/posts\/82582\/revisions"}],"wp:featuredmedia":[{"embeddable":true,"href":"https:\/\/www.europesays.com\/no\/wp-json\/wp\/v2\/media\/82583"}],"wp:attachment":[{"href":"https:\/\/www.europesays.com\/no\/wp-json\/wp\/v2\/media?parent=82582"}],"wp:term":[{"taxonomy":"category","embeddable":true,"href":"https:\/\/www.europesays.com\/no\/wp-json\/wp\/v2\/categories?post=82582"},{"taxonomy":"post_tag","embeddable":true,"href":"https:\/\/www.europesays.com\/no\/wp-json\/wp\/v2\/tags?post=82582"}],"curies":[{"name":"wp","href":"https:\/\/api.w.org\/{rel}","templated":true}]}}