{"id":82593,"date":"2025-11-09T15:13:11","date_gmt":"2025-11-09T15:13:11","guid":{"rendered":"https:\/\/www.europesays.com\/no\/82593\/"},"modified":"2025-11-09T15:13:11","modified_gmt":"2025-11-09T15:13:11","slug":"valerengas-brice-ambina-utvist-etter-a-ha-trakket-rosenborgs-simen-bolkan-nordli-i-hodet","status":"publish","type":"post","link":"https:\/\/www.europesays.com\/no\/82593\/","title":{"rendered":"V\u00e5lerengas Brice Ambina utvist etter \u00e5 ha tr\u00e5kket Rosenborgs Simen Bolkan Nordli i hodet"},"content":{"rendered":"\n<p class=\"_paragraph_o9xde_4 _paragraph_xtcu6_10 layout-component text-serif-m layout-normal text-serif-m layout-padded\"><strong class=\"_strong_o9xde_25\">Kampen p\u00e5g\u00e5r fortsatt. Du kan f\u00f8lge den i VG Live.<\/strong><\/p>\n<p class=\"_paragraph_o9xde_4 _paragraph_xtcu6_10 layout-component text-serif-m layout-normal text-serif-m layout-padded\">TV 2-ekspert Mushaga Bakenga mener Ambina var uheldig i situasjonen.<\/p>\n<p class=\"_paragraph_o9xde_4 _paragraph_xtcu6_10 layout-component text-serif-m layout-normal text-serif-m layout-padded\">\u2013 Det blir veldig stygt. Men det er ikke meningen. Hvis det ikke er en bevisst handling, er det da r\u00f8dt kort? sp\u00f8r han.<\/p>\n<p class=\"_paragraph_o9xde_4 _paragraph_xtcu6_10 layout-component text-serif-m layout-normal text-serif-m layout-padded\"><strong class=\"_strong_o9xde_25\">I kampen mellom de to storklubbene st\u00e5r hendelsen igjen som en potensielt kampavgj\u00f8rende n\u00f8kkelsituasjon.<\/strong><\/p>\n<p class=\"_paragraph_o9xde_4 _paragraph_xtcu6_10 layout-component text-serif-m layout-normal text-serif-m layout-padded\">Bakenga sl\u00e5r fast at Ambina var i ubalanse, men ikke bevisst tr\u00e5kket p\u00e5 Bolkan Nordli.<\/p>\n<p class=\"_paragraph_o9xde_4 _paragraph_xtcu6_10 layout-component text-serif-m layout-normal text-serif-m layout-padded\">\u2013 Det ender med et stygt tr\u00e5kk, det er farlig spill, men ingen bevisst handling.<\/p>\n<p><img alt=\"Simen Bolkan Nordli med tydelige knottemerker.  Foto: Ole Martin Wold \/ NTB\" class=\"_image_qp4xg_65 layout-component layout-normal\" data-fullscreen- data-track-element-type=\"Article image fullscreen\" data-track-name=\"ImageFullscreen\" decoding=\"async\" loading=\"lazy\" height=\"2903\" itemprop=\"image\"  src=\"https:\/\/www.europesays.com\/no\/wp-content\/uploads\/2025\/11\/d58f4d55-c9c5-4280-bcff-5026bb12f490\"  style=\"object-position:0% 0%\" width=\"4355\"\/>Simen Bolkan Nordli med tydelige knottemerker.  Foto: Ole Martin Wold \/ NTB<\/p>\n<ul class=\"_list_o9xde_3 _list_xtcu6_9 _unordered_o9xde_106 layout-component text-serif-m layout-normal text-serif-m layout-padded\">\n<li class=\"_item_o9xde_30\">Situasjonen oppstod 34 minutter ut i kampen. P\u00e5 et hj\u00f8rnespark til V\u00e5lerenga dyttet Brice Ambina til Simen Bolkan Nordli slik at RBK-spilleren falt.<\/li>\n<li class=\"_item_o9xde_30\">I det Bolkan Nordli traff gresset, tr\u00e5kket Ambina ham i hodet. Kameruneren fikk f\u00f8rst det gule kortet, men etter en VAR-sjekk viste dommer Kristoffer Hagenes ham ut.<\/li>\n<li class=\"_item_o9xde_30\">Bolkan Nordli gikk av banen for egen maskin, med tydelige blodflekker p\u00e5 den hvite drakten og noen merker p\u00e5 venstre side av ansiktet..<\/li>\n<li class=\"_item_o9xde_30\">Etter noen minutter behandling b\u00e5de p\u00e5 banen og p\u00e5 sidelinjen ble Rosenborgs nummer syv byttet ut.<\/li>\n<\/ul>\n<p class=\"_paragraph_o9xde_4 _paragraph_xtcu6_10 layout-component text-serif-m layout-normal text-serif-m layout-padded\">If\u00f8lge TV 2-programleder Jon Hartvig B\u00f8rrestad var V\u00e5lerenga-assistenttrener Petter Myhre \u00abmildt sagt sjokkert\u00bb over dommer Kristoffer Hagenes\u2019 avgj\u00f8relse.<\/p>\n<p class=\"_paragraph_o9xde_4 _paragraph_xtcu6_10 layout-component text-serif-m layout-normal text-serif-m layout-padded\">VIF-kaptein Henrik Bj\u00f8rdal sier f\u00f8lgende til TV 2:<\/p>\n<p class=\"_paragraph_o9xde_4 _paragraph_xtcu6_10 layout-component text-serif-m layout-normal text-serif-m layout-padded\">\u2013 Jeg skj\u00f8nner ikke at det g\u00e5r an \u00e5 gi r\u00f8dt kort p\u00e5 det.<\/p>\n<p><img alt=\"V\u00e5lerengas Henrik Bj\u00f8rdal.  Foto: Ole Martin Wold \/ NTB\" class=\"_image_qp4xg_65 layout-component layout-normal\" data-fullscreen- data-track-element-type=\"Article image fullscreen\" data-track-name=\"ImageFullscreen\" decoding=\"async\" loading=\"lazy\" height=\"3340\" itemprop=\"image\"  src=\"https:\/\/www.europesays.com\/no\/wp-content\/uploads\/2025\/11\/b89cdc9d-8804-4b60-87e0-b26ee3853e96\"  style=\"object-position:0% 0%\" width=\"5010\"\/>V\u00e5lerengas Henrik Bj\u00f8rdal.  Foto: Ole Martin Wold \/ NTB<\/p>\n<p class=\"_paragraph_o9xde_4 _paragraph_xtcu6_10 layout-component text-serif-m layout-normal text-serif-m layout-padded\">Tr\u00f8nderne har slitt med \u00e5 f\u00e5 ting til \u00e5 flyte i det siste. I de seks kampene f\u00f8r VIFs bes\u00f8k til Tr\u00f8ndelag har Rosenborg tapt fire og spilt to uavgjort.<\/p>\n<p class=\"_paragraph_o9xde_4 _paragraph_xtcu6_10 layout-component text-serif-m layout-normal text-serif-m layout-padded\"><a href=\"https:\/\/www.vg.no\/sport\/i\/B05on9\/ny-rosenborg-smell-i-hatoppgjoeret-mot-molde\" data-track-element-type=\"Link\" data-track-id=\"link:B05on9\" class=\"_link_o9xde_39\" rel=\"nofollow noopener\" target=\"_blank\">Etter 4\u20132-tapet mot Molde forrige helg freste kaptein Ole Seln\u00e6s<\/a>.<\/p>\n<p class=\"_paragraph_o9xde_4 _paragraph_xtcu6_10 layout-component text-serif-m layout-normal text-serif-m layout-padded\">\u2013 Det g\u00e5r p\u00e5 ting som kultur og st\u00e5 sammen, ting jeg har nevnt i to \u00e5r siden jeg kom hjem, sa Seln\u00e6s p\u00e5 TV 2.<\/p>\n<p class=\"_paragraph_o9xde_4 _paragraph_xtcu6_10 layout-component text-serif-m layout-normal text-serif-m layout-padded\">V\u00e5lerenga p\u00e5 sin side kom fra <a href=\"https:\/\/www.vg.no\/sport\/i\/B05oje\/vaalerenga-herjet-med-serieleder-glimt-viking-med-gullet-i-egen-lomme\" data-track-element-type=\"Link\" data-track-id=\"link:B05oje\" class=\"_link_o9xde_39\" rel=\"nofollow noopener\" target=\"_blank\">en sterk seier hjemme mot Bod\u00f8\/Glimt<\/a> &#8211; en kamp som kan bli avgj\u00f8rende i gullkampen mellom nordlendingene og Viking.<\/p>\n","protected":false},"excerpt":{"rendered":"Kampen p\u00e5g\u00e5r fortsatt. Du kan f\u00f8lge den i VG Live. TV 2-ekspert Mushaga Bakenga mener Ambina var uheldig&hellip;\n","protected":false},"author":2,"featured_media":82594,"comment_status":"","ping_status":"","sticky":false,"template":"","format":"standard","meta":{"footnotes":""},"categories":[59],"tags":[134,92,30,28,29,162,83,82,2215],"class_list":{"0":"post-82593","1":"post","2":"type-post","3":"status-publish","4":"format-standard","5":"has-post-thumbnail","7":"category-sport","8":"tag-eliteserien","9":"tag-fotball","10":"tag-no","11":"tag-norge","12":"tag-norway","13":"tag-rosenborg-bk","14":"tag-sport","15":"tag-sports","16":"tag-valerenga-fotball"},"share_on_mastodon":{"url":"https:\/\/pubeurope.com\/@no\/115520392872961808","error":""},"_links":{"self":[{"href":"https:\/\/www.europesays.com\/no\/wp-json\/wp\/v2\/posts\/82593","targetHints":{"allow":["GET"]}}],"collection":[{"href":"https:\/\/www.europesays.com\/no\/wp-json\/wp\/v2\/posts"}],"about":[{"href":"https:\/\/www.europesays.com\/no\/wp-json\/wp\/v2\/types\/post"}],"author":[{"embeddable":true,"href":"https:\/\/www.europesays.com\/no\/wp-json\/wp\/v2\/users\/2"}],"replies":[{"embeddable":true,"href":"https:\/\/www.europesays.com\/no\/wp-json\/wp\/v2\/comments?post=82593"}],"version-history":[{"count":0,"href":"https:\/\/www.europesays.com\/no\/wp-json\/wp\/v2\/posts\/82593\/revisions"}],"wp:featuredmedia":[{"embeddable":true,"href":"https:\/\/www.europesays.com\/no\/wp-json\/wp\/v2\/media\/82594"}],"wp:attachment":[{"href":"https:\/\/www.europesays.com\/no\/wp-json\/wp\/v2\/media?parent=82593"}],"wp:term":[{"taxonomy":"category","embeddable":true,"href":"https:\/\/www.europesays.com\/no\/wp-json\/wp\/v2\/categories?post=82593"},{"taxonomy":"post_tag","embeddable":true,"href":"https:\/\/www.europesays.com\/no\/wp-json\/wp\/v2\/tags?post=82593"}],"curies":[{"name":"wp","href":"https:\/\/api.w.org\/{rel}","templated":true}]}}