{"id":82601,"date":"2025-11-09T15:22:14","date_gmt":"2025-11-09T15:22:14","guid":{"rendered":"https:\/\/www.europesays.com\/no\/82601\/"},"modified":"2025-11-09T15:22:14","modified_gmt":"2025-11-09T15:22:14","slug":"kongsvinger-kil-toppfotball-slik-kan-kil-likevel-rykke-opp","status":"publish","type":"post","link":"https:\/\/www.europesays.com\/no\/82601\/","title":{"rendered":"Kongsvinger, KIL Toppfotball | Slik kan KIL likevel rykke opp"},"content":{"rendered":"\n<p>KIL <a rel=\"Follow nofollow noopener\" href=\"https:\/\/www.glomdalen.no\/det-er-na-eller-aldri-klarer-kil-opprykket\/s\/80-19-149308\" target=\"_blank\">sviktet mot \u00c5sane med 0-0<\/a>. Seier ville sikret opprykket til Eliteserien, men r\u00f8dtr\u00f8yene fant aldri veien til m\u00e5let.<\/p>\n<p>Dermed stakk Start av med 2. plassen, bak LSK. KIL ble nummer tre og m\u00e5 ut i kvalifisering. Det betyr at alt h\u00e5p ikke er ute for Eliteserie-spill i 2026.<\/p>\n<p><b>\u2013 Det var et mareritt. Vi fikk ikke ballen i m\u00e5l, sa KIL-trener Johan Wennberg til Gl\u00e5mdalen etter fiaskoen i Bergen.<\/b><\/p>\n<p>  <a href=\"https:\/\/www.glomdalen.no\/80-19-149479\" class=\"related-teaser has-image default-opinion-teaser article--c-eRUmMG article--c-eRUmMG-jKCPdD-design-default\" rel=\"nofollow noopener\" target=\"_blank\"><\/p>\n<p>    <img decoding=\"async\" loading=\"lazy\"  src=\"https:\/\/www.europesays.com\/no\/wp-content\/uploads\/2025\/11\/IMG_6036.JPG\" alt=\"\" class=\"brick-c-cFOWSL\" style=\"\"\/><\/p>\n<p>\n            Les ogs\u00e5<\/p>\n<p>              Det er ikke til \u00e5 tro\n        <\/p>\n<p>  <\/a><\/p>\n<p>KIL-profilen Noa Williams var langt nede etter at opprykket glapp p\u00e5 m\u00e5lstreken.<\/p>\n<p>\u2013 Dette f\u00f8les piss. Hele laget (\u00c5sane) forsvarte seg og vi pr\u00f8vde \u00e5 trykke p\u00e5, sier Williams.<\/p>\n<p>\u2013 N\u00e5 m\u00e5 vi nullstille inn mot kvalifiseringen, sier Williams.<\/p>\n<p>For alt h\u00e5p er ikke ute.\u00a0<\/p>\n<p>    Vil du se neste video?<\/p>\n<p>    <a href=\"https:\/\/www.glomdalen.no\/dette-fikk-de-i-goodiebagen\/v\/80-19-146908\" class=\"recommend-poster\" data-adp-clicklabel=\"video-recommend\" data-adp-clickvalue=\"poster\" rel=\"nofollow noopener\" target=\"_blank\"><\/p>\n<p>Dette fikk de i goodiebagen0:45<\/p>\n<p>    <\/a><\/p>\n<p>        KIL sviktet og spilte 0-0 mot \u00c5sane. Dermed glapp opprykket. Video: Martin F. L\u00f8vberget<\/p>\n<p>Egersund og Ranheim m\u00f8tes til f\u00f8rste duell i kvalifiseringen. Vinneren av det oppgj\u00f8ret m\u00f8ter Aalesund.<\/p>\n<p>Det betyr at enten Egersund, Ranheim eller Aalesund blir KILs neste motstander. KIL har fordelen av hjemmebane.<\/p>\n<p>Dersom KIL vinner, venter laget som ender p\u00e5 kvalifiseringsplass i Eliteserien. Akkurat n\u00e5 er det Bryne.\u00a0<\/p>\n<p>    Vil du se neste video?<\/p>\n<p>    <a href=\"https:\/\/www.glomdalen.no\/dette-fikk-de-i-goodiebagen\/v\/80-19-146908\" class=\"recommend-poster\" data-adp-clicklabel=\"video-recommend\" data-adp-clickvalue=\"poster\" rel=\"nofollow noopener\" target=\"_blank\"><\/p>\n<p>Dette fikk de i goodiebagen0:45<\/p>\n<p>    <\/a><\/p>\n<p>        KIL sviktet og spilte 0-0 mot \u00c5sane. Dermed glapp opprykket. Video: Martin F. L\u00f8vberget<\/p>\n<p><b>Slik spilles kvalifiseringen til Eliteserien:<\/b><\/p>\n<p>Kamp 1: Egersund (nr. 5) hjemme <b>mot <\/b>Ranheim (nr. 6). Spilles 22. november.<\/p>\n<p>Kamp 2: Aalesund hjemme <b>mot <\/b>Vinner av kamp 1. Spilles 26. november.<\/p>\n<p>Kamp 3: <b>KIL mot<\/b> Vinner av kamp 2. Spilles 30. november.<\/p>\n<p>Opprykksfinaler, to kamper:<\/p>\n<p>Kamp 4: Nr. 14 i Eliteserien <b>mot <\/b>Vinner av kamp 3. Spilles 7. desember.<\/p>\n<p>Kamp 5: Vinner av kamp 3 <b>mot <\/b>nr. 14 i Eliteserien. Spilles 11. desember.<\/p>\n<p>  <a href=\"https:\/\/www.glomdalen.no\/80-19-149608\" class=\"related-teaser has-image default-gallery-teaser article--c-eRUmMG article--c-eRUmMG-jKCPdD-design-default\" rel=\"nofollow noopener\" target=\"_blank\"><\/p>\n<p>    <img decoding=\"async\" loading=\"lazy\"  src=\"https:\/\/www.europesays.com\/no\/wp-content\/uploads\/2025\/11\/IMG_6104.jpg\" alt=\"\" class=\"brick-c-cFOWSL\" style=\"\"\/><\/p>\n<p>\n            Bildeserie<\/p>\n<p>              Det ble ikke jubelscener: Se bildene fra KIL-nedturen\n        <\/p>\n<p>  <\/a><\/p>\n","protected":false},"excerpt":{"rendered":"KIL sviktet mot \u00c5sane med 0-0. Seier ville sikret opprykket til Eliteserien, men r\u00f8dtr\u00f8yene fant aldri veien til&hellip;\n","protected":false},"author":2,"featured_media":82602,"comment_status":"","ping_status":"","sticky":false,"template":"","format":"standard","meta":{"footnotes":""},"categories":[59],"tags":[36,92,1845,551,30,28,29,83,82,1510],"class_list":{"0":"post-82601","1":"post","2":"type-post","3":"status-publish","4":"format-standard","5":"has-post-thumbnail","7":"category-sport","8":"tag-art","9":"tag-fotball","10":"tag-kil-toppfotball","11":"tag-kongsvinger","12":"tag-no","13":"tag-norge","14":"tag-norway","15":"tag-sport","16":"tag-sports","17":"tag-story"},"share_on_mastodon":{"url":"https:\/\/pubeurope.com\/@no\/115520428114542423","error":""},"_links":{"self":[{"href":"https:\/\/www.europesays.com\/no\/wp-json\/wp\/v2\/posts\/82601","targetHints":{"allow":["GET"]}}],"collection":[{"href":"https:\/\/www.europesays.com\/no\/wp-json\/wp\/v2\/posts"}],"about":[{"href":"https:\/\/www.europesays.com\/no\/wp-json\/wp\/v2\/types\/post"}],"author":[{"embeddable":true,"href":"https:\/\/www.europesays.com\/no\/wp-json\/wp\/v2\/users\/2"}],"replies":[{"embeddable":true,"href":"https:\/\/www.europesays.com\/no\/wp-json\/wp\/v2\/comments?post=82601"}],"version-history":[{"count":0,"href":"https:\/\/www.europesays.com\/no\/wp-json\/wp\/v2\/posts\/82601\/revisions"}],"wp:featuredmedia":[{"embeddable":true,"href":"https:\/\/www.europesays.com\/no\/wp-json\/wp\/v2\/media\/82602"}],"wp:attachment":[{"href":"https:\/\/www.europesays.com\/no\/wp-json\/wp\/v2\/media?parent=82601"}],"wp:term":[{"taxonomy":"category","embeddable":true,"href":"https:\/\/www.europesays.com\/no\/wp-json\/wp\/v2\/categories?post=82601"},{"taxonomy":"post_tag","embeddable":true,"href":"https:\/\/www.europesays.com\/no\/wp-json\/wp\/v2\/tags?post=82601"}],"curies":[{"name":"wp","href":"https:\/\/api.w.org\/{rel}","templated":true}]}}