{"id":82635,"date":"2025-11-09T16:25:17","date_gmt":"2025-11-09T16:25:17","guid":{"rendered":"https:\/\/www.europesays.com\/no\/82635\/"},"modified":"2025-11-09T16:25:17","modified_gmt":"2025-11-09T16:25:17","slug":"hoyre-profiler-vil-ha-ola-svenneby-som-nestleder-krever-ny-kurs-i-innvandringspolitikken","status":"publish","type":"post","link":"https:\/\/www.europesays.com\/no\/82635\/","title":{"rendered":"H\u00f8yre-profiler vil ha Ola Svenneby som nestleder \u2013 krever ny kurs i innvandringspolitikken"},"content":{"rendered":"<p><strong>Flere av H\u00f8yres profilerte stortingsrepresentanter \u00f8nsker at avtroppende Unge H\u00f8yre-leder Ola Svenneby skal inn i partiledelsen. De mener partiet trenger fornyelse og en klarere linje i innvandringspolitikken.<\/strong><\/p>\n<p>\u2013 Vi trenger fornyelse av b\u00e5de politikken og partiet, sier B\u00e5rd Ludvig Thorheim til <a href=\"https:\/\/klassekampen.no\/utgave\/2025-11-07\/vil-ha-ola-svenneby-i-ledelsen?rnd=0.8099713516990668\" rel=\"nofollow noopener\" target=\"_blank\">Klassekampen<\/a>. Han er stortingsrepresentant fra Nordland og n\u00e6ringspolitisk talsperson.<\/p>\n<p>Thorheim mener H\u00f8yre mangler en ideologisk debatt om utviklingen i Europa.<\/p>\n<p>\u2013 Vi trenger en ideologisk oppv\u00e5kning. Det g\u00e5r nye politiske str\u00f8mninger gjennom Europa som jeg mener vi ikke forst\u00e5r godt nok. Vi m\u00e5 t\u00f8rre, fordomsfritt, \u00e5 sp\u00f8rre oss selv hva de str\u00f8mningene er og hvordan vi kan tilpasse oss dem, sier han.<\/p>\n<p>Thorheim trekker fram b\u00e5de Ola Svenneby og Peter Fr\u00f8lich som kandidater til \u00e5 fornye partiet. Samtidig etterlyser han en mer \u00abjordn\u00e6r og verdikonservativ\u00bb distriktspolitikk.<\/p>\n<p>\u2013 Det er helt avgj\u00f8rende at det er lukrativt og spennende \u00e5 bo ute langs kysten og innerst i fjordene, hvor det er stor industri som vi bygger v\u00e5r velferd p\u00e5. Vi m\u00e5 forst\u00e5 at tankegangen om effektivisering av kommuner og bygdesamfunn fra departementskontorene ikke fungerer, sier Thorheim til avisen.<\/p>\n<p>Han \u00f8nsker ogs\u00e5 en strengere innvandringspolitikk.<\/p>\n<p>\u2013 Vi har veldig mye \u00e5 l\u00e6re av Moderaterna i Sverige, sier han.<\/p>\n<p>Stortingsrepresentant Mahmoud Farahmand st\u00f8tter forslaget om \u00e5 f\u00e5 inn Svenneby i ledelsen.<\/p>\n<p>\u2013 Jeg mener at innvandringspolitikken v\u00e5r ikke er b\u00e6rekraftig. Vi m\u00e5 ha en innvandringspolitikk som tar inn over seg integreringskapasiteten i samfunnet, sier Farahmand.<\/p>\n<p>Ola Svenneby sier til Klassekampen at hans visjon for H\u00f8yre skiller seg fra det partiet han vokste opp med.<\/p>\n<p>\u2013 De siste \u00e5rene har det v\u00e6rt litt vanskelig \u00e5 se hva du egentlig stemmer p\u00e5 hvis du stemmer p\u00e5 H\u00f8yre. Jeg mener at H\u00f8yre har en unik posisjon til \u00e5 svare p\u00e5 den tids\u00e5nden som vi er i n\u00e5, sier han.<\/p>\n<p><img loading=\"lazy\" decoding=\"async\" width=\"1024\" height=\"683\" src=\"data:image\/svg+xml,%3Csvg%20xmlns=\" http:=\"\" alt=\"\" class=\"wp-image-72308\" data-lazy- data-lazy- data-lazy-src=\"https:\/\/www.europesays.com\/no\/wp-content\/uploads\/2025\/11\/NTB_G4MKHXfm5r8-1024x683.jpg\"\/>Leder i Unge H\u00f8yre Ola Svenneby p\u00e5 H\u00f8yres valgvake p\u00e5 H\u00f8yres Hus i Oslo under kommunevalget 2023.<br \/>\nFoto: Heiko Junge \/ NTB<\/p>\n<p>\u2013 Folk \u00f8nsker seg noe betryggende og solid, men ogs\u00e5 politikere som faktisk skj\u00e6rer gjennom og fikser ting. Folk er ikke s\u00e5 opptatt av hvordan vi fikser ungdomskriminalitet, bare vi gj\u00f8r det, sier Svenneby.<\/p>\n<p>Han mener innvandring blir en hovedsak for H\u00f8yre framover.<\/p>\n<p>\u2013 Jeg har alltid v\u00e6rt for streng innvandringspolitikk. Jeg var for det f\u00f8r det ble kult, sier Svenneby.<\/p>\n<p>Han \u00f8nsker s\u00e6rlig \u00e5 stramme inn reglene for familiegjenforening.<\/p>\n<p>\u2013 Vi m\u00e5 heve aldersgrensa, og vi m\u00e5 \u00f8ke hvor mye du m\u00e5 tjene for \u00e5 f\u00e5 familiegjenforening. Jeg mener ogs\u00e5 at enslige asyls\u00f8kere fungerer som et morbid insentiv til \u00e5 sende mindre\u00e5rige ut p\u00e5 flukt, s\u00e5 der m\u00e5 vi vurdere om det i det hele tatt skal v\u00e6re mulig med familiegjenforening, sier Svenneby til avisen.<\/p>\n<p><img loading=\"lazy\" decoding=\"async\" src=\"data:image\/svg+xml,%3Csvg%20xmlns=\" http:=\"\" width=\"16\" height=\"16\" alt=\"Loading ...\" title=\"Loading ...\" class=\"wp-polls-image\" data-lazy-src=\"https:\/\/www.europesays.com\/no\/wp-content\/uploads\/2025\/08\/loading.gif\"\/>\u00a0Loading &#8230;<\/p>\n","protected":false},"excerpt":{"rendered":"Flere av H\u00f8yres profilerte stortingsrepresentanter \u00f8nsker at avtroppende Unge H\u00f8yre-leder Ola Svenneby skal inn i partiledelsen. De mener&hellip;\n","protected":false},"author":2,"featured_media":82636,"comment_status":"","ping_status":"","sticky":false,"template":"","format":"standard","meta":{"footnotes":""},"categories":[5],"tags":[11140,20,21,24,25,15,19,762,22,23,2595,17,18,13,30,28,29,14,1654,16,26,27],"class_list":{"0":"post-82635","1":"post","2":"type-post","3":"status-publish","4":"format-standard","5":"has-post-thumbnail","7":"category-overskrifter","8":"tag-bard-ludvig-thorheim","9":"tag-breaking-news","10":"tag-breakingnews","11":"tag-featured-news","12":"tag-featurednews","13":"tag-headlines","14":"tag-hovedoppslag","15":"tag-hoyre","16":"tag-latest-news","17":"tag-latestnews","18":"tag-mahmoud-farahmand","19":"tag-main-news","20":"tag-mainnews","21":"tag-news","22":"tag-no","23":"tag-norge","24":"tag-norway","25":"tag-nyheter","26":"tag-ola-svenneby","27":"tag-overskrifter","28":"tag-top-stories","29":"tag-topstories"},"share_on_mastodon":{"url":"https:\/\/pubeurope.com\/@no\/115520675722197184","error":""},"_links":{"self":[{"href":"https:\/\/www.europesays.com\/no\/wp-json\/wp\/v2\/posts\/82635","targetHints":{"allow":["GET"]}}],"collection":[{"href":"https:\/\/www.europesays.com\/no\/wp-json\/wp\/v2\/posts"}],"about":[{"href":"https:\/\/www.europesays.com\/no\/wp-json\/wp\/v2\/types\/post"}],"author":[{"embeddable":true,"href":"https:\/\/www.europesays.com\/no\/wp-json\/wp\/v2\/users\/2"}],"replies":[{"embeddable":true,"href":"https:\/\/www.europesays.com\/no\/wp-json\/wp\/v2\/comments?post=82635"}],"version-history":[{"count":0,"href":"https:\/\/www.europesays.com\/no\/wp-json\/wp\/v2\/posts\/82635\/revisions"}],"wp:featuredmedia":[{"embeddable":true,"href":"https:\/\/www.europesays.com\/no\/wp-json\/wp\/v2\/media\/82636"}],"wp:attachment":[{"href":"https:\/\/www.europesays.com\/no\/wp-json\/wp\/v2\/media?parent=82635"}],"wp:term":[{"taxonomy":"category","embeddable":true,"href":"https:\/\/www.europesays.com\/no\/wp-json\/wp\/v2\/categories?post=82635"},{"taxonomy":"post_tag","embeddable":true,"href":"https:\/\/www.europesays.com\/no\/wp-json\/wp\/v2\/tags?post=82635"}],"curies":[{"name":"wp","href":"https:\/\/api.w.org\/{rel}","templated":true}]}}