{"id":82643,"date":"2025-11-09T16:40:10","date_gmt":"2025-11-09T16:40:10","guid":{"rendered":"https:\/\/www.europesays.com\/no\/82643\/"},"modified":"2025-11-09T16:40:10","modified_gmt":"2025-11-09T16:40:10","slug":"sommerhytta-vinnerne-sara-og-ibrahim-venter-sitt-forste-barn","status":"publish","type":"post","link":"https:\/\/www.europesays.com\/no\/82643\/","title":{"rendered":"Sommerhytta-vinnerne Sara og Ibrahim venter sitt f\u00f8rste barn"},"content":{"rendered":"<p class=\"kicker \" style=\"\">\u00abSommerhytta\u00bb-vinnerne:<\/p>\n<p>  TV-profilene m\u00e5 snart lage plass til \u00e9n til p\u00e5 hytta.<\/p>\n<p>\n    BABY P\u00c5 VEI: Ibrahim Mahnin og Sara Meyer Boudaya r\u00f8per stor nyhet. Foto: Privat\n  <\/p>\n<p>Etter en jevn sesong var det til slutt ekteparet <a href=\"https:\/\/www.seher.no\/kjendis\/forvirring-i-tarevat-finale\/76440679\" rel=\"nofollow noopener\" target=\"_blank\">Sara Meyer Boudaya og\u00a0Ibrahim Mahnin<\/a> som stakk av med \u00abSommerhytta\u00bb-seieren i 2022.<\/p>\n<p> Boudaya og Mahnin m\u00f8ttes p\u00e5 barnevernsstudiet i 2014, og fem \u00e5r senere ble de mann og kone.\u00a0<\/p>\n<p>    <a itemprop=\"url\" href=\"https:\/\/www.seher.no\/kjendis\/deltager-med-sjokkadvarsel-ikke-kjop-hytta\/83393931\" rel=\"nofollow noopener\" target=\"_blank\"><\/p>\n<p>      <img loading=\"lazy\" decoding=\"async\" src=\"https:\/\/www.europesays.com\/no\/wp-content\/uploads\/2025\/11\/83333822.webp\" width=\"980\" height=\"441\" title=\"Deltager med sjokkadvarsel: Ikke kj\u00f8p hytta\" alt=\"\" class=\"lazyload\" style=\"--aspect-ratio-image: 2.22; \"\/><\/p>\n<p>        Deltager med sjokkadvarsel: Ikke kj\u00f8p hytta<\/p>\n<p>    <\/a><\/p>\n<p>N\u00e5 skal de ogs\u00e5 bli foreldre.<\/p>\n<p>Gladnyheten delte de s\u00f8ndag p\u00e5 Instagram, hvor man ser det smilende paret vise frem ultralydbilder.\u00a0<\/p>\n<p>\u00abEt lite hjerte banker\u00bb, skriver Boudaya i innlegget.\u00a0<\/p>\n<p data-lab-italic=\"italic\" class=\"italic m-italic\">Se og H\u00f8r har fors\u00f8kt\u00a0Sara Meyer Boudaya for en kommentar.\u00a0<\/p>\n<p>        RART: Etter \u00e5 ha sett \u00e5rets sesong av \u00abSommerhytta\u00bb, er det flere ting Othilie Solberg Burdal og datteren Lisen Othilie Lunds\u00f8r stusser over. Video: TV 2\/ Kine Falch\/ Thea Hope\/ R\u00f8d L\u00f8per<\/p>\n<p data-lab-italic=\"\" class=\"no_italic m-no_italic\">Dette er parets f\u00f8rste barn. Boudaya sier til <a href=\"https:\/\/www.tv2.no\/underholdning\/gladnyhet-for-sommerhytta-paret\/18269732\/\" rel=\"nofollow noopener\" target=\"_blank\">TV 2<\/a> at det er fantastisk\u00a0\u00e5 \u00abendelig skulle bli foreldre\u00bb. <\/p>\n<p>&#8211; Det er v\u00e5r aller st\u00f8rste dr\u00f8m som g\u00e5r i oppfyllelse.<\/p>\n<p>          <img loading=\"lazy\" decoding=\"async\" src=\"https:\/\/www.europesays.com\/no\/wp-content\/uploads\/2025\/11\/83829021.webp\" width=\"686\" height=\"460\" title=\"SEIER: Paret felte gledest\u00e5rer da det ble klart at det var de som vant \u00abSommerhytta\u00bb. Foto: Espen Solli\/TV 2\" alt=\"\" class=\"\" style=\"--aspect-ratio-image: 1.49; \"\/><\/p>\n<p>\n          SEIER: Paret felte gledest\u00e5rer da det ble klart at det var de som vant \u00abSommerhytta\u00bb. Foto: Espen Solli\/TV 2\n      <\/p>\n<p>Ekteparet ser ogs\u00e5 frem til \u00e5 ta med barnet p\u00e5 hytta de bygde og vant i 2022.<\/p>\n<p>&#8211; Vi gleder oss til \u00e5 bruke tid der sammen med lille n\u00e5r den kommer, forteller Boudaya til TV 2.\u00a0<\/p>\n","protected":false},"excerpt":{"rendered":"\u00abSommerhytta\u00bb-vinnerne: TV-profilene m\u00e5 snart lage plass til \u00e9n til p\u00e5 hytta. BABY P\u00c5 VEI: Ibrahim Mahnin og Sara&hellip;\n","protected":false},"author":2,"featured_media":82644,"comment_status":"","ping_status":"","sticky":false,"template":"","format":"standard","meta":{"footnotes":""},"categories":[5],"tags":[20,21,24,25,15,19,11143,479,22,23,17,18,13,30,28,29,14,16,11142,10862,26,27],"class_list":{"0":"post-82643","1":"post","2":"type-post","3":"status-publish","4":"format-standard","5":"has-post-thumbnail","7":"category-overskrifter","8":"tag-breaking-news","9":"tag-breakingnews","10":"tag-featured-news","11":"tag-featurednews","12":"tag-headlines","13":"tag-hovedoppslag","14":"tag-ibrahim-mahnin","15":"tag-kjendis","16":"tag-latest-news","17":"tag-latestnews","18":"tag-main-news","19":"tag-mainnews","20":"tag-news","21":"tag-no","22":"tag-norge","23":"tag-norway","24":"tag-nyheter","25":"tag-overskrifter","26":"tag-sara-meyer-boudaya","27":"tag-sommerhytta","28":"tag-top-stories","29":"tag-topstories"},"share_on_mastodon":{"url":"https:\/\/pubeurope.com\/@no\/115520734989846285","error":""},"_links":{"self":[{"href":"https:\/\/www.europesays.com\/no\/wp-json\/wp\/v2\/posts\/82643","targetHints":{"allow":["GET"]}}],"collection":[{"href":"https:\/\/www.europesays.com\/no\/wp-json\/wp\/v2\/posts"}],"about":[{"href":"https:\/\/www.europesays.com\/no\/wp-json\/wp\/v2\/types\/post"}],"author":[{"embeddable":true,"href":"https:\/\/www.europesays.com\/no\/wp-json\/wp\/v2\/users\/2"}],"replies":[{"embeddable":true,"href":"https:\/\/www.europesays.com\/no\/wp-json\/wp\/v2\/comments?post=82643"}],"version-history":[{"count":0,"href":"https:\/\/www.europesays.com\/no\/wp-json\/wp\/v2\/posts\/82643\/revisions"}],"wp:featuredmedia":[{"embeddable":true,"href":"https:\/\/www.europesays.com\/no\/wp-json\/wp\/v2\/media\/82644"}],"wp:attachment":[{"href":"https:\/\/www.europesays.com\/no\/wp-json\/wp\/v2\/media?parent=82643"}],"wp:term":[{"taxonomy":"category","embeddable":true,"href":"https:\/\/www.europesays.com\/no\/wp-json\/wp\/v2\/categories?post=82643"},{"taxonomy":"post_tag","embeddable":true,"href":"https:\/\/www.europesays.com\/no\/wp-json\/wp\/v2\/tags?post=82643"}],"curies":[{"name":"wp","href":"https:\/\/api.w.org\/{rel}","templated":true}]}}