{"id":82657,"date":"2025-11-09T17:02:12","date_gmt":"2025-11-09T17:02:12","guid":{"rendered":"https:\/\/www.europesays.com\/no\/82657\/"},"modified":"2025-11-09T17:02:12","modified_gmt":"2025-11-09T17:02:12","slug":"trostepris-til-trump","status":"publish","type":"post","link":"https:\/\/www.europesays.com\/no\/82657\/","title":{"rendered":"Tr\u00f8stepris til Trump"},"content":{"rendered":"<p class=\"kicker \" style=\"\">FIFA-pris<\/p>\n<p>  Smiskingen med Donald Trump er parodisk. Fotballen b\u00f8r holde seg unna.<\/p>\n<p>\n    KOMPISER: FIFA-president Gianni Infantino har opprettet en ny alternativ fredspris som synes skreddersydd for hans gode venn Donald Trump. Prisen skal deles ut under VM-trekningen i Kennedy-sentret i desember. Her overrekker han presidenten det forgylte VM-trofeet foran neste \u00e5rs mesterskap. Foto: Ron Sachs \/ CNP \/ SplashNews\n  <\/p>\n<p>FIFA har opprettet en tr\u00f8stepris til Donald Trump som plaster p\u00e5 s\u00e5ret for at han ikke fikk Nobels fredspris. Det gir i hvert fall ikke h\u00f8ye odds \u00e5 tippe at den amerikanske presidenten blir f\u00f8rste mottaker av FIFAs nye fredspris som skal deles ut under VM-trekningen i Kennedy-sentret i desember. <\/p>\n<p>    <a itemprop=\"url\" href=\"https:\/\/www.dagbladet.no\/nyheter\/frykter-evighetskrig-i-ukraina\/83819597\" rel=\"nofollow noopener\" target=\"_blank\"><\/p>\n<p>      <img loading=\"lazy\" decoding=\"async\" src=\"https:\/\/www.europesays.com\/no\/wp-content\/uploads\/2025\/11\/1762707729_315_83820340.webp\" width=\"980\" height=\"441\" title=\"Frykter \u00abevighetskrig\u00bb i Ukraina\" alt=\"\" class=\"lazyload\" style=\"--aspect-ratio-image: 2.22; \"\/><\/p>\n<p>        Frykter \u00abevighetskrig\u00bb i Ukraina<\/p>\n<p>    <\/a><\/p>\n<p>FIFA-president Gianni Infantino er en av Trumps st\u00f8rste fans og har opptr\u00e5dd sammen med ham en rekke ganger b\u00e5de i Det hvite hus og rundt om i verden. Temaet har som regel kretset rundt behovet for \u00e5 skape dialog og bringe verden sammen, noe Infantino stadig roser Trump for \u00e5 gj\u00f8re, seinest under et m\u00f8te i Miami denne uka da prisen ble lansert.<\/p>\n<p>De to er en god match. Infantino kaller Trump for \u00aben veldig n\u00e6r venn\u00bb, og han er kjent for \u00e5 dele Trumps svakhet for rike sjeiked\u00f8mmer og hans egenr\u00e5dige syn p\u00e5 ledelse. Prisen skal ikke ha v\u00e6rt avklart med FIFAs styre, men ble opprettet p\u00e5 initiativ av Infantino selv &#8211; \u00abp\u00e5 vegne av fem milliarder fotballfans verden rundt\u00bb.<\/p>\n<p>    <a itemprop=\"url\" href=\"https:\/\/www.dagbladet.no\/meninger\/har-knekket-koden\/83816720\" rel=\"nofollow noopener\" target=\"_blank\"><\/p>\n<p>      <img loading=\"lazy\" decoding=\"async\" src=\"https:\/\/www.europesays.com\/no\/wp-content\/uploads\/2025\/11\/1762707730_457_83808571.webp\" width=\"980\" height=\"441\" title=\"Har knekket koden\" alt=\"\" class=\"lazyload\" style=\"--aspect-ratio-image: 2.22; \"\/><\/p>\n<p>        Har knekket koden<\/p>\n<p>    <\/a><\/p>\n<p>Fotball har utvilsomt evnen til \u00e5 bringe mennesker fra hele verden sammen i en felles begeistring for sporten, slik alle store idrettsbegivenheter har. Det betyr ikke at sport er hevet over politikk, slik Infantino hevdet under lanseringen. Det burde den omstridte fotballpresidenten vite av egen erfaring. Trumps misbruk av neste \u00e5rs fotball-VM for \u00e5 fremme egen agenda, er nok et grelt eksempel p\u00e5 at idrettens brede popularitet snarere innbyr til sammenblanding. Trump har gjentatte ganger truet med \u00e5 flytte VM-kamper fra byer styrt av demokratene, angivelig av sikkerhetsgrunner, og det er stadig usikkerhet om USAs nye visaregime vil bety at fotballfans og til og med spillere nektes innreise. Tilskuere m\u00e5 dessuten regne med at ICE vil v\u00e6re til stede under kampene.<\/p>\n<p>    <a itemprop=\"url\" href=\"https:\/\/www.dagbladet.no\/video\/maskorama-de-forste-bildene\/CKZKgeLK\" rel=\"nofollow noopener\" target=\"_blank\"><\/p>\n<p>      <img loading=\"lazy\" decoding=\"async\" src=\"https:\/\/www.europesays.com\/no\/wp-content\/uploads\/2025\/11\/83822453.webp\" width=\"980\" height=\"441\" title=\"\u00abMaskorama\u00bb: De f\u00f8rste bildene\" alt=\"\" class=\"lazyload\" style=\"--aspect-ratio-image: 2.22; \"\/><\/p>\n<p>        \u00abMaskorama\u00bb: De f\u00f8rste bildene<\/p>\n<p>    <\/a><\/p>\n<p>Donald Trump er alt annet enn en samlende figur som har bragt fred og forsoning til verden, slik prisen angivelig er ment \u00e5 hedre. Men Infantino bryr seg neppe om formelle kvalifikasjoner. Prisen er enda et eksempel p\u00e5 den korrupte smiskingen med USAs president, som for lengst har n\u00e5dd parodiske proporsjoner. Noen trodde kanskje at gullkronen han ble servert av S\u00f8r-Koreas president tok kaka, men Infantino h\u00f8yner med en egen fredspris, trolig en forgylt sak som f\u00e5r hedersplass p\u00e5 peishyllen i det ovale kontor.<\/p>\n<p>    <a itemprop=\"url\" href=\"https:\/\/www.dagbladet.no\/meninger\/ja-til-ranere\/83805620\" rel=\"nofollow noopener\" target=\"_blank\"><\/p>\n<p>      <img loading=\"lazy\" decoding=\"async\" src=\"https:\/\/www.europesays.com\/no\/wp-content\/uploads\/2025\/11\/1762707732_979_73879845.webp\" width=\"980\" height=\"441\" title=\"Ja til r\u00e5nere\" alt=\"\" class=\"lazyload\" style=\"--aspect-ratio-image: 2.22; \"\/><\/p>\n<p>        Ja til r\u00e5nere<\/p>\n<p>    <\/a><\/p>\n<p>Vi f\u00e5r se i desember, sa Infantino med et kokett smil da han ble spurt om prisen var myntet p\u00e5 Trump. Da hadde han allerede rost Trump opp i skyene for hans fredsarbeid. En slik tildeling vil ikke bare kaste skygge over det som skal v\u00e6re en festdag for fotballen og fansen, men bidra til en \u00f8deleggende politisering av sporten. Det er ikke fredsskapende.<\/p>\n","protected":false},"excerpt":{"rendered":"FIFA-pris Smiskingen med Donald Trump er parodisk. Fotballen b\u00f8r holde seg unna. KOMPISER: FIFA-president Gianni Infantino har opprettet&hellip;\n","protected":false},"author":2,"featured_media":82658,"comment_status":"","ping_status":"","sticky":false,"template":"","format":"standard","meta":{"footnotes":""},"categories":[59],"tags":[55,4472,7684,7826,4129,156,30,28,29,83,82],"class_list":{"0":"post-82657","1":"post","2":"type-post","3":"status-publish","4":"format-standard","5":"has-post-thumbnail","7":"category-sport","8":"tag-donald-trump","9":"tag-fotball-vm","10":"tag-fredspris","11":"tag-gianni-infantino","12":"tag-leder1","13":"tag-meninger","14":"tag-no","15":"tag-norge","16":"tag-norway","17":"tag-sport","18":"tag-sports"},"share_on_mastodon":{"url":"https:\/\/pubeurope.com\/@no\/115520821451059933","error":""},"_links":{"self":[{"href":"https:\/\/www.europesays.com\/no\/wp-json\/wp\/v2\/posts\/82657","targetHints":{"allow":["GET"]}}],"collection":[{"href":"https:\/\/www.europesays.com\/no\/wp-json\/wp\/v2\/posts"}],"about":[{"href":"https:\/\/www.europesays.com\/no\/wp-json\/wp\/v2\/types\/post"}],"author":[{"embeddable":true,"href":"https:\/\/www.europesays.com\/no\/wp-json\/wp\/v2\/users\/2"}],"replies":[{"embeddable":true,"href":"https:\/\/www.europesays.com\/no\/wp-json\/wp\/v2\/comments?post=82657"}],"version-history":[{"count":0,"href":"https:\/\/www.europesays.com\/no\/wp-json\/wp\/v2\/posts\/82657\/revisions"}],"wp:featuredmedia":[{"embeddable":true,"href":"https:\/\/www.europesays.com\/no\/wp-json\/wp\/v2\/media\/82658"}],"wp:attachment":[{"href":"https:\/\/www.europesays.com\/no\/wp-json\/wp\/v2\/media?parent=82657"}],"wp:term":[{"taxonomy":"category","embeddable":true,"href":"https:\/\/www.europesays.com\/no\/wp-json\/wp\/v2\/categories?post=82657"},{"taxonomy":"post_tag","embeddable":true,"href":"https:\/\/www.europesays.com\/no\/wp-json\/wp\/v2\/tags?post=82657"}],"curies":[{"name":"wp","href":"https:\/\/api.w.org\/{rel}","templated":true}]}}