{"id":82663,"date":"2025-11-09T17:25:10","date_gmt":"2025-11-09T17:25:10","guid":{"rendered":"https:\/\/www.europesays.com\/no\/82663\/"},"modified":"2025-11-09T17:25:10","modified_gmt":"2025-11-09T17:25:10","slug":"dette-er-andresens-nye-trener","status":"publish","type":"post","link":"https:\/\/www.europesays.com\/no\/82663\/","title":{"rendered":"Dette er Andresens nye trener"},"content":{"rendered":"<p>Sunnm\u00f8rsposten har tidligere skrevet om at Andresen hadde byttet ut trener Arve Hatl\u00f8y, men hun ville da ikke avsl\u00f8re hvem som skulle ta over ansvaret.<\/p>\n<p>N\u00e5 skriver <a href=\"https:\/\/www.nrk.no\/sport\/friidrett_-hekkelopar-lovise-skarbovik-andresen-flytta-vekk-etter-konflikt-1.17633767\" rel=\"noopener nofollow\" target=\"_blank\">NRK<\/a> at den nye treneren er Petar Vukicevic, der hun blant annet trener med Martine Hj\u00f8rnevik og Elea Block, som var Norges beste hekkel\u00f8pere denne sesongen. Vukicevic har trent flere norske hekkel\u00f8pere til norske rekorder og titler. Andresen sier at det var helt n\u00f8dvendig \u00e5 bytte trener.<\/p>\n<p>\u2013 Det var avgj\u00f8rende. Om jeg ikke hadde f\u00e5tt hjelp eller f\u00e5tt en ny trener, s\u00e5 hadde jeg ikke kunne fortsatt, sier Andresen.<\/p>\n<p>Hun har n\u00e5 flyttet til Asker og er forn\u00f8yd med hvordan kroppen responderer p\u00e5 treningen forel\u00f8pig, etter den d\u00e5rlige sesongen. Vukicevic er glad for \u00e5 trene Andresen fra \u00c5lesund.<\/p>\n<p><img decoding=\"async\" src=\"data:image\/gif;base64,R0lGODlhEAAJAIAAAP\/\/\/wAAACH5BAEAAAAALAAAAAAQAAkAAAIKhI+py+0Po5yUFQA7\" alt=\"\"\/><br \/>\n  Petar Vukicevic er ny trener for Andresen.<br \/>\n  <strong>Foto:<\/strong> Stian Lysberg Solum \/ NTB<\/p>\n<p>\u2013 Smertefritt. Uten problemer. Hun har kommet seg veldig godt inn og har blitt veldig godt tatt imot av de andre jentene. Hun viser allerede veldig spennende framgang, sier Vukicevic til NRK.<\/p>\n<p><a href=\"https:\/\/www.smp.no\/sport\/i\/LM2O8q\/lovise-21-om-nedturen-bare-et-stort-svart-hull\" rel=\"nofollow noopener\" target=\"_blank\"> <img decoding=\"async\" src=\"data:image\/gif;base64,R0lGODlhEAAJAIAAAP\/\/\/wAAACH5BAEAAAAALAAAAAAQAAkAAAIKhI+py+0Po5yUFQA7\" alt=\"\"\/>   Lovise (21) om nedturen: \u2013 Bare et stort svart hull  <\/a> <a href=\"https:\/\/www.smp.no\/sport\/i\/0Va9V0\/har-satt-trenerforholdet-paa-vent\" rel=\"nofollow noopener\" target=\"_blank\"> <img decoding=\"async\" src=\"data:image\/gif;base64,R0lGODlhEAAJAIAAAP\/\/\/wAAACH5BAEAAAAALAAAAAAQAAkAAAIKhI+py+0Po5yUFQA7\" alt=\"\"\/>   Har satt trener\u00adforholdet p\u00e5 vent  <\/a> <\/p>\n","protected":false},"excerpt":{"rendered":"Sunnm\u00f8rsposten har tidligere skrevet om at Andresen hadde byttet ut trener Arve Hatl\u00f8y, men hun ville da ikke&hellip;\n","protected":false},"author":2,"featured_media":82664,"comment_status":"","ping_status":"","sticky":false,"template":"","format":"standard","meta":{"footnotes":""},"categories":[59],"tags":[423,11146,30,28,29,83,82],"class_list":{"0":"post-82663","1":"post","2":"type-post","3":"status-publish","4":"format-standard","5":"has-post-thumbnail","7":"category-sport","8":"tag-friidrett","9":"tag-lovise-skarbovik-andresen","10":"tag-no","11":"tag-norge","12":"tag-norway","13":"tag-sport","14":"tag-sports"},"share_on_mastodon":{"url":"https:\/\/pubeurope.com\/@no\/115520911663003169","error":""},"_links":{"self":[{"href":"https:\/\/www.europesays.com\/no\/wp-json\/wp\/v2\/posts\/82663","targetHints":{"allow":["GET"]}}],"collection":[{"href":"https:\/\/www.europesays.com\/no\/wp-json\/wp\/v2\/posts"}],"about":[{"href":"https:\/\/www.europesays.com\/no\/wp-json\/wp\/v2\/types\/post"}],"author":[{"embeddable":true,"href":"https:\/\/www.europesays.com\/no\/wp-json\/wp\/v2\/users\/2"}],"replies":[{"embeddable":true,"href":"https:\/\/www.europesays.com\/no\/wp-json\/wp\/v2\/comments?post=82663"}],"version-history":[{"count":0,"href":"https:\/\/www.europesays.com\/no\/wp-json\/wp\/v2\/posts\/82663\/revisions"}],"wp:featuredmedia":[{"embeddable":true,"href":"https:\/\/www.europesays.com\/no\/wp-json\/wp\/v2\/media\/82664"}],"wp:attachment":[{"href":"https:\/\/www.europesays.com\/no\/wp-json\/wp\/v2\/media?parent=82663"}],"wp:term":[{"taxonomy":"category","embeddable":true,"href":"https:\/\/www.europesays.com\/no\/wp-json\/wp\/v2\/categories?post=82663"},{"taxonomy":"post_tag","embeddable":true,"href":"https:\/\/www.europesays.com\/no\/wp-json\/wp\/v2\/tags?post=82663"}],"curies":[{"name":"wp","href":"https:\/\/api.w.org\/{rel}","templated":true}]}}