{"id":82672,"date":"2025-11-09T17:46:16","date_gmt":"2025-11-09T17:46:16","guid":{"rendered":"https:\/\/www.europesays.com\/no\/82672\/"},"modified":"2025-11-09T17:46:16","modified_gmt":"2025-11-09T17:46:16","slug":"da-bestefar-flyttet-inn-hos-oss","status":"publish","type":"post","link":"https:\/\/www.europesays.com\/no\/82672\/","title":{"rendered":"Da bestefar flyttet inn hos oss"},"content":{"rendered":"<p>   <img decoding=\"async\" alt=\"Bilde av Av: SAMUEL MASSIE\" class=\"_image_ygndg_42\" height=\"28\" itemprop=\"image\" loading=\"lazy\"  src=\"https:\/\/www.europesays.com\/no\/wp-content\/uploads\/2025\/11\/385ef4f8-f4dc-4d35-b797-a15d8036c46b\"  width=\"40\"\/><strong class=\"_name_ygndg_51 title-serif-xs\">Av: SAMUEL MASSIE<\/strong><\/p>\n<p class=\"_paragraph_o9xde_4 text-sans-m _description_ygndg_56\">Eventyrer og forfatter<\/p>\n<p class=\"_paragraph_o9xde_4 _paragraph_xtcu6_10 layout-component text-serif-m layout-normal text-serif-m layout-padded\">\u00c5 v\u00e6re p\u00e5r\u00f8rende kan v\u00e6re en f\u00e6l rolle.<\/p>\n<p class=\"_paragraph_o9xde_4 _paragraph_xtcu6_10 layout-component text-serif-m layout-normal text-serif-m layout-padded\">Man blir spist opp innvendig av alt man kunne gjort, alt man burde hjulpet med, all tiden man skulle brukt, all st\u00f8tten man burde gitt.<\/p>\n<p class=\"_paragraph_o9xde_4 _paragraph_xtcu6_10 layout-component text-serif-m layout-normal text-serif-m layout-padded\">Men s\u00e5 sitter man der \u2013 med sitt eget liv, som man s\u00e5 vidt f\u00e5r til \u00e5 g\u00e5 rundt. <\/p>\n<p class=\"_paragraph_o9xde_4 _paragraph_xtcu6_10 layout-component text-serif-m layout-normal text-serif-m layout-padded\">Jeg tror mange kjenner seg igjen i det. Mange f\u00f8ler seg hjelpel\u00f8se.<\/p>\n<p><img alt=\"I FARTA: Duoen er best kjent fra TV2-serien \u00abSamuel og bestefar\u00bb.  Foto: TV2\" class=\"_image_qp4xg_65 layout-component layout-normal\" data-fullscreen- data-track-element-type=\"Article image fullscreen\" data-track-name=\"ImageFullscreen\" decoding=\"async\" loading=\"lazy\" height=\"615\" itemprop=\"image\"  src=\"https:\/\/www.europesays.com\/no\/wp-content\/uploads\/2025\/11\/a987ce3a-a50c-435b-a272-d0f1e920866a\"  style=\"object-position:58.56269113149847% 38.943089430894304%\" width=\"654\"\/>I FARTA: Duoen er best kjent fra TV2-serien \u00abSamuel og bestefar\u00bb.  Foto: TV2<\/p>\n<p class=\"_paragraph_o9xde_4 _paragraph_xtcu6_10 layout-component text-serif-m layout-normal text-serif-m layout-padded\">Allerede i 2027 blir det flere eldre enn yngre i Norge. <\/p>\n<p class=\"_paragraph_o9xde_4 _paragraph_xtcu6_10 layout-component text-serif-m layout-normal text-serif-m layout-padded\">Omsorgsminister Vestre roper etter flere omsorgsengler, mer teknologi, mer penger \u2013 for systemet takler ikke b\u00f8lgen som kommer.<\/p>\n<p class=\"_paragraph_o9xde_4 _paragraph_xtcu6_10 layout-component text-serif-m layout-normal text-serif-m layout-padded\">Bestefar m\u00e5tte selv b\u00f8ye ryggen og tre inn i dette systemet.<\/p>\n<p class=\"_paragraph_o9xde_4 _paragraph_xtcu6_10 layout-component text-serif-m layout-normal text-serif-m layout-padded\">Han kunne ikke lenger bo hjemme alene.<\/p>\n<p><img alt=\"N\u00c6RE: \u00abBestefar sa nylig: \u00abDet er rart hvordan to kunne ta vare p\u00e5 elleve barn, men elleve barn ikke kan ta vare p\u00e5 to foreldre\u00bb, skriver Samuel Massie.  Foto: Privat\" class=\"_image_qp4xg_65 layout-component layout-normal\" data-fullscreen- data-track-element-type=\"Article image fullscreen\" data-track-name=\"ImageFullscreen\" decoding=\"async\" loading=\"lazy\" height=\"548\" itemprop=\"image\"  src=\"https:\/\/www.europesays.com\/no\/wp-content\/uploads\/2025\/11\/3d32092a-f542-4246-b368-057293e13632\"  style=\"object-position:51.080550098231825% 47.71897810218978%\" width=\"509\"\/>N\u00c6RE: \u00abBestefar sa nylig: \u00abDet er rart hvordan to kunne ta vare p\u00e5 elleve barn, men elleve barn ikke kan ta vare p\u00e5 to foreldre\u00bb, skriver Samuel Massie.  Foto: Privat<\/p>\n<p class=\"_paragraph_o9xde_4 _paragraph_xtcu6_10 layout-component text-serif-m layout-normal text-serif-m layout-padded\">Sju uker p\u00e5 sykehjem fikk han.<\/p>\n<p class=\"_paragraph_o9xde_4 _paragraph_xtcu6_10 layout-component text-serif-m layout-normal text-serif-m layout-padded\">Alt var perfekt: mat og medisiner til faste tider, omsorgsarbeidere p\u00e5 giv akt n\u00e5r han trengte noe.<\/p>\n<p class=\"_paragraph_o9xde_4 _paragraph_xtcu6_10 layout-component text-serif-m layout-normal text-serif-m layout-padded\">Han hadde det s\u00e5 perfekt at han like gjerne kunne legge inn \u00e5rene og gli inn i avslutningen.<\/p>\n<p><img alt=\"SMILER FRA \u00d8RE TIL \u00d8RE: Bestefar Arne Ulvolden med ballonger i h\u00e5nda.  Foto: Privat\" class=\"_image_qp4xg_65 layout-component layout-normal\" data-fullscreen- data-track-element-type=\"Article image fullscreen\" data-track-name=\"ImageFullscreen\" decoding=\"async\" loading=\"lazy\" height=\"1313\" itemprop=\"image\"  src=\"https:\/\/www.europesays.com\/no\/wp-content\/uploads\/2025\/11\/e76a3ae0-89a5-4a9d-a0b2-161b4f031867\"  style=\"object-position:0% 0%\" width=\"1135\"\/>SMILER FRA \u00d8RE TIL \u00d8RE: Bestefar Arne Ulvolden med ballonger i h\u00e5nda.  Foto: Privat<\/p>\n<p class=\"_paragraph_o9xde_4 _paragraph_xtcu6_10 layout-component text-serif-m layout-normal text-serif-m layout-padded\">Jeg sto p\u00e5 sidelinjen, fylt av den velkjente d\u00e5rlige samvittigheten \u2013 f\u00f8lelsen av \u00e5 ikke strekke til.<\/p>\n<p class=\"_paragraph_o9xde_4 _paragraph_xtcu6_10 layout-component text-serif-m layout-normal text-serif-m layout-padded\">Men jeg har l\u00e6rt at \u00e5 koste ting under teppet sjelden l\u00f8ser noe.<\/p>\n<p class=\"_paragraph_o9xde_4 _paragraph_xtcu6_10 layout-component text-serif-m layout-normal text-serif-m layout-padded\">S\u00e5 jeg bestemte meg for \u00e5 angripe kjernen av situasjonen, kjernen av den gnagende samvittigheten jeg kjente p\u00e5.<\/p>\n<p class=\"_paragraph_o9xde_4 _paragraph_xtcu6_10 layout-component text-serif-m layout-normal text-serif-m layout-padded\">\u00abDu vil ikke heller flytte inn til meg?\u00bb, spurte jeg.<\/p>\n<p class=\"_paragraph_o9xde_4 _paragraph_xtcu6_10 layout-component text-serif-m layout-normal text-serif-m layout-padded\">Han var ikke vond \u00e5 be.<\/p>\n<p class=\"_paragraph_o9xde_4 _paragraph_xtcu6_10 layout-component text-serif-m layout-normal text-serif-m layout-padded\">Men hos meg blir han m\u00f8tt av kaos.<\/p>\n<p class=\"_paragraph_o9xde_4 _paragraph_xtcu6_10 layout-component text-serif-m layout-normal text-serif-m layout-padded\">Her svinger stemningen mellom barnegr\u00e5t, h\u00f8ylytt eufori og plutselige spurtekonkurranser gjennom huset.<\/p>\n<p class=\"_paragraph_o9xde_4 _paragraph_xtcu6_10 layout-component text-serif-m layout-normal text-serif-m layout-padded\">I g\u00e5r glemte jeg \u00e5 servere ham middag. Vi sliter med \u00e5 henge med selv.<\/p>\n<p class=\"_paragraph_o9xde_4 _paragraph_xtcu6_10 layout-component text-serif-m layout-normal text-serif-m layout-padded\">Likevel har ingen av oss hatt det bedre.<\/p>\n<p class=\"_paragraph_o9xde_4 _paragraph_xtcu6_10 layout-component text-serif-m layout-normal text-serif-m layout-padded\">P\u00e5 sykehjemmet fikk han en myk avslutning. Hos meg f\u00e5r han en fortsettelse.<\/p>\n<p class=\"_paragraph_o9xde_4 _paragraph_xtcu6_10 layout-component text-serif-m layout-normal text-serif-m layout-padded\">Han st\u00e5r midt i kaoset \u2013 og nyter det.<\/p>\n<p class=\"_paragraph_o9xde_4 _paragraph_xtcu6_10 layout-component text-serif-m layout-normal text-serif-m layout-padded\">Og jeg? Jeg slipper \u00e5 b\u00e6re p\u00e5 den konstante d\u00e5rlige samvittigheten. Han er blitt en del av hverdagen.<\/p>\n<p><img alt=\"SPILLKVELD: Bestefar og Samuel grubler p\u00e5 hver sin side av sjakkbrettet.  Foto: Privat\" class=\"_image_qp4xg_65 layout-component layout-normal\" data-fullscreen- data-track-element-type=\"Article image fullscreen\" data-track-name=\"ImageFullscreen\" decoding=\"async\" loading=\"lazy\" height=\"851\" itemprop=\"image\"  src=\"https:\/\/www.europesays.com\/no\/wp-content\/uploads\/2025\/11\/cf6935c7-df61-4a0e-83c1-4774c6c0440a\"  style=\"object-position:0% 0%\" width=\"1131\"\/>SPILLKVELD: Bestefar og Samuel grubler p\u00e5 hver sin side av sjakkbrettet.  Foto: Privat<\/p>\n<p class=\"_paragraph_o9xde_4 _paragraph_xtcu6_10 layout-component text-serif-m layout-normal text-serif-m layout-padded\">Det f\u00e5r meg til \u00e5 revurdere hvordan samfunnet v\u00e5rt er skrudd sammen.<\/p>\n<p class=\"_paragraph_o9xde_4 _paragraph_xtcu6_10 layout-component text-serif-m layout-normal text-serif-m layout-padded\">Vi jobber mer, stresser mer, barna v\u00e5re har lengre dager i barnehagen, og de eldre blir stuet bort.<\/p>\n<p class=\"_paragraph_o9xde_4 _paragraph_xtcu6_10 layout-component text-serif-m layout-normal text-serif-m layout-padded\">For hva? For \u00e5 realisere oss selv? For \u00e5 ha r\u00e5d til en nyere bil eller h\u00f8yere hekk?<\/p>\n<p class=\"_paragraph_o9xde_4 _paragraph_xtcu6_10 layout-component text-serif-m layout-normal text-serif-m layout-padded\">Bestefar sa nylig:<\/p>\n<p class=\"_paragraph_o9xde_4 _paragraph_xtcu6_10 layout-component text-serif-m layout-normal text-serif-m layout-padded\"><strong class=\"_strong_o9xde_25\">\u00abDet er rart hvordan to kunne ta vare p\u00e5 elleve barn, men elleve barn ikke kan ta vare p\u00e5 to foreldre.\u00bb<\/strong><\/p>\n<p class=\"_paragraph_o9xde_4 _paragraph_xtcu6_10 layout-component text-serif-m layout-normal text-serif-m layout-padded\">Kanskje l\u00f8sningen p\u00e5 fremtidens eldreomsorg ikke er \u00abmer\u00bb, men at vi m\u00e5 tenke annerledes.<\/p>\n<p class=\"_paragraph_o9xde_4 _paragraph_xtcu6_10 layout-component text-serif-m layout-normal text-serif-m layout-padded\">Han f\u00e5r meg jevnlig til \u00e5 tenke over livet og valgene jeg tar \u2013 med vissheten om at jeg ogs\u00e5 en dag skal ha d\u00f8den som neste kapittel.<\/p>\n<p class=\"_paragraph_o9xde_4 _paragraph_xtcu6_10 layout-component text-serif-m layout-normal text-serif-m layout-padded\">Hva vil jeg tenke da?<\/p>\n<p class=\"_paragraph_o9xde_4 _paragraph_xtcu6_10 layout-component text-serif-m layout-normal text-serif-m layout-padded\">Hva vil jeg tenke da?<\/p>\n<p class=\"_paragraph_o9xde_4 _paragraph_xtcu6_10 layout-component text-serif-m layout-normal text-serif-m layout-padded\">For meg er svaret enkelt.<\/p>\n<p class=\"_paragraph_o9xde_4 _paragraph_xtcu6_10 layout-component text-serif-m layout-normal text-serif-m layout-padded\">Jeg kunne ikke brydd meg mindre om verken bil eller busk.<\/p>\n<p class=\"_paragraph_o9xde_4 _paragraph_xtcu6_10 layout-component text-serif-m layout-normal text-serif-m layout-padded\">Det er relasjonene jeg vil sitte igjen med.<\/p>\n<p class=\"_paragraph_o9xde_4 _paragraph_xtcu6_10 layout-component text-serif-m layout-normal text-serif-m layout-padded\">De er ikke alltid en dans p\u00e5 roser, men livet har l\u00e6rt meg at de fineste tingene vokser ut av det vanskelige.<\/p>\n<p class=\"_paragraph_o9xde_4 _paragraph_xtcu6_10 layout-component text-serif-m layout-normal text-serif-m layout-padded\">Mening vinner alltid over lykke. Derfor pr\u00f8ver jeg igjen.<\/p>\n<p class=\"_paragraph_o9xde_4 _paragraph_xtcu6_10 layout-component text-serif-m layout-normal text-serif-m layout-padded\">Hvordan det g\u00e5r, vet jeg ikke. Men jeg tror det er rett \u2013 \u00e5 pr\u00f8ve en gang til.<\/p>\n<p class=\"_paragraph_o9xde_4 _paragraph_xtcu6_10 layout-component text-serif-m layout-normal text-serif-m layout-padded\">N\u00e5r jeg gj\u00f8r et verdioppgj\u00f8r, er det ikke relasjonene som skal kuttes ned p\u00e5 n\u00e5r livet blir heseblesende.<\/p>\n<p class=\"_paragraph_o9xde_4 _paragraph_xtcu6_10 layout-component text-serif-m layout-normal text-serif-m layout-padded\">Det er en annen ende jeg m\u00e5 kutte i: Den som best\u00e5r av alt jeg vet jeg ikke vil bry meg om n\u00e5r jeg selv ligger p\u00e5 d\u00f8dsleiet.<\/p>\n<p class=\"_paragraph_o9xde_4 _paragraph_xtcu6_10 layout-component text-serif-m layout-normal text-serif-m layout-padded\">Derfor har vi tatt et nytt verdioppgj\u00f8r i v\u00e5r familie.<\/p>\n<p class=\"_paragraph_o9xde_4 _paragraph_xtcu6_10 layout-component text-serif-m layout-normal text-serif-m layout-padded\"><strong class=\"_strong_o9xde_25\">Resultatet? Den syvende far i huset har inntatt stua.<\/strong><\/p>\n<p class=\"_paragraph_o9xde_4 _paragraph_xtcu6_10 layout-component text-serif-m layout-normal text-serif-m layout-padded\">Og selv om han trenger hjelp til BankID midt under gr\u00f8tlaging, p\u00e5kledning og barneskrik, s\u00e5 tror jeg faktisk han gir oss mer tilbake.<\/p>\n<p class=\"_paragraph_o9xde_4 _paragraph_xtcu6_10 layout-component text-serif-m layout-normal text-serif-m layout-padded\">Han minner oss om hvem vi \u00f8nsker \u00e5 v\u00e6re \u2013 om verdien av \u00e5 gi og motta omsorg, og hvor vakkert det er \u00e5 st\u00e5 i relasjonene v\u00e5re, i godt og i vondt.<\/p>\n<p class=\"_paragraph_o9xde_4 _paragraph_xtcu6_10 layout-component text-serif-m layout-normal text-serif-m layout-padded\">Og hvem vet \u2013 kanskje g\u00e5r denne l\u00e6rdommen, om alltid \u00e5 pr\u00f8ve \u00e9n gang til, s\u00e5 langt at jeg f\u00e5r flytte inn hos mine oldebarn n\u00e5r jeg fyller 90?<\/p>\n<p class=\"_paragraph_o9xde_4 _paragraph_xtcu6_10 layout-component text-serif-m layout-normal text-serif-m layout-padded\"><strong class=\"_strong_o9xde_25\">Det er vel lov \u00e5 h\u00e5pe.<\/strong><\/p>\n<p>      Dette er en kommentar. Kommentaren gir uttrykk for skribentens holdning. Unge meninger-prosjektet er finansiert med st\u00f8tte av Stiftelsen Tinius. <a class=\"_link_jv5ak_10\" href=\"https:\/\/www.vg.no\/informasjon\/redaksjonelle-avgjorelser\/240\" rel=\"nofollow noopener\" target=\"_blank\">Les mer<\/a>. <\/p>\n","protected":false},"excerpt":{"rendered":"Av: SAMUEL MASSIE Eventyrer og forfatter \u00c5 v\u00e6re p\u00e5r\u00f8rende kan v\u00e6re en f\u00e6l rolle. Man blir spist opp&hellip;\n","protected":false},"author":2,"featured_media":82673,"comment_status":"","ping_status":"","sticky":false,"template":"","format":"standard","meta":{"footnotes":""},"categories":[5],"tags":[20,21,4070,6709,24,25,15,736,19,22,23,4016,17,18,13,30,28,29,14,10549,16,4519,26,27,103],"class_list":{"0":"post-82672","1":"post","2":"type-post","3":"status-publish","4":"format-standard","5":"has-post-thumbnail","7":"category-overskrifter","8":"tag-breaking-news","9":"tag-breakingnews","10":"tag-eldre","11":"tag-eldrebolge","12":"tag-featured-news","13":"tag-featurednews","14":"tag-headlines","15":"tag-helse","16":"tag-hovedoppslag","17":"tag-latest-news","18":"tag-latestnews","19":"tag-livet","20":"tag-main-news","21":"tag-mainnews","22":"tag-news","23":"tag-no","24":"tag-norge","25":"tag-norway","26":"tag-nyheter","27":"tag-omsorgsarbeid","28":"tag-overskrifter","29":"tag-parorende","30":"tag-top-stories","31":"tag-topstories","32":"tag-vgmeninger"},"share_on_mastodon":{"url":"https:\/\/pubeurope.com\/@no\/115520994539987310","error":""},"_links":{"self":[{"href":"https:\/\/www.europesays.com\/no\/wp-json\/wp\/v2\/posts\/82672","targetHints":{"allow":["GET"]}}],"collection":[{"href":"https:\/\/www.europesays.com\/no\/wp-json\/wp\/v2\/posts"}],"about":[{"href":"https:\/\/www.europesays.com\/no\/wp-json\/wp\/v2\/types\/post"}],"author":[{"embeddable":true,"href":"https:\/\/www.europesays.com\/no\/wp-json\/wp\/v2\/users\/2"}],"replies":[{"embeddable":true,"href":"https:\/\/www.europesays.com\/no\/wp-json\/wp\/v2\/comments?post=82672"}],"version-history":[{"count":0,"href":"https:\/\/www.europesays.com\/no\/wp-json\/wp\/v2\/posts\/82672\/revisions"}],"wp:featuredmedia":[{"embeddable":true,"href":"https:\/\/www.europesays.com\/no\/wp-json\/wp\/v2\/media\/82673"}],"wp:attachment":[{"href":"https:\/\/www.europesays.com\/no\/wp-json\/wp\/v2\/media?parent=82672"}],"wp:term":[{"taxonomy":"category","embeddable":true,"href":"https:\/\/www.europesays.com\/no\/wp-json\/wp\/v2\/categories?post=82672"},{"taxonomy":"post_tag","embeddable":true,"href":"https:\/\/www.europesays.com\/no\/wp-json\/wp\/v2\/tags?post=82672"}],"curies":[{"name":"wp","href":"https:\/\/api.w.org\/{rel}","templated":true}]}}