{"id":8270,"date":"2025-08-14T19:24:09","date_gmt":"2025-08-14T19:24:09","guid":{"rendered":"https:\/\/www.europesays.com\/no\/8270\/"},"modified":"2025-08-14T19:24:09","modified_gmt":"2025-08-14T19:24:09","slug":"brann-slapp-med-skrekken-mot-hacken-na-skal-de-spille-europacup","status":"publish","type":"post","link":"https:\/\/www.europesays.com\/no\/8270\/","title":{"rendered":"Brann slapp med skrekken mot H\u00e4cken \u2013 n\u00e5 skal de spille europacup"},"content":{"rendered":"\n<p class=\"_lead_1bvmi_2 _lead_xtcu6_50 layout-component text-serif-m layout-normal text-serif-l layout-component layout-wide layout-padded _wide_17hqh_1 layout-padded\">Brann har endelig klart det: N\u00e5 blir det atter igjen Europa-fest i Bergen!<\/p>\n<p> <img class=\"_image_qp4xg_65 layout-component layout-wide\" data-fullscreen- data-track-element-type=\"Article image fullscreen\" data-track-name=\"ImageFullscreen\" fetchpriority=\"high\" decoding=\"sync\" loading=\"eager\" height=\"57\" itemprop=\"image\"  src=\"https:\/\/www.europesays.com\/no\/wp-content\/uploads\/2025\/08\/c00610f0f464782f103bc896b09c64c0.jpg\"  style=\"object-position:50% 50%;aspect-ratio:1.75;height:auto;object-fit:cover;width:100%\" width=\"102\"\/>  <\/p>\n<ul aria-hidden=\"true\" class=\"_images_1y6fe_106\">\n<li><a class=\"_link_1y6fe_111\" href=\"https:\/\/www.vg.no\/forfatter\/jens-friberg\" style=\"z-index:2\" title=\"Jens Friberg\" rel=\"nofollow noopener\" target=\"_blank\"><img alt=\"Bilde av Jens Friberg\" class=\"_image_1y6fe_88\" fetchpriority=\"low\" loading=\"lazy\" decoding=\"async\" itemprop=\"image\"  src=\"https:\/\/www.europesays.com\/no\/wp-content\/uploads\/2025\/08\/1755199448_52_d5a4433c-4b68-4c86-a3bf-a19d98457272\"  width=\"480\"\/><\/a><\/li>\n<li><a class=\"_link_1y6fe_111\" href=\"https:\/\/www.vg.no\/forfatter\/mats-arntzen\" style=\"z-index:1\" title=\"Mats Arntzen\" rel=\"nofollow noopener\" target=\"_blank\"><img alt=\"Bilde av Mats Arntzen\" class=\"_image_1y6fe_88\" fetchpriority=\"low\" loading=\"lazy\" decoding=\"async\" itemprop=\"image\"  src=\"https:\/\/www.europesays.com\/no\/wp-content\/uploads\/2025\/08\/29b4beac-bbee-4d70-98b8-fb24e4b95afc\"  width=\"480\"\/><\/a><\/li>\n<\/ul>\n<p>Rapporterer fra Bergen Oppdatert torsdag 14. august kl. 21:21     <\/p>\n<p class=\"_paragraph_1bvmi_4 _paragraph_xtcu6_10 layout-component text-serif-m layout-normal text-serif-m layout-padded\">\u2013 Det var j\u00e6vlig, rett og slett. Vi henger i tauene fra 25 minutter og ut. Det holder i alle fall inn. Jeg vet ikke hva jeg skal si. Vi starter okay, s\u00e5 mister vi det helt. Men vi st\u00e5r bra imot, sier Felix Horn Myhre til VG.<\/p>\n<p class=\"_paragraph_1bvmi_4 _paragraph_xtcu6_10 layout-component text-serif-m layout-normal text-serif-m layout-padded\">Han beskriver en lang, seig kamp med ryggen mot veggen.<\/p>\n<p class=\"_paragraph_1bvmi_4 _paragraph_xtcu6_10 layout-component text-serif-m layout-normal text-serif-m layout-padded\">\u2013 Det bryr jeg meg ikke s\u00e5 mye om n\u00e5. Vi skal spille Europa og det gleder jeg meg til. Det er det vi har jobbet for i tre \u00e5r n\u00e5, sier midtbanespilleren.<\/p>\n<p class=\"_paragraph_1bvmi_4 _paragraph_xtcu6_10 layout-component text-serif-m layout-normal text-serif-m layout-padded\">\u2013 Det var litt kaos utp\u00e5 der i dag. Vi er lettet n\u00e5. Uff &#8230; det er deilig, as. Det er en dr\u00f8m som g\u00e5r i oppfyllelse, sier stopper Eivind Helland.<\/p>\n<p class=\"_paragraph_1bvmi_4 _paragraph_xtcu6_10 layout-component text-serif-m layout-normal text-serif-m layout-padded\">\u2013 Den var t\u00f8ff. Jeg har d\u00e5rlig hjerte, jeg var litt bekymret for et hjerteanfall \u2013 selv om jeg har en god lege p\u00e5 benken, sier trener Freyr Alexandersson.<\/p>\n<p class=\"_paragraph_1bvmi_4 _paragraph_xtcu6_10 layout-component text-serif-m layout-normal text-serif-m layout-padded\">Etter sluttsignalet br\u00f8t hele Brann Stadion ut i en grensel\u00f8s eufori. For f\u00f8rste gang p\u00e5 18 \u00e5r skal de spille i det gjeve, europeiske selskapet.<\/p>\n<p class=\"_paragraph_1bvmi_4 _paragraph_xtcu6_10 layout-component text-serif-m layout-normal text-serif-m layout-padded\">N\u00e5 venter Europa League-playoff mot enten Legia Warszawa eller AEK Larnaca, som spiller klokken 21 i kveld.<\/p>\n<p class=\"_paragraph_1bvmi_4 _paragraph_xtcu6_10 layout-component text-serif-m layout-normal text-serif-m layout-padded\">Skulle de vinne, spiller de ligafasen i gjeve Europa League denne h\u00f8sten. Men selv ved tap i neste runde, f\u00e5r de plass p\u00e5 niv\u00e5 tre: Conference League.<\/p>\n<p class=\"_paragraph_1bvmi_4 _paragraph_xtcu6_10 layout-component text-serif-m layout-normal text-serif-m layout-padded\">Brann skal spille i Europa, klubben kan le hele veien til banken n\u00e5r millionene renner inn, endelig har de brutt barrieren de har stanget i de siste \u00e5rene.<\/p>\n<p class=\"_paragraph_1bvmi_4 _paragraph_xtcu6_10 layout-component text-serif-m layout-normal text-serif-m layout-padded\">\u2013 Dette er s\u00e5 kult for Bergen, for Brann, for alle. Det er ikke pengene som betyr mest. Dette er historie, sier VGs ekspertkommentator Vegard Leikvoll Moberg.<\/p>\n<p class=\"_paragraph_1bvmi_4 _paragraph_xtcu6_10 layout-component text-serif-m layout-normal text-serif-m layout-padded\">Nystemten runget ut over stadion etter sluttsignalet.<\/p>\n<p class=\"_paragraph_1bvmi_4 _paragraph_xtcu6_10 layout-component text-serif-m layout-normal text-serif-m layout-padded\">Trener Freyr Alexandersson feiret med knyttneven opp mot Bataljonen.<\/p>\n<p><img alt=\"Foto: Paul S. Amundsen \/ NTB\" class=\"_image_qp4xg_65 layout-component layout-normal\" data-fullscreen- data-track-element-type=\"Article image fullscreen\" data-track-name=\"ImageFullscreen\" decoding=\"async\" loading=\"lazy\" height=\"5464\" itemprop=\"image\"  src=\"https:\/\/www.europesays.com\/no\/wp-content\/uploads\/2025\/08\/53fef503-d140-4a83-8da5-1e48cf8e43ce\"  style=\"object-position:0% 0%\" width=\"8192\"\/>Foto: Paul S. Amundsen \/ NTB<\/p>\n<p class=\"_paragraph_1bvmi_4 _paragraph_xtcu6_10 layout-component text-serif-m layout-normal text-serif-m layout-padded\">Men det ble nerv\u00f8st, s\u00e5 nerv\u00f8st.<\/p>\n<p class=\"_paragraph_1bvmi_4 _paragraph_xtcu6_10 layout-component text-serif-m layout-normal text-serif-m layout-padded\">Brann hadde et fenomenalt utgangspunkt med 2\u20130 fra bortem\u00f8tet forrige uke. <\/p>\n<p class=\"_paragraph_1bvmi_4 _paragraph_xtcu6_10 layout-component text-serif-m layout-normal text-serif-m layout-padded\">Svenskene m\u00e5tte angripe, og det gjorde de, mer og mer, la et stadig st\u00f8rre press. 0\u20131 kom p\u00e5 et selvm\u00e5l, og fra og med da ville hver scoring kunne knuse Branns Europa-dr\u00f8m nok en gang.<\/p>\n<p class=\"_paragraph_1bvmi_4 _paragraph_xtcu6_10 layout-component text-serif-m layout-normal text-serif-m layout-padded\">I annen omgang hadde svenskene flere store sjanser. Thore Pedersen reddet p\u00e5 strek, utallige hj\u00f8rnespark ble klarert og de \u00f8vrige avslutningene gikk over eller utenfor.<\/p>\n<p class=\"_paragraph_1bvmi_4 _paragraph_xtcu6_10 layout-component text-serif-m layout-normal text-serif-m layout-padded\">Helt p\u00e5 tampen av kampen fikk de straffespark etter en VAR-sjekk. Niklas Castro gikk opp, kunne sikre seieren &#8230; og bommet.<\/p>\n<p class=\"_paragraph_1bvmi_4 _paragraph_xtcu6_10 layout-component text-serif-m layout-normal text-serif-m layout-padded\">\u2013 Den m\u00e5tte komme en eller annen gang. S\u00e5nn skjer. Vi trengte ikke gj\u00f8re det s\u00e5 spennende, sier Castro til VG.<\/p>\n<p class=\"_paragraph_1bvmi_4 _paragraph_xtcu6_10 layout-component text-serif-m layout-normal text-serif-m layout-padded\">Plutselig hadde H\u00e4cken noen minutter til \u00e5 redde ekstraomganger. Det klarte de ikke. Men det var kaotisk.<\/p>\n<p><img alt=\"Foto: Paul S. Amundsen \/ NTB\" class=\"_image_qp4xg_65 layout-component layout-normal\" data-fullscreen- data-track-element-type=\"Article image fullscreen\" data-track-name=\"ImageFullscreen\" decoding=\"async\" loading=\"lazy\" height=\"3392\" itemprop=\"image\"  src=\"https:\/\/www.europesays.com\/no\/wp-content\/uploads\/2025\/08\/e4319a44-18f3-44bd-9aed-b65b088bb6da\"  style=\"object-position:0% 0%\" width=\"5088\"\/>Foto: Paul S. Amundsen \/ NTB<\/p>\n<p class=\"_paragraph_1bvmi_4 _paragraph_xtcu6_10 layout-component text-serif-m layout-normal text-serif-m layout-padded\">H\u00e4cken-spillerne sto sluk\u00f8ret tilbake. <\/p>\n<p class=\"_paragraph_1bvmi_4 _paragraph_xtcu6_10 layout-component text-serif-m layout-normal text-serif-m layout-padded\">\u2013 H\u00e4cken var klart best. Brann m\u00e5 bare drite i denne prestasjonen, sier Leikvoll Moberg.<\/p>\n<p class=\"_paragraph_1bvmi_4 _paragraph_xtcu6_10 layout-component text-serif-m layout-normal text-serif-m layout-padded\">Tidligere Bod\u00f8\/Glimt- og V\u00e5lerenga-kjenning Amor Layouni herjet tidvis med Branns h\u00f8yreback Denzel de Roeve.<\/p>\n<p class=\"_paragraph_1bvmi_4 _paragraph_xtcu6_10 layout-component text-serif-m layout-normal text-serif-m layout-padded\">De to spilte ogs\u00e5 hovedrollen i H\u00e4ckens lederm\u00e5l. Layouni headet p\u00e5 tvers i feltet, De Roeve var uheldig og styrte den i eget nett.<\/p>\n<p class=\"_paragraph_1bvmi_4 _paragraph_xtcu6_10 layout-component text-serif-m layout-normal text-serif-m layout-padded\">Til slutt betydde akkurat d\u00e9t lite.<\/p>\n","protected":false},"excerpt":{"rendered":"Brann har endelig klart det: N\u00e5 blir det atter igjen Europa-fest i Bergen! Rapporterer fra Bergen Oppdatert torsdag&hellip;\n","protected":false},"author":2,"featured_media":8271,"comment_status":"","ping_status":"","sticky":false,"template":"","format":"standard","meta":{"footnotes":""},"categories":[59],"tags":[419,134,86,30,28,29,418,83,82],"class_list":{"0":"post-8270","1":"post","2":"type-post","3":"status-publish","4":"format-standard","5":"has-post-thumbnail","7":"category-sport","8":"tag-bk-hacken","9":"tag-eliteserien","10":"tag-europa-league","11":"tag-no","12":"tag-norge","13":"tag-norway","14":"tag-sk-brann","15":"tag-sport","16":"tag-sports"},"share_on_mastodon":{"url":"","error":""},"_links":{"self":[{"href":"https:\/\/www.europesays.com\/no\/wp-json\/wp\/v2\/posts\/8270","targetHints":{"allow":["GET"]}}],"collection":[{"href":"https:\/\/www.europesays.com\/no\/wp-json\/wp\/v2\/posts"}],"about":[{"href":"https:\/\/www.europesays.com\/no\/wp-json\/wp\/v2\/types\/post"}],"author":[{"embeddable":true,"href":"https:\/\/www.europesays.com\/no\/wp-json\/wp\/v2\/users\/2"}],"replies":[{"embeddable":true,"href":"https:\/\/www.europesays.com\/no\/wp-json\/wp\/v2\/comments?post=8270"}],"version-history":[{"count":0,"href":"https:\/\/www.europesays.com\/no\/wp-json\/wp\/v2\/posts\/8270\/revisions"}],"wp:featuredmedia":[{"embeddable":true,"href":"https:\/\/www.europesays.com\/no\/wp-json\/wp\/v2\/media\/8271"}],"wp:attachment":[{"href":"https:\/\/www.europesays.com\/no\/wp-json\/wp\/v2\/media?parent=8270"}],"wp:term":[{"taxonomy":"category","embeddable":true,"href":"https:\/\/www.europesays.com\/no\/wp-json\/wp\/v2\/categories?post=8270"},{"taxonomy":"post_tag","embeddable":true,"href":"https:\/\/www.europesays.com\/no\/wp-json\/wp\/v2\/tags?post=8270"}],"curies":[{"name":"wp","href":"https:\/\/api.w.org\/{rel}","templated":true}]}}