{"id":82711,"date":"2025-11-09T18:57:23","date_gmt":"2025-11-09T18:57:23","guid":{"rendered":"https:\/\/www.europesays.com\/no\/82711\/"},"modified":"2025-11-09T18:57:23","modified_gmt":"2025-11-09T18:57:23","slug":"top-gear-programleder-dod","status":"publish","type":"post","link":"https:\/\/www.europesays.com\/no\/82711\/","title":{"rendered":"\u00abTop Gear\u00bb-programleder d\u00f8d"},"content":{"rendered":"<p>  Tidligere \u00abTop Gear\u00bb-programleder, Quentin Willson, er d\u00f8d.<\/p>\n<p>\n    \u00abNASJONALSKATT\u00bb: Quentin Willson var programleder for det popul\u00e6re britiske bilprogrammet \u00abTop Gear\u00bb i en \u00e5rrekke, og omtales som \u00aben nasjonalskatt\u00bb. Foto: Ken McKay \/ REX \/ NTB\n  <\/p>\n<p>Det melder britiske medier l\u00f8rdag.\u00a0<\/p>\n<p>Willson ble 68 \u00e5r gammel og d\u00f8de etter kort tids sykdom, skriver <a href=\"https:\/\/www.bbc.com\/news\/articles\/c2lpww7pw72o\" target=\"_blank\" rel=\"nofollow noopener\">BBC<\/a>.\u00a0<\/p>\n<p>Briten ble et kjent fjes for mange da han mellom 1991 og 2001 ledet det popul\u00e6re bilprogrammet \u00abTop Gear\u00bb, sammen med Jeremy Clarkson, som ogs\u00e5 var \u00e5 se som programleder i seinere \u00e5r.\u00a0<\/p>\n<p>Etter at han ga seg i \u00abTop Gear\u00bb, var han \u00e5 se i et annet bilprogram &#8211; \u00abFifth Gear\u00bb p\u00e5 Channel 5.\u00a0<\/p>\n<p>Trebarnsfaren beskrives som \u00aben nasjonalskatt\u00bb og d\u00f8de av lungekreft s\u00f8ndag, skriver BBC.\u00a0<\/p>\n<p>I 2004 deltok han p\u00e5 den britiske utgaven av \u00abSkal vi danse\u00bb, hvor han fikk historiens laveste poengscore.<\/p>\n<p>Willson var en ivrig forkjemper for \u00e5 redusere prisen p\u00e5 elbiler gjennom FairCharge-kampen, sier familien.<\/p>\n","protected":false},"excerpt":{"rendered":"Tidligere \u00abTop Gear\u00bb-programleder, Quentin Willson, er d\u00f8d. \u00abNASJONALSKATT\u00bb: Quentin Willson var programleder for det popul\u00e6re britiske bilprogrammet \u00abTop&hellip;\n","protected":false},"author":2,"featured_media":82712,"comment_status":"","ping_status":"","sticky":false,"template":"","format":"standard","meta":{"footnotes":""},"categories":[12],"tags":[20,21,24,25,15,479,22,23,13,30,28,29,14,16,26,27,42,43,44,45],"class_list":{"0":"post-82711","1":"post","2":"type-post","3":"status-publish","4":"format-standard","5":"has-post-thumbnail","7":"category-verden","8":"tag-breaking-news","9":"tag-breakingnews","10":"tag-featured-news","11":"tag-featurednews","12":"tag-headlines","13":"tag-kjendis","14":"tag-latest-news","15":"tag-latestnews","16":"tag-news","17":"tag-no","18":"tag-norge","19":"tag-norway","20":"tag-nyheter","21":"tag-overskrifter","22":"tag-top-stories","23":"tag-topstories","24":"tag-verden","25":"tag-world","26":"tag-world-news","27":"tag-worldnews"},"share_on_mastodon":{"url":"https:\/\/pubeurope.com\/@no\/115521273408863350","error":""},"_links":{"self":[{"href":"https:\/\/www.europesays.com\/no\/wp-json\/wp\/v2\/posts\/82711","targetHints":{"allow":["GET"]}}],"collection":[{"href":"https:\/\/www.europesays.com\/no\/wp-json\/wp\/v2\/posts"}],"about":[{"href":"https:\/\/www.europesays.com\/no\/wp-json\/wp\/v2\/types\/post"}],"author":[{"embeddable":true,"href":"https:\/\/www.europesays.com\/no\/wp-json\/wp\/v2\/users\/2"}],"replies":[{"embeddable":true,"href":"https:\/\/www.europesays.com\/no\/wp-json\/wp\/v2\/comments?post=82711"}],"version-history":[{"count":0,"href":"https:\/\/www.europesays.com\/no\/wp-json\/wp\/v2\/posts\/82711\/revisions"}],"wp:featuredmedia":[{"embeddable":true,"href":"https:\/\/www.europesays.com\/no\/wp-json\/wp\/v2\/media\/82712"}],"wp:attachment":[{"href":"https:\/\/www.europesays.com\/no\/wp-json\/wp\/v2\/media?parent=82711"}],"wp:term":[{"taxonomy":"category","embeddable":true,"href":"https:\/\/www.europesays.com\/no\/wp-json\/wp\/v2\/categories?post=82711"},{"taxonomy":"post_tag","embeddable":true,"href":"https:\/\/www.europesays.com\/no\/wp-json\/wp\/v2\/tags?post=82711"}],"curies":[{"name":"wp","href":"https:\/\/api.w.org\/{rel}","templated":true}]}}