{"id":82723,"date":"2025-11-09T19:06:39","date_gmt":"2025-11-09T19:06:39","guid":{"rendered":"https:\/\/www.europesays.com\/no\/82723\/"},"modified":"2025-11-09T19:06:39","modified_gmt":"2025-11-09T19:06:39","slug":"tenaring-banket-og-ranet-sendt-til-sykehus","status":"publish","type":"post","link":"https:\/\/www.europesays.com\/no\/82723\/","title":{"rendered":"Ten\u00e5ring banket og ranet \u2013 sendt til sykehus"},"content":{"rendered":"<p><strong>Politiet etterforsker et alvorlig ran etter at en gutt i ten\u00e5rene ble overfalt ved fotballbanen p\u00e5 R\u00f8dskog p\u00e5 Gulskogen i Drammen l\u00f8rdag kveld, skriver <a href=\"https:\/\/www.dt.no\/tenaring-ranet-og-utsatt-for-vold-alvorlig\/s\/5-57-2730597\" rel=\"nofollow noopener\" target=\"_blank\">Drammens Tidende<\/a>.<\/strong><\/p>\n<p>If\u00f8lge politiet skal hendelsen ha skjedd rundt klokken 19.30. To maskerte personer p\u00e5f\u00f8rte gutten vold og fraranet ham sko.<\/p>\n<p>\u2013 Vi ser alvorlig p\u00e5 saken, sier operasjonsleder \u00d8ystein Eikedalen til avisen. Han opplyser at gutten trolig har f\u00e5tt bruddskader og blir behandlet ved Drammen sykehus.<\/p>\n<p>Vitner som var til stede er allerede avh\u00f8rt, og politiet fortsetter etterforskningen.<\/p>\n","protected":false},"excerpt":{"rendered":"Politiet etterforsker et alvorlig ran etter at en gutt i ten\u00e5rene ble overfalt ved fotballbanen p\u00e5 R\u00f8dskog p\u00e5&hellip;\n","protected":false},"author":2,"featured_media":3494,"comment_status":"","ping_status":"","sticky":false,"template":"","format":"standard","meta":{"footnotes":""},"categories":[10],"tags":[20,21,427,24,25,15,22,23,13,30,28,29,14,16,3878,26,27,1062],"class_list":{"0":"post-82723","1":"post","2":"type-post","3":"status-publish","4":"format-standard","5":"has-post-thumbnail","7":"category-norge","8":"tag-breaking-news","9":"tag-breakingnews","10":"tag-drammen","11":"tag-featured-news","12":"tag-featurednews","13":"tag-headlines","14":"tag-latest-news","15":"tag-latestnews","16":"tag-news","17":"tag-no","18":"tag-norge","19":"tag-norway","20":"tag-nyheter","21":"tag-overskrifter","22":"tag-ran","23":"tag-top-stories","24":"tag-topstories","25":"tag-voldshendelse"},"share_on_mastodon":{"url":"https:\/\/pubeurope.com\/@no\/115521308887325834","error":""},"_links":{"self":[{"href":"https:\/\/www.europesays.com\/no\/wp-json\/wp\/v2\/posts\/82723","targetHints":{"allow":["GET"]}}],"collection":[{"href":"https:\/\/www.europesays.com\/no\/wp-json\/wp\/v2\/posts"}],"about":[{"href":"https:\/\/www.europesays.com\/no\/wp-json\/wp\/v2\/types\/post"}],"author":[{"embeddable":true,"href":"https:\/\/www.europesays.com\/no\/wp-json\/wp\/v2\/users\/2"}],"replies":[{"embeddable":true,"href":"https:\/\/www.europesays.com\/no\/wp-json\/wp\/v2\/comments?post=82723"}],"version-history":[{"count":0,"href":"https:\/\/www.europesays.com\/no\/wp-json\/wp\/v2\/posts\/82723\/revisions"}],"wp:featuredmedia":[{"embeddable":true,"href":"https:\/\/www.europesays.com\/no\/wp-json\/wp\/v2\/media\/3494"}],"wp:attachment":[{"href":"https:\/\/www.europesays.com\/no\/wp-json\/wp\/v2\/media?parent=82723"}],"wp:term":[{"taxonomy":"category","embeddable":true,"href":"https:\/\/www.europesays.com\/no\/wp-json\/wp\/v2\/categories?post=82723"},{"taxonomy":"post_tag","embeddable":true,"href":"https:\/\/www.europesays.com\/no\/wp-json\/wp\/v2\/tags?post=82723"}],"curies":[{"name":"wp","href":"https:\/\/api.w.org\/{rel}","templated":true}]}}