{"id":82726,"date":"2025-11-09T19:08:12","date_gmt":"2025-11-09T19:08:12","guid":{"rendered":"https:\/\/www.europesays.com\/no\/82726\/"},"modified":"2025-11-09T19:08:12","modified_gmt":"2025-11-09T19:08:12","slug":"afterski-bok-sporten-blir-smaklos","status":"publish","type":"post","link":"https:\/\/www.europesays.com\/no\/82726\/","title":{"rendered":"Afterski, bok: &#8211; Sporten blir smakl\u00f8s"},"content":{"rendered":"<p>Navnet er Bernhard Ellefsen, og han er ikke redd for \u00e5 mene.\u00a0<\/p>\n<p>En sak til inspirasjon:<\/p>\n<p>    <a itemprop=\"url\" href=\"https:\/\/www.dagbladet.no\/sport\/slaktes-hva-i-all-verden\/83098478\" rel=\"nofollow noopener\" target=\"_blank\"><\/p>\n<p>      <img loading=\"lazy\" decoding=\"async\" src=\"https:\/\/www.europesays.com\/no\/wp-content\/uploads\/2025\/11\/83098871.webp\" width=\"980\" height=\"441\" title=\"Slaktes: - Hva i all verden?\" alt=\"\" class=\"lazyload\" style=\"--aspect-ratio-image: 2.22; \"\/><\/p>\n<p>        Slaktes: &#8211; Hva i all verden?<\/p>\n<p>    <\/a><\/p>\n<p>Men uansett: Han vier nesten 200 sider i boka\u00a0\u00abAfterski\u00bb om hvor n\u00e6rmest riv, ruskende lei av langrenn han har endt opp med \u00e5 bli &#8211; sett fra et moderne perspektiv.<\/p>\n<p>Han ser morsk ut, men flirer, smiler og har god forst\u00e5else da han blir utfordret p\u00e5 meningene sine. Det er noe av poenget med \u00e5 skrive bok ogs\u00e5, muligens.<\/p>\n<p>Kagge forlag har i sitt innsalg til Dagbladet p\u00e5 forh\u00e5nd meldt at kulturredakt\u00f8r Bernhard Ellefsen\u00a0\u00abelsket sporten da, men elsker sporten n\u00e5 ogs\u00e5\u00bb.<\/p>\n<p class=\"italic m-italic font-weight-bold m-font-weight-bold\" data-lab-italic=\"italic\" data-lab-font_weight=\"font-weight-bold\">Hvorfor i all verden vil han skrive en hel bok, som handler om hans\u00a0\u00abkj\u00e6rlighetserkl\u00e6ring til en d\u00f8ende idrett\u00bb lurer man da kanskje p\u00e5? Hvis han elsker den fremdeles?<\/p>\n<p class=\"no_italic m-no_italic font-weight-normal m-font-weight-normal\" data-lab-italic=\"\" data-lab-font_weight=\"font-weight-normal\">&#8211;\u00a0Det er jo en erkjennelse av at ikke alle f\u00f8ler det som meg. Mange har falt av p\u00e5 veien. Og s\u00e5 er det jo mange ting ved sporten &#8211; som kulturuttrykk &#8211; som jeg synes i hvert fall er interessant \u00e5 skrive kritisk om, sier Ellefsen.<\/p>\n<p>          <img loading=\"lazy\" decoding=\"async\" src=\"https:\/\/www.europesays.com\/no\/wp-content\/uploads\/2025\/11\/83823406.webp\" width=\"686\" height=\"460\" title=\"FORFATTER: Morgenbladets kulturredakt\u00f8r Bernhard Ellefsen i prat med Dagbladet. Ser du hvor i Oslo praten foreg\u00e5r hen? Svaret kommer i neste bildetekst. Foto: J\u00f8rn H. Moen \/ Dagbladet\" alt=\"\" class=\"\" style=\"--aspect-ratio-image: 1.49; \"\/><\/p>\n<p>\n          FORFATTER: Morgenbladets kulturredakt\u00f8r Bernhard Ellefsen i prat med Dagbladet. Ser du hvor i Oslo praten foreg\u00e5r hen? Svaret kommer i neste bildetekst. Foto: J\u00f8rn H. Moen \/ Dagbladet\n      <\/p>\n<p>G\u00e5r motstr\u00f8ms: &#8211; De er helt ureflekterte konsesusmaskiner\t<\/p>\n<p class=\"no_italic m-no_italic font-weight-normal m-font-weight-normal\" data-lab-italic=\"\" data-lab-font_weight=\"font-weight-normal\">Det han kanskje kritiserer mest i den ferske boka er profilbyggingen innenfor idretten. Rart, vil noen tenke.<\/p>\n<p class=\"no_italic m-no_italic font-weight-normal m-font-weight-normal\" data-lab-italic=\"\" data-lab-font_weight=\"font-weight-normal\">For det som debatten ironisk nok har handlet mye om de siste \u00e5ra, er at det ikke er nok profiler i langrennssporten.\u00a0<\/p>\n<p class=\"no_italic m-no_italic font-weight-normal m-font-weight-normal\" data-lab-italic=\"\" data-lab-font_weight=\"font-weight-normal\">At medier for eksempel fremdeles skriver og prater mest om Petter Northug, selv om det er Johannes H\u00f8sflot Kl\u00e6bo, Harald \u00d8stberg Amundsen og Erik Valnes som er best til \u00e5 g\u00e5 p\u00e5 ski i landet.<\/p>\n<p class=\"font-weight-normal m-font-weight-normal italic m-italic\" data-lab-italic=\"italic\" data-lab-font_weight=\"font-weight-normal\">&#8211; Hva tenker du om at du g\u00e5r imot det i boka og sier at det er for mange profiler?<\/p>\n<p class=\"no_italic m-no_italic font-weight-normal m-font-weight-normal\" data-lab-italic=\"\" data-lab-font_weight=\"font-weight-normal\">&#8211; Jeg mener at sportskommentatorer som etterlyser profiler er et st\u00f8rre problem for langrennssporten enn mangel p\u00e5 profiler. Den lille norske skioffentligheten, som vi kan kalle det, samtalen om skisport i Norge, er jo drevet av noen f\u00e5 og veldig innflytelsesrike sportkommentatorer i avisene. De er jo helt ureflekterte konsensusmaskiner, som p\u00e5 helt autopilot skriver at problemet er at sporten mangler profiler. <\/p>\n<p>          <img loading=\"lazy\" decoding=\"async\" src=\"https:\/\/www.europesays.com\/no\/wp-content\/uploads\/2025\/11\/83823422.webp\" width=\"686\" height=\"460\" title=\"FOLKETEATERPASSASJEN: Der var smilet p\u00e5 plass ogs\u00e5 gitt. Han er glad i langrenn, skj\u00f8nner du, selv om han kommer med hard kritikk i en bokhylle n\u00e6r deg. Foto: J\u00f8rn H. Moen \/ Dagbladet\" alt=\"\" class=\"\" style=\"--aspect-ratio-image: 1.49; \"\/><\/p>\n<p>\n          FOLKETEATERPASSASJEN: Der var smilet p\u00e5 plass ogs\u00e5 gitt. Han er glad i langrenn, skj\u00f8nner du, selv om han kommer med hard kritikk i en bokhylle n\u00e6r deg. Foto: J\u00f8rn H. Moen \/ Dagbladet\n      <\/p>\n<p class=\"no_italic m-no_italic font-weight-normal m-font-weight-normal\" data-lab-italic=\"\" data-lab-font_weight=\"font-weight-normal\">Ellefsen snakker langt og mye om dette. Likevel klarer han helt mot slutten av ressonementet \u00e5 bemerke seg at Dagbladet i sp\u00f8rsm\u00e5lsformuleringen sa at han g\u00e5r litt imot.<\/p>\n<p class=\"no_italic m-no_italic font-weight-normal m-font-weight-normal\" data-lab-italic=\"\" data-lab-font_weight=\"font-weight-normal\">&#8211; Det er ikke s\u00e5nn at jeg er litt imot det, jeg er ekstremt imot den profillengselen i sportsjournalistikken. <\/p>\n<p class=\"font-weight-normal m-font-weight-normal italic m-italic\" data-lab-italic=\"italic\" data-lab-font_weight=\"font-weight-normal\">&#8211; Hvordan mener du at langrenn skal bevare interessen hvis man ikke skal drive med profildyrking?<\/p>\n<p class=\"no_italic m-no_italic font-weight-normal m-font-weight-normal\" data-lab-italic=\"\" data-lab-font_weight=\"font-weight-normal\">&#8211;\u00a0Langrenn har mistet grepet om publikum og blitt spredt ut p\u00e5 mange TV-kanaler, hvor kommentatorene er mye d\u00e5rligere, hvor det er reklamepauser, hvor det er splitscreen og s\u00e5 videre. De tre siste OL-ene har sett ut som \u00abtrainwrecks\u00bb. De har sendt mesterskapene p\u00e5 ulike kanaler. <\/p>\n<p>          <img loading=\"lazy\" decoding=\"async\" src=\"https:\/\/www.europesays.com\/no\/wp-content\/uploads\/2025\/11\/83824864.webp\" width=\"686\" height=\"1071\" title=\"Bokomslaget til boka \u00abAfterski\u00bb. Foto: Kagge forlag\" alt=\"\" class=\"\" style=\"--aspect-ratio-image: 0.64; \"\/><\/p>\n<p>\n          Bokomslaget til boka \u00abAfterski\u00bb. Foto: Kagge forlag\n      <\/p>\n<p>&#8211; Kimen til uendelig mye problemer\t<\/p>\n<p class=\"no_italic m-no_italic font-weight-normal m-font-weight-normal\" data-lab-italic=\"\" data-lab-font_weight=\"font-weight-normal\">F\u00e5 alt tilbake til NRK er hans klare beskjed. Denne sesongen skal verdenscupen i langrenn sendes p\u00e5 Viaplay, NRK og TV 2.<\/p>\n<p class=\"no_italic m-no_italic font-weight-normal m-font-weight-normal\" data-lab-italic=\"\" data-lab-font_weight=\"font-weight-normal\">&#8211; At vintersportshelga til NRK sprakk opp, det tror jeg liksom er kimen til uendelig mye problemer for skisporten da.<\/p>\n<p class=\"no_italic m-no_italic font-weight-normal m-font-weight-normal\" data-lab-italic=\"\" data-lab-font_weight=\"font-weight-normal\">Samme gjelder ikke bare langrenn, men nesten alle de store vintersportene, sett med norske \u00f8yne. TV 2 og NRK deler p\u00e5 rettighetene til skiskyting eksempelvis.<\/p>\n<p class=\"no_italic m-no_italic font-weight-normal m-font-weight-normal\" data-lab-italic=\"\" data-lab-font_weight=\"font-weight-normal\">&#8211; Man har brutt opp det (TV-floka) med det forutsigbare resultatet at folk mister interessen. Og s\u00e5 pr\u00f8ver man \u00e5 fylle opp i den andre enden med at du m\u00e5 v\u00e6re profil. Og hva er egentlig problemet? Er det alle de tingene du har gjort for \u00e5 k\u00f8dde til folks tilgang til sporten og den m\u00e5ten de likte \u00e5 se det p\u00e5? Eller er det at du har for f\u00e5 profiler, da? Da mener jeg at man ikke ser hva som er sykdom og hva som er symptom. <\/p>\n<p>    Fakta: Bernhard Ellefsen<\/p>\n<ul>\n<li class=\"lab-bodytext-line\">F\u00f8dt: 1984<\/li>\n<li class=\"lab-bodytext-line\">Jobb: Kulturredakt\u00f8r, Morgenbladet<\/li>\n<li class=\"lab-bodytext-line\">Utmerkelser: K\u00e5ret til \u00e5rets litteraturkritiker (2014) og vant Arne Hestenes&#8217; journalistpris (2016).<\/li>\n<li class=\"lab-bodytext-line\">Aktuell med boka\u00a0\u00abAfterski\u00bb.<\/li>\n<li class=\"lab-bodytext-line\">Har tidligere utgitt to sakprosab\u00f8ker. <\/li>\n<\/ul>\n<p>      Vis mer<br \/>\n      Vis mindre<\/p>\n<p>\u00abJohaug la opp som et aksjeselskap\u00bb\t<\/p>\n<p class=\"no_italic m-no_italic font-weight-normal m-font-weight-normal\" data-lab-italic=\"\" data-lab-font_weight=\"font-weight-normal\">Han mener at en profil som Therese Johaug la opp &#8211; ikke bare som langrennsl\u00f8per &#8211; men ogs\u00e5 som et aksjeselskap. Johaug selger egne klesprodukter og har podkast med Emil Gukild.<\/p>\n<p class=\"no_italic m-no_italic font-weight-normal m-font-weight-normal\" data-lab-italic=\"\" data-lab-font_weight=\"font-weight-normal\"> &#8211; Men er det ikke bare bra? Johaug vil komme f\u00f8rst i m\u00e5l som skil\u00f8per samtidig som hun vil gi langrennssporten mer oppmerksomhet?<\/p>\n<p>          <img loading=\"lazy\" decoding=\"async\" src=\"https:\/\/www.europesays.com\/no\/wp-content\/uploads\/2025\/11\/83823921.webp\" width=\"686\" height=\"460\" title=\"NESTEN: Det ble mye nesten for Therese Johaug i Trondheim-VM. Tre s\u00f8lvmedaljer. Foto: Bj\u00f8rn Langsem \/ Dagbladet\" alt=\"\" class=\"\" style=\"--aspect-ratio-image: 1.49; \"\/><\/p>\n<p>\n          NESTEN: Det ble mye nesten for Therese Johaug i Trondheim-VM. Tre s\u00f8lvmedaljer. Foto: Bj\u00f8rn Langsem \/ Dagbladet\n      <\/p>\n<p class=\"no_italic m-no_italic font-weight-normal m-font-weight-normal\" data-lab-italic=\"\" data-lab-font_weight=\"font-weight-normal\">&#8211; Det er et sp\u00f8rsm\u00e5l som har et svar med mange lag. Men jeg vil si at nei, sporten blir smakl\u00f8s. Jeg vil si nei, fordi det legger jo et press p\u00e5 andre ut\u00f8vere til \u00e5 gj\u00f8re det samme som \u00e5penbart ikke er komfortabel med det. Jeg syns det er smakl\u00f8st for reklamene tar mer plass enn sporten. <\/p>\n<p class=\"font-weight-normal m-font-weight-normal italic m-italic\" data-lab-italic=\"italic\" data-lab-font_weight=\"font-weight-normal\">&#8211; Gjelder ikke dette mange sporter?<\/p>\n<p class=\"no_italic m-no_italic font-weight-normal m-font-weight-normal\" data-lab-italic=\"\" data-lab-font_weight=\"font-weight-normal\">&#8211; Jo, jo. Jeg kan v\u00e6re negativ til mange idretter, hvis det trengs. Men viktigere, s\u00e5 tenker jeg at hun sier til kollegene sine, at vi har et ansvar for \u00e5 legge ut bilder p\u00e5 Instagram. Det mener jeg er en absurd ting \u00e5 si da. Og s\u00e5 vil jeg jo si at det er litt s\u00e5nn \u00abpisse-i-buksa-for-\u00e5-holde-varmen-aktig-greie\u00bb, i stedet for \u00e5 se p\u00e5 hva er det som egentlig gjorde Johaug stor, det var jo hennes fantastiske gjennombrudd i Holmenkollen i 2011.<\/p>\n<p class=\"font-weight-bold m-font-weight-bold italic m-italic\" data-lab-italic=\"italic\" data-lab-font_weight=\"font-weight-bold\">Therese Johaugs manager J\u00f8rn Ernst sier til Dagbladet at hun ikke \u00f8nsker \u00e5 kommentere denne saken.<\/p>\n<p>          <img loading=\"lazy\" decoding=\"async\" src=\"https:\/\/www.europesays.com\/no\/wp-content\/uploads\/2025\/11\/83824872.webp\" width=\"980\" height=\"559\" title=\"SPEILBILDE: Bernhard Ellefsen mener at langrennssporten har speilet Norge og norsk kultur i 150 \u00e5r. - N\u00e5 er det litt mer avsl\u00f8rende speilbilde, at vi f\u00e5r se hvordan vi i virkeligheten er, at vi er skjermavhengig og klikkjagende folk, sier han. Foto: J\u00f8rn H. Moen \/ Dagbladet\" alt=\"\" class=\"\" style=\"--aspect-ratio-image: 1.75; \"\/><\/p>\n<p>\n          SPEILBILDE: Bernhard Ellefsen mener at langrennssporten har speilet Norge og norsk kultur i 150 \u00e5r. &#8211; N\u00e5 er det litt mer avsl\u00f8rende speilbilde, at vi f\u00e5r se hvordan vi i virkeligheten er, at vi er skjermavhengig og klikkjagende folk, sier han. Foto: J\u00f8rn H. Moen \/ Dagbladet\n      <\/p>\n<p class=\"no_italic m-no_italic font-weight-normal m-font-weight-normal\" data-lab-italic=\"\" data-lab-font_weight=\"font-weight-normal\">Det vises tydelig p\u00e5 kroppsspr\u00e5ket hans at de to neste olympiske mesterskapene er i i Italia og Frankrike, i motsetning til glisne tribuner i S\u00f8r-Korea (2018) og Kina (2022).\u00a0<\/p>\n<p class=\"no_italic m-no_italic font-weight-normal m-font-weight-normal\" data-lab-italic=\"\" data-lab-font_weight=\"font-weight-normal\">Men sett bort fra m\u00e5lgruppa &#8211; som opplevde mesterskap som Lillehammer-OL og vil trolig bidra til fulle tribuner i Italia, hvordan skal man n\u00e5 de yngre?\u00a0<\/p>\n<p class=\"no_italic m-no_italic font-weight-normal m-font-weight-normal\" data-lab-italic=\"\" data-lab-font_weight=\"font-weight-normal\">Det g\u00e5r ikke an \u00e5 gj\u00f8re sp\u00f8rsm\u00e5lstegnet bak st\u00f8rre.<\/p>\n<p>    <a itemprop=\"url\" href=\"https:\/\/www.dagbladet.no\/sport\/den-store-kreftsvulsten-innen-langrenn\/83816954\" rel=\"nofollow noopener\" target=\"_blank\"><\/p>\n<p>      <img loading=\"lazy\" decoding=\"async\" src=\"https:\/\/www.europesays.com\/no\/wp-content\/uploads\/2025\/11\/83496949.webp\" width=\"980\" height=\"441\" title=\"- Den store kreftsvulsten innen langrenn\" alt=\"\" class=\"lazyload\" style=\"--aspect-ratio-image: 2.22; \"\/><\/p>\n<p>        &#8211; Den store kreftsvulsten innen langrenn<\/p>\n<p>    <\/a><\/p>\n<p class=\"no_italic m-no_italic font-weight-normal m-font-weight-normal\" data-lab-italic=\"\" data-lab-font_weight=\"font-weight-normal\"> &#8211; N\u00e5 er jeg helt sikker p\u00e5 at ingen fullt alvorlig kommer til \u00e5 sp\u00f8rre meg om det, men jeg vil tro at det \u00e5 slappe av litt hadde hjulpet, sier Ellefsen om hvordan de yngre skal interessere seg for \u00e5 se p\u00e5 langrennssporten.\u00a0<\/p>\n<p class=\"no_italic m-no_italic font-weight-normal m-font-weight-normal\" data-lab-italic=\"\" data-lab-font_weight=\"font-weight-normal\">&#8211; Den ville desperasjonen etter oppmerksomhet i sosiale medier, den tror jeg ikke er rett og slett produktiv i lengden. Hvis man driver med idrett, s\u00e5 m\u00e5 det jo v\u00e6re \u00e5 gj\u00f8re skirennene s\u00e5 interessante som mulig, for eksempel.<\/p>\n","protected":false},"excerpt":{"rendered":"Navnet er Bernhard Ellefsen, og han er ikke redd for \u00e5 mene.\u00a0 En sak til inspirasjon: Slaktes: &#8211;&hellip;\n","protected":false},"author":2,"featured_media":82727,"comment_status":"","ping_status":"","sticky":false,"template":"","format":"standard","meta":{"footnotes":""},"categories":[59],"tags":[11151,398,30,28,29,83,82],"class_list":{"0":"post-82726","1":"post","2":"type-post","3":"status-publish","4":"format-standard","5":"has-post-thumbnail","7":"category-sport","8":"tag-bernhard-ellefsen","9":"tag-langrenn","10":"tag-no","11":"tag-norge","12":"tag-norway","13":"tag-sport","14":"tag-sports"},"share_on_mastodon":{"url":"https:\/\/pubeurope.com\/@no\/115521317041640603","error":""},"_links":{"self":[{"href":"https:\/\/www.europesays.com\/no\/wp-json\/wp\/v2\/posts\/82726","targetHints":{"allow":["GET"]}}],"collection":[{"href":"https:\/\/www.europesays.com\/no\/wp-json\/wp\/v2\/posts"}],"about":[{"href":"https:\/\/www.europesays.com\/no\/wp-json\/wp\/v2\/types\/post"}],"author":[{"embeddable":true,"href":"https:\/\/www.europesays.com\/no\/wp-json\/wp\/v2\/users\/2"}],"replies":[{"embeddable":true,"href":"https:\/\/www.europesays.com\/no\/wp-json\/wp\/v2\/comments?post=82726"}],"version-history":[{"count":0,"href":"https:\/\/www.europesays.com\/no\/wp-json\/wp\/v2\/posts\/82726\/revisions"}],"wp:featuredmedia":[{"embeddable":true,"href":"https:\/\/www.europesays.com\/no\/wp-json\/wp\/v2\/media\/82727"}],"wp:attachment":[{"href":"https:\/\/www.europesays.com\/no\/wp-json\/wp\/v2\/media?parent=82726"}],"wp:term":[{"taxonomy":"category","embeddable":true,"href":"https:\/\/www.europesays.com\/no\/wp-json\/wp\/v2\/categories?post=82726"},{"taxonomy":"post_tag","embeddable":true,"href":"https:\/\/www.europesays.com\/no\/wp-json\/wp\/v2\/tags?post=82726"}],"curies":[{"name":"wp","href":"https:\/\/api.w.org\/{rel}","templated":true}]}}