{"id":82751,"date":"2025-11-09T19:37:12","date_gmt":"2025-11-09T19:37:12","guid":{"rendered":"https:\/\/www.europesays.com\/no\/82751\/"},"modified":"2025-11-09T19:37:12","modified_gmt":"2025-11-09T19:37:12","slug":"israel-anklager-store-for-antisemittisme-etter-krystallnatt-markering","status":"publish","type":"post","link":"https:\/\/www.europesays.com\/no\/82751\/","title":{"rendered":"Israel anklager St\u00f8re for antisemittisme etter Krystallnatt-markering"},"content":{"rendered":"\n<p class=\"_lead_o9xde_2 _lead_xtcu6_50 layout-component text-serif-m layout-normal text-serif-l layout-component layout-wide layout-padded _wide_17hqh_1 layout-padded\">\u2013 Nye rekorder i moralsk fordervelse og antisemittisme, tordner Israels utenriksdepartement. <\/p>\n<p><img alt=\" Foto: G\u00f8ran Bohlin \/ VG Abir Sultan \/ EPA \/ NTB\" class=\"_image_qp4xg_65 layout-component layout-wide\" data-fullscreen- data-track-element-type=\"Article image fullscreen\" data-track-name=\"ImageFullscreen\" fetchpriority=\"high\" decoding=\"sync\" loading=\"eager\" height=\"1668\" itemprop=\"image\"  src=\"https:\/\/www.europesays.com\/no\/wp-content\/uploads\/2025\/11\/792d9228-528c-4257-bb6e-6b6e3e1229b2\"  style=\"object-position:0% 0%\" width=\"2500\"\/> Foto: G\u00f8ran Bohlin \/ VG Abir Sultan \/ EPA \/ NTB<\/p>\n<ul aria-hidden=\"true\" class=\"_images_18f0k_111\">\n<li><a class=\"_link_18f0k_116\" href=\"https:\/\/www.vg.no\/forfatter\/isak-loeve-pilskog-loe\" style=\"z-index:1\" title=\"Isak L\u00f8ve Pilskog Loe\" rel=\"nofollow noopener\" target=\"_blank\"><img alt=\"Bilde av Isak L\u00f8ve Pilskog Loe\" class=\"_image_18f0k_93\" fetchpriority=\"low\" loading=\"lazy\" decoding=\"async\" itemprop=\"image\"  src=\"https:\/\/www.europesays.com\/no\/wp-content\/uploads\/2025\/11\/1762717029_573_8b0354e3-bf53-460c-9c1c-790321a0c923\"  width=\"480\"\/><\/a><\/li>\n<\/ul>\n<p> Oppdatert s\u00f8ndag 9. november kl. 20:31     <\/p>\n<p class=\"_paragraph_o9xde_4 _paragraph_xtcu6_10 layout-component text-serif-m layout-normal text-serif-m layout-padded\">Den krasse kritikken av statsminister Jonas Gahr St\u00f8re (Ap) kommer etter at han deltok p\u00e5 en markering av Krystallnatt-\u00e5rsdagen s\u00f8ndag kveld.<\/p>\n<p class=\"_paragraph_o9xde_4 _paragraph_xtcu6_10 layout-component text-serif-m layout-normal text-serif-m layout-padded\">I et innlegg p\u00e5 <a href=\"https:\/\/x.com\/IsraelMFA\/status\/1987578422957404433?s=20\" class=\"_link_o9xde_39\" rel=\"nofollow\">X<\/a> anklager det israelske utenriksdepartementet <a href=\"https:\/\/www.vg.no\/tag\/norge?utm_source=vg-article&amp;utm_medium=auto-tagger&amp;utm_campaign=93gGK9\" class=\"_link_o9xde_39\" rel=\"nofollow noopener\" target=\"_blank\">Norges<\/a> statsminister for \u00e5 sette \u00abnye rekorder i moralsk fordervelse, anti-israelsk fiendtlighet og antisemittisme\u00bb.<\/p>\n<p class=\"_paragraph_o9xde_4 _paragraph_xtcu6_10 layout-component text-serif-m layout-normal text-serif-m layout-padded\">VG har bedt Statsministerens kontor om en kommentar, men har forel\u00f8pig ikke f\u00e5tt svar. <\/p>\n<p class=\"_paragraph_o9xde_4 _paragraph_xtcu6_10 layout-component text-serif-m layout-normal text-serif-m layout-padded\">Krystallnatten var en brutal pogrompogromEn voldelig og ofte d\u00f8delig angrep p\u00e5 en etnisk eller religi\u00f8s gruppe, spesielt j\u00f8der, ofte med godkjennelse fra myndighetene. mot j\u00f8der i Nazi-Tyskland 9. november 1938, der synagoger ble brent ned og j\u00f8diske butikker knust.<\/p>\n<p class=\"_paragraph_o9xde_4 _paragraph_xtcu6_10 layout-component text-serif-m layout-normal text-serif-m layout-padded\">Israel hevder at St\u00f8re valgte \u00e5 delta p\u00e5 en markering som gjorde \u00aben forferdelig episode av drap og forf\u00f8lgelse av j\u00f8der til et v\u00e5pen mot den j\u00f8diske staten, israelere og j\u00f8der\u00bb.<\/p>\n<p><img alt=\"Statsminister Jonas Gahr St\u00f8re sammen med Oslo-ordf\u00f8rer Anne Lindboe under s\u00f8ndagens markering.   Foto: Stian Lysberg Solum \/ NTB\" class=\"_image_qp4xg_65 layout-component layout-normal\" data-fullscreen- data-track-element-type=\"Article image fullscreen\" data-track-name=\"ImageFullscreen\" decoding=\"async\" loading=\"lazy\" height=\"5760\" itemprop=\"image\"  src=\"https:\/\/www.europesays.com\/no\/wp-content\/uploads\/2025\/11\/730ec59f-691a-41ed-a20f-a6ad86ee9224\"  style=\"object-position:0% 0%\" width=\"8640\"\/>Statsminister Jonas Gahr St\u00f8re sammen med Oslo-ordf\u00f8rer Anne Lindboe under s\u00f8ndagens markering.   Foto: Stian Lysberg Solum \/ NTB<\/p>\n<p class=\"_paragraph_o9xde_4 _paragraph_xtcu6_10 layout-component text-serif-m layout-normal text-serif-m layout-padded\">Arrangementet ble organisert av Senter mot rasisme og st\u00f8ttet av Palestinakomiteen i Norge. Tidligere har Det mosaiske trossamfunn ogs\u00e5 deltatt i marsjen. Det sluttet de med for tre \u00e5r siden. <\/p>\n<p class=\"_paragraph_o9xde_4 _paragraph_xtcu6_10 layout-component text-serif-m layout-normal text-serif-m layout-padded\">\u2013 Mange av v\u00e5re medlemmer t\u00f8r ikke v\u00e6re med, har rabbiner Michael Kohn uttalt til<a href=\"https:\/\/www.minerva.no\/antirasistisk-senter-antisemittisme-det-mosaiske-trossamfund\/mange-av-vare-medlemmer-tor-ikke-vaere-med\/486944\" class=\"_link_o9xde_39\" rel=\"nofollow noopener\" target=\"_blank\"> Minerva.<\/a><\/p>\n<p class=\"_paragraph_o9xde_4 _paragraph_xtcu6_10 layout-component text-serif-m layout-normal text-serif-m layout-padded\">Blant annet KrF-leder Dag Inge Ulstein har reagert kraftig p\u00e5 dette, og deltok selv under markeringen til Det mosaiske trossamfunn s\u00f8ndag kveld. Til <a href=\"https:\/\/www.aftenposten.no\/norge\/politikk\/i\/xmx9oQ\/bitter-konflikt-rundt-markering-av-krystallnatten-stoere-svikter-de-norske-joedene\" class=\"_link_o9xde_39\" rel=\"nofollow noopener\" target=\"_blank\">Aftenposten<\/a> sa han f\u00f8lgende s\u00f8ndag:<\/p>\n<p class=\"_paragraph_o9xde_4 _paragraph_xtcu6_10 layout-component text-serif-m layout-normal text-serif-m layout-padded\">\u2013 Jeg vil g\u00e5 s\u00e5 langt som til \u00e5 si at St\u00f8re svikter de norske j\u00f8dene n\u00e5r han prioriterer som han gj\u00f8r p\u00e5 en slik dag.<\/p>\n<p><img alt=\"Dag-Inge Ulstein (KrF) under markeringen av Krystallnatten ved synagogen til Det Mosaiske Trossamfunn i Oslo.  Foto: Stian Lysberg Solum \/ NTB\" class=\"_image_qp4xg_65 layout-component layout-normal\" data-fullscreen- data-track-element-type=\"Article image fullscreen\" data-track-name=\"ImageFullscreen\" decoding=\"async\" loading=\"lazy\" height=\"5760\" itemprop=\"image\"  src=\"https:\/\/www.europesays.com\/no\/wp-content\/uploads\/2025\/11\/adaaeb68-6f4b-4b3a-836b-0f7ddc5ce73a\"  style=\"object-position:0% 0%\" width=\"8640\"\/>Dag-Inge Ulstein (KrF) under markeringen av Krystallnatten ved synagogen til Det Mosaiske Trossamfunn i Oslo.  Foto: Stian Lysberg Solum \/ NTB<\/p>\n<p class=\"_paragraph_o9xde_4 _paragraph_xtcu6_10 layout-component text-serif-m layout-normal text-serif-m layout-padded\">Det israelske utenriksdepartementet sier arrangementet utnytter HolocaustHolocaustDen systematiske utryddelsen av seks millioner j\u00f8der av nazistene under andre verdenskrig. til \u00e5 \u00abdrive anti-sionisme og antisemittisme\u00bb. Anti-sionisme er motstand mot staten Israel som en stat forbeholdt det j\u00f8diske folket, mens antisemittisme er fiendtlighet mot j\u00f8der som folk.<\/p>\n<p class=\"_paragraph_o9xde_4 _paragraph_xtcu6_10 layout-component text-serif-m layout-normal text-serif-m layout-padded\">Det israelske utenriksdepartementet skriver at deltagelsen er \u00aben forn\u00e6rmelse mot minnet om Holocaust-ofrene\u00bb, spesielt de over 750 norske j\u00f8dene som ble deportert og drept av nazistene og lokale kollaborat\u00f8rer.<\/p>\n<p class=\"_paragraph_o9xde_4 _paragraph_xtcu6_10 layout-component text-serif-m layout-normal text-serif-m layout-padded\">Israel anklager statsministeren for \u00e5 sende et farlig signal om at \u00abselv minnet om Holocaust-ofre kan brukes for politisk vinning\u00bb. <\/p>\n<p class=\"_paragraph_o9xde_4 _paragraph_xtcu6_10 layout-component text-serif-m layout-normal text-serif-m layout-padded\">De skriver f\u00f8lgende:<\/p>\n<p class=\"_paragraph_o9xde_4 _paragraph_xtcu6_10 layout-component text-serif-m layout-normal text-serif-m layout-padded\">\u00abVed \u00e5 avvise foresp\u00f8rslene fra det j\u00f8diske milj\u00f8et i Norge og likevel delta p\u00e5 arrangementet, sender statsministeren et farlig signal om at selv minnet om Holocaust-ofrene kan brukes til politisk gevinst \u2013 og dermed bryter han regjeringens l\u00f8fte om \u00e5 bekjempe fordreining av Holocaust.\u00bb<\/p>\n<p><img alt=\"Foto: Stian Lysberg Solum \/ NTB\" class=\"_image_qp4xg_65 layout-component layout-normal\" data-fullscreen- data-track-element-type=\"Article image fullscreen\" data-track-name=\"ImageFullscreen\" decoding=\"async\" loading=\"lazy\" height=\"5760\" itemprop=\"image\"  src=\"https:\/\/www.europesays.com\/no\/wp-content\/uploads\/2025\/11\/b49b266c-2419-4139-a641-f27b48f312f3\"  style=\"object-position:0% 0%\" width=\"8640\"\/>Foto: Stian Lysberg Solum \/ NTB<\/p>\n<p class=\"_paragraph_o9xde_4 _paragraph_xtcu6_10 layout-component text-serif-m layout-normal text-serif-m layout-padded\">Da St\u00f8re talte under markeringen foran Stortinget i Oslo s\u00f8ndag kveld, var han tydelig p\u00e5 at vi m\u00e5 l\u00e6re av Krystallnatten, og se etter faresignaler som forskjellsbehandling, trakassering og hatytringer.<\/p>\n<p class=\"_paragraph_o9xde_4 _paragraph_xtcu6_10 layout-component text-serif-m layout-normal text-serif-m layout-padded\">\u2013 Jeg vil ogs\u00e5 si at det er et faresignal at mange norske j\u00f8der tydelig sier at de ikke \u00f8nsker \u00e5 v\u00e6re her i dag. <\/p>\n<p><img alt=\"Statsminister Jonas Gahr St\u00f8re holdt tale foran Stortinget.   Foto: Stian Lysberg Solum \/ NTB\" class=\"_image_qp4xg_65 layout-component layout-normal\" data-fullscreen- data-track-element-type=\"Article image fullscreen\" data-track-name=\"ImageFullscreen\" decoding=\"async\" loading=\"lazy\" height=\"4987\" itemprop=\"image\"  src=\"https:\/\/www.europesays.com\/no\/wp-content\/uploads\/2025\/11\/185e2d3e-e779-4a4c-94f6-15360e52ab20\"  style=\"object-position:0% 0%\" width=\"7480\"\/>Statsminister Jonas Gahr St\u00f8re holdt tale foran Stortinget.   Foto: Stian Lysberg Solum \/ NTB<\/p>\n<p class=\"_paragraph_o9xde_4 _paragraph_xtcu6_10 layout-component text-serif-m layout-normal text-serif-m layout-padded\">Med dette viser St\u00f8re trolig til at Det Mosaiske Trossamfund i Oslo og Det j\u00f8diske samfunn i Trondheim br\u00f8t samarbeidet med Antirasistisk Senter, blant annet fordi de mener noe av innholdet i deres markering er j\u00f8defiendtlig. <\/p>\n<p class=\"_paragraph_o9xde_4 _paragraph_xtcu6_10 layout-component text-serif-m layout-normal text-serif-m layout-padded\">St\u00f8re understreket at hatefulle ytringer mot alle grupper er ulovlig.<\/p>\n<p class=\"_paragraph_o9xde_4 _paragraph_xtcu6_10 layout-component text-serif-m layout-normal text-serif-m layout-padded\">\u2013 Det kan oppleves vanskelig \u00e5 utrydde et onde \u2013 som rasisme \u2013 for evig og alltid. Men vi kan alle gj\u00f8re en innsats for ikke \u00e5 la slike forestillinger og holdninger f\u00e5 gro og vokse. Og samtidig: Vi kan oppfordre til ikke \u00e5 gjengjelde hat med mer hat, sa han videre.<\/p>\n<p>    <img decoding=\"async\" alt=\"Tips oss illustrasjon\" src=\"https:\/\/www.europesays.com\/no\/wp-content\/uploads\/2025\/10\/pssst-small.webp.webp\"\/>    <\/p>\n<p class=\"title-serif-s\">Har du tips?<\/p>\n<p class=\"text-sans-m\">Send oss informasjon, bilder eller video.<\/p>\n<p>  <a href=\"https:\/\/www.vg.no\/tips-oss\" rel=\"nofollow noopener\" target=\"_blank\"> Tips oss <\/a>      <\/p>\n","protected":false},"excerpt":{"rendered":"\u2013 Nye rekorder i moralsk fordervelse og antisemittisme, tordner Israels utenriksdepartement. Foto: G\u00f8ran Bohlin \/ VG Abir Sultan&hellip;\n","protected":false},"author":2,"featured_media":82752,"comment_status":"","ping_status":"","sticky":false,"template":"","format":"standard","meta":{"footnotes":""},"categories":[10],"tags":[31,20,21,24,25,15,52,22,23,13,30,28,29,14,16,568,26,27],"class_list":{"0":"post-82751","1":"post","2":"type-post","3":"status-publish","4":"format-standard","5":"has-post-thumbnail","7":"category-norge","8":"tag-breaking","9":"tag-breaking-news","10":"tag-breakingnews","11":"tag-featured-news","12":"tag-featurednews","13":"tag-headlines","14":"tag-israel","15":"tag-latest-news","16":"tag-latestnews","17":"tag-news","18":"tag-no","19":"tag-norge","20":"tag-norway","21":"tag-nyheter","22":"tag-overskrifter","23":"tag-store-regjeringen","24":"tag-top-stories","25":"tag-topstories"},"share_on_mastodon":{"url":"https:\/\/pubeurope.com\/@no\/115521430923949871","error":""},"_links":{"self":[{"href":"https:\/\/www.europesays.com\/no\/wp-json\/wp\/v2\/posts\/82751","targetHints":{"allow":["GET"]}}],"collection":[{"href":"https:\/\/www.europesays.com\/no\/wp-json\/wp\/v2\/posts"}],"about":[{"href":"https:\/\/www.europesays.com\/no\/wp-json\/wp\/v2\/types\/post"}],"author":[{"embeddable":true,"href":"https:\/\/www.europesays.com\/no\/wp-json\/wp\/v2\/users\/2"}],"replies":[{"embeddable":true,"href":"https:\/\/www.europesays.com\/no\/wp-json\/wp\/v2\/comments?post=82751"}],"version-history":[{"count":0,"href":"https:\/\/www.europesays.com\/no\/wp-json\/wp\/v2\/posts\/82751\/revisions"}],"wp:featuredmedia":[{"embeddable":true,"href":"https:\/\/www.europesays.com\/no\/wp-json\/wp\/v2\/media\/82752"}],"wp:attachment":[{"href":"https:\/\/www.europesays.com\/no\/wp-json\/wp\/v2\/media?parent=82751"}],"wp:term":[{"taxonomy":"category","embeddable":true,"href":"https:\/\/www.europesays.com\/no\/wp-json\/wp\/v2\/categories?post=82751"},{"taxonomy":"post_tag","embeddable":true,"href":"https:\/\/www.europesays.com\/no\/wp-json\/wp\/v2\/tags?post=82751"}],"curies":[{"name":"wp","href":"https:\/\/api.w.org\/{rel}","templated":true}]}}