{"id":82760,"date":"2025-11-09T19:47:17","date_gmt":"2025-11-09T19:47:17","guid":{"rendered":"https:\/\/www.europesays.com\/no\/82760\/"},"modified":"2025-11-09T19:47:17","modified_gmt":"2025-11-09T19:47:17","slug":"pa-tv-forraeder-fant-tonen-under-innspilling-hun-har-faktisk-vaert-pa-besok","status":"publish","type":"post","link":"https:\/\/www.europesays.com\/no\/82760\/","title":{"rendered":"P\u00e5 TV, Forr\u00e6der | Fant tonen under innspilling: \u2013 Hun har faktisk v\u00e6rt p\u00e5 bes\u00f8k"},"content":{"rendered":"\n<p><a href=\"https:\/\/www.nettavisen.no\/\" rel=\"Follow nofollow noopener\" target=\"_blank\">Nettavisen:<\/a> Gjennom \u00e5rets sesong av \u00abForr\u00e6der\u00bb har de samarbeidet om \u00e5 unng\u00e5 mistanke og f\u00e5 sendt ut lojale spillere. Fredag sa det stopp da Sophie Elise Isachsen (30) m\u00e5tte pakke tingene sine og forlate programmet, og det mye takket v\u00e6re Rasmus Wold (34).<\/p>\n<p>I en nervepirrende og intens r\u00e5dsal var det en av forr\u00e6derne som m\u00e5tte forlate villaen i Sandefjord og til slutt ble det Isachsen som reiste hjem.<\/p>\n<p>Wold har tidligere uttalt at Sophie Elise overrasket ham under innspillingen og ikke stemte overens med inntrykket han hadde av henne f\u00f8r \u00abForr\u00e6der\u00bb-innspillingen. If\u00f8lge 34-\u00e5ringen har de to forr\u00e6derne tatt med seg den gode tonen tilbake i dagliglivet.<\/p>\n<p>  <a href=\"https:\/\/www.tk.no\/5-51-1729233\" class=\"related-teaser has-image default-story-teaser article--c-eRUmMG article--c-eRUmMG-jKCPdD-design-default\" rel=\"nofollow noopener\" target=\"_blank\"><\/p>\n<p>    <img decoding=\"async\" loading=\"lazy\"  src=\"https:\/\/www.europesays.com\/no\/wp-content\/uploads\/2025\/10\/SPILLET-s3-PRESSEBILDE-Felles.jpg\" alt=\"\" class=\"brick-c-cFOWSL\" style=\"\"\/><\/p>\n<p>\n            Les ogs\u00e5<\/p>\n<p>              To kristiansundere er deltakere i \u00abSpillet\u00bb: \u2013 Det ble fort en realityboble\n        <\/p>\n<p>  <\/a><br \/>\n  F\u00f8lte han m\u00e5tte beklage<\/p>\n<p>Til Nettavisen forteller Wold at han raskt sendte Isachsen en melding etter at han var med p\u00e5 \u00e5 sende henne ut i fredagens episode av \u00abForr\u00e6der\u00bb. Selv om han hadde blitt vant til \u00e5 lyve og v\u00e6re kynisk, m\u00e5tte han beklage.<\/p>\n<p>\u2013 Jeg sendte henne en melding s\u00e5 fort jeg fikk tilbake telefonen, og sa unnskyld og forklarte hvorfor jeg gjorde som gjorde, sier Wold.<\/p>\n<p>If\u00f8lge komikeren tok Isachsen avskjeden og dolken i ryggen p\u00e5 en god m\u00e5te. Hun har selv v\u00e6rt en hard og kynisk spiller og tok det overhodet ikke personlig, forteller Wold.<\/p>\n<p>\u2013 Hun tok det megasporty, og sa det var en superkul m\u00e5te \u00e5 g\u00e5 ut p\u00e5, og at hun skj\u00f8nte det spillmessig. S\u00e5 det var kult og en stor lettelse.<\/p>\n<p>   <img decoding=\"async\" width=\"6000\" height=\"4000\" fetchpriority=\"low\"  loading=\"lazy\"  src=\"https:\/\/www.europesays.com\/no\/wp-content\/uploads\/2025\/11\/1762717636_572_P1012528.JPG\" alt=\"\" class=\"brick-c-cFOWSL\" style=\"--brick-image-ratio: 6000 \/ 4000;\"\/><\/p>\n<p>      H\u00d8Y PULS: Rasmus Wold f\u00f8lte han m\u00e5tte beklage til Sophie Elise etter at han fikk henne stemt ut av \u00abForr\u00e6der\u00bb.<br \/>\n      Foto: H\u00e5vard Vege (Nettavisen)\n    <\/p>\n<p>34-\u00e5ringen sier inntrykket hans av influenseren kan skyldes at hun er litt forsiktig med sine handlinger og uttalelser i mediene. Til tross for at deltakerne ikke f\u00e5r snakke sammen unntatt under innspilling, har Wold f\u00e5tt et helt annet inntrykk.<\/p>\n<p>\u2013 Inntrykket etterp\u00e5 er at hun er overraskende lett \u00e5 snakke med, hun er morsom og byr p\u00e5 seg selv, sier han.<\/p>\n<p>V\u00e6rt p\u00e5 \u00abplaydate\u00bb<\/p>\n<p>Influenseren overrasket ham under innspillingen i Sandefjord. Fordi de brukte mye tid sammen, b\u00e5de dag og natt i konklavet, fant de tonen. Og forholdet mellom dem har fortsatt \u00e5 spire i tiden etter innspillingen.<\/p>\n<p>\u2013 Hun har faktisk v\u00e6rt p\u00e5 bes\u00f8k hos meg p\u00e5 \u00abplaydate\u00bb med de jevngamle barna v\u00e5re, sier Wold.<\/p>\n<p>I fjor ble 34-\u00e5ringen og samboeren <a rel=\"Follow nofollow noopener\" href=\"https:\/\/www.nettavisen.no\/kjendis\/rasmus-wold-har-blitt-pappa\/s\/5-95-1886396\" target=\"_blank\">foreldre for f\u00f8rste gang.<\/a> To m\u00e5neder tidligere <a rel=\"Follow nofollow noopener\" href=\"https:\/\/www.nettavisen.no\/kjendis\/sophie-elise-isachsen-har-blitt-mamma\/s\/5-95-1743027\" target=\"_blank\">kom nyheten<\/a> om at Sophie Elise og dav\u00e6rende kj\u00e6reste Vegard J\u00f8rstad hadde blitt foreldre.<\/p>\n<p>Wold forteller ogs\u00e5 at de s\u00e5 fredagens \u00abForr\u00e6der\u00bb-episode sammen.<\/p>\n<p>   <img decoding=\"async\" width=\"3779\" height=\"2126\" fetchpriority=\"low\"  loading=\"lazy\"  src=\"https:\/\/www.europesays.com\/no\/wp-content\/uploads\/2025\/11\/1762717637_74_Rper+hemmelig+detalj%3A++Det+var+skikkelig+ekkelt.bin\" alt=\"\" class=\"brick-c-cFOWSL\" style=\"--brick-image-ratio: 3779 \/ 2126;\"\/><\/p>\n<p>      M\u00d8TTES: Rasmus Wold sier han og Sophie Elise har m\u00f8ttes etter innspillingen og barna deres har hatt en \u00ablekedate\u00bb.<br \/>\n      Foto: H\u00e5vard Hjorthaug Vege (Nettavisen)\n    <\/p>\n<p>Influenseren er for tiden singel etter at det <a rel=\"Follow nofollow noopener\" href=\"https:\/\/www.nettavisen.no\/kjendis\/brudd-for-sophie-elie\/s\/5-95-2488813\" target=\"_blank\">ble slutt med J\u00f8rstad<\/a> i juni i \u00e5r. P\u00e5 pressetreffet til \u00abForr\u00e6der\u00bb <a rel=\"Follow nofollow noopener\" href=\"https:\/\/www.nettavisen.no\/kjendis\/influenser-sophie-elise-30-om-dating-vil-ikke-ha-en-som-er-pa-mobilen\/s\/5-95-2615453\" target=\"_blank\">fortalte hun Nettavisen<\/a> at hun hadde satt datingen p\u00e5 pause.<\/p>\n<p>\u2013 Nei, jeg har ikke datet noe. Jeg er heller ikke interessert i \u00e5 m\u00f8te noen. Jeg er ikke p\u00e5 noen apper, uttalte hun.<\/p>\n<p>En annen komiker som er \u00e5 se i h\u00f8stens \u00abForr\u00e6der\u00bb-sesong er Espen Abrahamsen. Isachsen har tidligere g\u00e5tt ut i podkasten til Martin Lepper\u00f8d og sagt at hun fikk et kjendiscrush p\u00e5 Abrahamsen under innspillingen.<\/p>\n","protected":false},"excerpt":{"rendered":"Nettavisen: Gjennom \u00e5rets sesong av \u00abForr\u00e6der\u00bb har de samarbeidet om \u00e5 unng\u00e5 mistanke og f\u00e5 sendt ut lojale&hellip;\n","protected":false},"author":2,"featured_media":82666,"comment_status":"","ping_status":"","sticky":false,"template":"","format":"standard","meta":{"footnotes":""},"categories":[58],"tags":[36,71,4138,30,28,29,2981,2828,1510,208,72],"class_list":{"0":"post-82760","1":"post","2":"type-post","3":"status-publish","4":"format-standard","5":"has-post-thumbnail","7":"category-underholdning","8":"tag-art","9":"tag-entertainment","10":"tag-forraeder","11":"tag-no","12":"tag-norge","13":"tag-norway","14":"tag-pa-tv","15":"tag-sophie-elise","16":"tag-story","17":"tag-tv-2","18":"tag-underholdning"},"share_on_mastodon":{"url":"https:\/\/pubeurope.com\/@no\/115521470135166930","error":""},"_links":{"self":[{"href":"https:\/\/www.europesays.com\/no\/wp-json\/wp\/v2\/posts\/82760","targetHints":{"allow":["GET"]}}],"collection":[{"href":"https:\/\/www.europesays.com\/no\/wp-json\/wp\/v2\/posts"}],"about":[{"href":"https:\/\/www.europesays.com\/no\/wp-json\/wp\/v2\/types\/post"}],"author":[{"embeddable":true,"href":"https:\/\/www.europesays.com\/no\/wp-json\/wp\/v2\/users\/2"}],"replies":[{"embeddable":true,"href":"https:\/\/www.europesays.com\/no\/wp-json\/wp\/v2\/comments?post=82760"}],"version-history":[{"count":0,"href":"https:\/\/www.europesays.com\/no\/wp-json\/wp\/v2\/posts\/82760\/revisions"}],"wp:featuredmedia":[{"embeddable":true,"href":"https:\/\/www.europesays.com\/no\/wp-json\/wp\/v2\/media\/82666"}],"wp:attachment":[{"href":"https:\/\/www.europesays.com\/no\/wp-json\/wp\/v2\/media?parent=82760"}],"wp:term":[{"taxonomy":"category","embeddable":true,"href":"https:\/\/www.europesays.com\/no\/wp-json\/wp\/v2\/categories?post=82760"},{"taxonomy":"post_tag","embeddable":true,"href":"https:\/\/www.europesays.com\/no\/wp-json\/wp\/v2\/tags?post=82760"}],"curies":[{"name":"wp","href":"https:\/\/api.w.org\/{rel}","templated":true}]}}