{"id":82772,"date":"2025-11-09T20:09:12","date_gmt":"2025-11-09T20:09:12","guid":{"rendered":"https:\/\/www.europesays.com\/no\/82772\/"},"modified":"2025-11-09T20:09:12","modified_gmt":"2025-11-09T20:09:12","slug":"setter-nye-rekorder-for-moralsk-fordervelse","status":"publish","type":"post","link":"https:\/\/www.europesays.com\/no\/82772\/","title":{"rendered":"\u2013 Setter nye rekorder for moralsk fordervelse"},"content":{"rendered":"<p class=\"extendedContent hyperion-css-eyn926\" data-test-tag=\"lead-text\">Israelske myndigheter syntes lite om hvordan Jonas Gahr St\u00f8re valgte \u00e5 markere Krystallnatten. &#8211; Uriktig og urimelig, svarer St\u00f8res statssekret\u00e6r p\u00e5 kritikken. <\/p>\n<p><img decoding=\"async\" class=\"image-asset hyperion-css-u06ts1\" data-test-tag=\"image-asset\" src=\"https:\/\/www.europesays.com\/no\/wp-content\/uploads\/2025\/11\/2730fc8b-c95d-4d4a-a94d-5cd1737097e9\"  alt=\"Det er Israels utenriksdepartementet som har lagt ut den skarpe kritikken av St\u00f8re p\u00e5 X. Det ledes av utenriksminister Gideon Saar.\"  loading=\"eager\" fetchpriority=\"high\" style=\"aspect-ratio:2048 \/ 1365\"\/>Det er Israels utenriksdepartementet som har lagt ut den skarpe kritikken av St\u00f8re p\u00e5 X. Det ledes av utenriksminister Gideon Saar. Foto: Darko Vojinovic \/ AP \/ NTBKortversjonen<\/p>\n<ul class=\"hyperion-css-1wfq1v6\" data-test-tag=\"list\">\n<li class=\"hyperion-css-13wylk3\">Israels regjering kritiserer Jonas Gahr St\u00f8re for hans deltakelse i en Krystallnatt-markering der Palestinakomiteen deltar, og anklager ham for antisemittisme. <\/li>\n<li class=\"hyperion-css-13wylk3\">St\u00f8res statssekret\u00e6r sier at han mener kritikken er urimelig. <\/li>\n<li class=\"hyperion-css-13wylk3\">KrF-lederen har ogs\u00e5 kritisert St\u00f8res deltakelse p\u00e5 markeringen.<\/li>\n<\/ul>\n<p data-nosnippet=\"true\" class=\"hyperion-css-1qe9pn0\">Sammendraget er laget ved hjelp av kunstig intelligens (KI) og kvalitetssikret av Aftenpostens journalister.<\/p>\n<p>Vis mer<\/p>\n<p class=\"paywall hyperion-css-1j42uic\">Saken oppdateres. <\/p>\n<p class=\"paywall hyperion-css-1j42uic\">S\u00f8ndag\u00a0<a data-test-tag=\"internal-link\" href=\"https:\/\/www.aftenposten.no\/norge\/politikk\/i\/xmx9oQ\/bitter-konflikt-rundt-markering-av-krystallnatten-stoere-svikter-de-norske-joedene\" class=\"hyperion-css-1raymq9\" rel=\"nofollow noopener\" target=\"\" aria-label=\"markeres Krystallnatten\" theme=\"breaking-short\">markeres Krystallnatten<\/a>\u00a0flere steder i Norge. <\/p>\n<p class=\"paywall hyperion-css-1j42uic\">Det er for \u00e5 minnes brutaliteten 9. og 10. november 1938. Da startet opptrappingen av j\u00f8deforf\u00f8lgelsen i Tyskland for alvor. Syv \u00e5r senere var mer enn seks millioner j\u00f8der drept i nazistenes folkemord, kjent som holocaust.<\/p>\n<p class=\"paywall hyperion-css-1j42uic\">I Norge deltok St\u00f8re p\u00e5 et arrangement i regi av Antirasistisk Senter. Dette st\u00f8ttes ogs\u00e5 av Palestinakomiteen i Norge, men ikke av Det mosaiske trossamfunn. Det mosaiske trossamfunn. Det Mosaiske Trossamfund er den j\u00f8diske menigheten i Oslo og det viktigste senteret for det j\u00f8diske religi\u00f8se liv i Norge. Det Mosaiske Trossamfund i Oslo (DMT) ble etablert 1892 og hadde i 2018 ca. 750 medlemmer. Kilde: SNL<\/p>\n<p class=\"paywall hyperion-css-1j42uic\">St\u00f8re <a data-test-tag=\"internal-link\" href=\"https:\/\/www.aftenposten.no\/norge\/politikk\/i\/xmx9oQ\/bitter-konflikt-rundt-markering-av-krystallnatten-stoere-svikter-de-norske-joedene\" class=\"hyperion-css-1raymq9\" rel=\"nofollow noopener\" target=\"\" aria-label=\"ble s\u00f8ndag kritisert av KrF-leder Dag Inge Ulstein\" theme=\"breaking-short\">ble s\u00f8ndag kritisert av KrF-leder Dag Inge Ulstein<\/a> fordi han valgte \u00e5 delta p\u00e5 denne markeringen. N\u00e5 har ogs\u00e5 Israels regjering f\u00e5tt med seg hva som har skjedd. <\/p>\n<p class=\"paywall hyperion-css-1j42uic\">De bruker sterke ord.<\/p>\n<p class=\"paywall hyperion-css-1j42uic\">\u2013 Den norske statsministeren Jonas Gahr St\u00f8re setter nye rekorder for moralsk fordervelse, Israel-fiendtlighet og antisemittisme. Han valgte \u00e5 delta i en markering som snudde markeringen av Krystallnatten, mord og forf\u00f8lgelse av j\u00f8der, til et v\u00e5pen mot den j\u00f8diske stat, israelere og j\u00f8der, skriver Israels utenriksdepartement p\u00e5 <a aria-label=\"X\" class=\"breaking-short hyperion-css-1raymq9\" href=\"https:\/\/x.com\/IsraelMFA\/status\/1987578422957404433\" target=\"_blank\" rel=\"noopener nofollow noreferrer\" data-test-tag=\"external-link\">X<\/a>. <\/p>\n<p class=\"paywall hyperion-css-1j42uic\">Departementet gir ikke noen forklaring p\u00e5 hvorfor de mener at arrangementet er et \u00abv\u00e5pen\u00bb mot israelere og j\u00f8der. Under markeringen deltok ogs\u00e5 representanter for organisasjonen J\u00f8diske stemmer for rettferdig fred.<\/p>\n<p class=\"paywall hyperion-css-1j42uic\"><a aria-label=\"VG\" class=\"breaking-short hyperion-css-1raymq9\" href=\"https:\/\/www.vg.no\/nyheter\/i\/93gGK9\/israel-anklager-stoere-for-antisemittisme-etter-krystallnatt-markering\" target=\"_blank\" rel=\"noopener nofollow noreferrer\" data-test-tag=\"external-link\">VG<\/a> omtalte saken f\u00f8rst. <\/p>\n<p>\u2013 Urimelig kritikk<\/p>\n<p class=\"paywall hyperion-css-1j42uic\">Statssekret\u00e6r Kristoffer Thoner (Ap) ved Statsministerens kontor sier han synes kritikken er uriktig og urimelig.<\/p>\n<p class=\"paywall hyperion-css-1j42uic\">\u2013 Statsminister Jonas Gahr St\u00f8re og regjeringen er konsekvent og tydelig opptatt av \u00e5 bekjempe antisemittisme i alle former. Det understreket ogs\u00e5 statsministeren i sin appell p\u00e5 Eidsvolls plass i Oslo i kveld. Alle j\u00f8der skal v\u00e6re trygge i Norge.<\/p>\n<p class=\"paywall hyperion-css-1j42uic\">Thoner sier St\u00f8re i oktober takket ja til \u00e5 delta p\u00e5 markeringen i regi av Antirasistisk Senter, LO og Norsk Folkehjelp i ettermiddag.<\/p>\n<p class=\"paywall hyperion-css-1j42uic\">\u2013 Regjeringen mottok invitasjon til DMTs arrangement onsdag denne uken og var representert i kveld med kommunalminister Bj\u00f8rnar Skj\u00e6ran, som er ansvarlig statsr\u00e5d for nasjonale minoriteter.<\/p>\n<p><img decoding=\"async\" class=\"image-asset hyperion-css-u06ts1\" data-test-tag=\"image-asset\" src=\"https:\/\/www.europesays.com\/no\/wp-content\/uploads\/2025\/11\/d59f05ff-8563-4720-8f76-15f95c63d114\"  alt=\"St\u00f8re under s\u00f8ndagens markering. \"  loading=\"eager\" fetchpriority=\"high\" style=\"aspect-ratio:2048 \/ 1365\"\/>St\u00f8re under s\u00f8ndagens markering. Foto: Ketil Blom Haugstulen \/ Aftenposten<\/p>\n<p class=\"paywall hyperion-css-1j42uic\">For tre \u00e5r siden trakk Det mosaiske trossamfunnDet mosaiske trossamfunnDet Mosaiske Trossamfund er den j\u00f8diske menigheten i Oslo og det viktigste senteret for det j\u00f8diske religi\u00f8se liv i Norge. Det Mosaiske Trossamfund i Oslo (DMT) ble etablert 1892 og hadde i 2018 ca. 750 medlemmer. Kilde: SNL seg fra dette arrangementet. Heller ikke i \u00e5r deltok de. <\/p>\n<p class=\"paywall hyperion-css-1j42uic\">\u2013 Mange av v\u00e5re medlemmer t\u00f8r ikke v\u00e6re med, har rabbiner Michael Kohn uttalt til<a aria-label=\"\u00a0Minerva.\" class=\"breaking-short hyperion-css-1raymq9\" href=\"https:\/\/www.minerva.no\/antirasistisk-senter-antisemittisme-det-mosaiske-trossamfund\/mange-av-vare-medlemmer-tor-ikke-vaere-med\/486944\" target=\"_blank\" rel=\"noopener nofollow noreferrer\" data-test-tag=\"external-link\">\u00a0Minerva.<\/a><\/p>\n<p class=\"paywall hyperion-css-1j42uic\">Under markeringen i regi av Antirasistisk Senter tok St\u00f8re dette opp i sin tale. <\/p>\n<p class=\"paywall hyperion-css-1j42uic\">\u2013 Jeg vil ogs\u00e5 si at det er et faresignal at mange norske j\u00f8der tydelig sier at de ikke \u00f8nsker \u00e5 v\u00e6re her i dag, sa statsministeren. <\/p>\n<p>Disse organisasjonene deltok i markeringen Israel kritisererVis mer<\/p>\n<p class=\"paywall hyperion-css-1j42uic\">\u2013 \u00c5 knuse glass kan i v\u00e5r tid skje p\u00e5 nettet, i sosiale medier, i kommentarfelt, ja \u2013 ogs\u00e5 under markeringer og arrangementer. Ofte mot minoriteter \u2013 j\u00f8der, muslimer, samer, romer, skeive, transpersoner, og andre, sa han videre. <\/p>\n<p class=\"paywall hyperion-css-1j42uic\">Ogs\u00e5 Antirasistisk Senter har <a data-test-tag=\"internal-link\" href=\"https:\/\/www.aftenposten.no\/norge\/politikk\/i\/xmx9oQ\/bitter-konflikt-rundt-markering-av-krystallnatten-stoere-svikter-de-norske-joedene\" class=\"hyperion-css-1raymq9\" rel=\"nofollow noopener\" target=\"\" aria-label=\"sl\u00e5tt hardt tilbake\" theme=\"breaking-short\">sl\u00e5tt hardt tilbake<\/a> mot kritikken av markeringen.<\/p>\n","protected":false},"excerpt":{"rendered":"Israelske myndigheter syntes lite om hvordan Jonas Gahr St\u00f8re valgte \u00e5 markere Krystallnatten. &#8211; Uriktig og urimelig, svarer&hellip;\n","protected":false},"author":2,"featured_media":82773,"comment_status":"","ping_status":"","sticky":false,"template":"","format":"standard","meta":{"footnotes":""},"categories":[5],"tags":[20,21,24,25,15,19,22,23,17,18,13,30,28,29,14,16,26,27],"class_list":{"0":"post-82772","1":"post","2":"type-post","3":"status-publish","4":"format-standard","5":"has-post-thumbnail","7":"category-overskrifter","8":"tag-breaking-news","9":"tag-breakingnews","10":"tag-featured-news","11":"tag-featurednews","12":"tag-headlines","13":"tag-hovedoppslag","14":"tag-latest-news","15":"tag-latestnews","16":"tag-main-news","17":"tag-mainnews","18":"tag-news","19":"tag-no","20":"tag-norge","21":"tag-norway","22":"tag-nyheter","23":"tag-overskrifter","24":"tag-top-stories","25":"tag-topstories"},"share_on_mastodon":{"url":"https:\/\/pubeurope.com\/@no\/115521556778758386","error":""},"_links":{"self":[{"href":"https:\/\/www.europesays.com\/no\/wp-json\/wp\/v2\/posts\/82772","targetHints":{"allow":["GET"]}}],"collection":[{"href":"https:\/\/www.europesays.com\/no\/wp-json\/wp\/v2\/posts"}],"about":[{"href":"https:\/\/www.europesays.com\/no\/wp-json\/wp\/v2\/types\/post"}],"author":[{"embeddable":true,"href":"https:\/\/www.europesays.com\/no\/wp-json\/wp\/v2\/users\/2"}],"replies":[{"embeddable":true,"href":"https:\/\/www.europesays.com\/no\/wp-json\/wp\/v2\/comments?post=82772"}],"version-history":[{"count":0,"href":"https:\/\/www.europesays.com\/no\/wp-json\/wp\/v2\/posts\/82772\/revisions"}],"wp:featuredmedia":[{"embeddable":true,"href":"https:\/\/www.europesays.com\/no\/wp-json\/wp\/v2\/media\/82773"}],"wp:attachment":[{"href":"https:\/\/www.europesays.com\/no\/wp-json\/wp\/v2\/media?parent=82772"}],"wp:term":[{"taxonomy":"category","embeddable":true,"href":"https:\/\/www.europesays.com\/no\/wp-json\/wp\/v2\/categories?post=82772"},{"taxonomy":"post_tag","embeddable":true,"href":"https:\/\/www.europesays.com\/no\/wp-json\/wp\/v2\/tags?post=82772"}],"curies":[{"name":"wp","href":"https:\/\/api.w.org\/{rel}","templated":true}]}}