{"id":82778,"date":"2025-11-09T20:15:07","date_gmt":"2025-11-09T20:15:07","guid":{"rendered":"https:\/\/www.europesays.com\/no\/82778\/"},"modified":"2025-11-09T20:15:07","modified_gmt":"2025-11-09T20:15:07","slug":"overlege-frykter-at-for-mange-far-adhd-diagnose-kan-gjore-mer-skade-enn-nytte-aftenposten","status":"publish","type":"post","link":"https:\/\/www.europesays.com\/no\/82778\/","title":{"rendered":"Overlege frykter at for mange f\u00e5r ADHD-diagnose: \u2013 Kan gj\u00f8re mer skade enn nytte &#8211; Aftenposten"},"content":{"rendered":"<ol>\n<li><a href=\"https:\/\/news.google.com\/rss\/articles\/CBMivgFBVV95cUxQaTBnRlptaHJDZWR5c3JCWEZQSUhBNk9LY004YUFWMzhXSlZ4V1NxMmNMZVhqd0l2c0xWSUFVRDktQ2dKd2FZUHprcTlfbDVfTWlRREtTb0JJb3Q4a3NvNjVtWWI4Nm1USFViMzFILWdTUmpmeFdtV3ZuaGhQVmFSUDRaREJCREdnZTZKVExYSXVIZ1JfRWlfMGZBMHF6RGFLOEszc2duc2szMWtiSk90OFVzSU5FUVpibFd1N3hR?oc=5\" target=\"_blank\" rel=\"nofollow noopener\">Overlege frykter at for mange f\u00e5r ADHD-diagnose: \u2013 Kan gj\u00f8re mer skade enn nytte<\/a>&nbsp;&nbsp;Aftenposten<\/li>\n<li><a href=\"https:\/\/news.google.com\/rss\/articles\/CBMimgFBVV95cUxPbFBHQU9walJYRFhoOTkzc3BTWE90aUdWcFlxNzVqWVNmZ3JOMmxQY3FWdUs5NXptSFA4eGo1UHpDZ3RHZmNpWWRNeGFIeDF6YTBFM29TUmVQNkw0bjVXa0R1NEVpT3RIVllRdTJPRnZ1YXdydnFUdlR3LXM2ZW5VdVVLZVVKUXB0S3pWS2R0LXh6ZUJJcDN6S3Rn?oc=5\" target=\"_blank\" rel=\"nofollow noopener\">Skien, Mental helse | Chris ville ta livet sitt: \u2013 Jeg m\u00e5tte kjempe for \u00e5 f\u00e5 diagnosen<\/a>&nbsp;&nbsp;Telemarksavisa<\/li>\n<li><a href=\"https:\/\/news.google.com\/rss\/articles\/CBMifEFVX3lxTE41b1JPU1JRUzhwMmtvcHNjOE43OU90c0FrQ0VySDNpckVDdXVRS2Z6SlQ5eFVYMXY5SUlRQzZEUXdoRjlWdHBHS0Z6eGlMN2Rpb2RPNlB2Z0JQd3FtaWoyLVpfamFOTTk3V2V1VEp5RTZsQ1NoNVBaRFlYaGw?oc=5\" target=\"_blank\" rel=\"nofollow noopener\">Bygger opp under ADHD-myter<\/a>&nbsp;&nbsp;Dagsavisen<\/li>\n<li><a href=\"https:\/\/news.google.com\/rss\/articles\/CBMiqAFBVV95cUxNWm40cDF6Nno4WWtBNEU3eTg0UkthNTN0ZnZaZWYxczFHZjZhWHhhRDZrV1VpTzR0R0tFY1Y1TWEybHBmN2htelM3Ry1MZkw5U2lycnhYMkZaOV9iYjdlQU5qRmh1cXdqU21yNHVFS2hzd1lDOVhGUkFoYWJGM1NKREVlR2ZES3JxcTU0ZlA0LUdFYTRtakxvRjFrbWU5eUhPMk5UVENpQVo?oc=5\" target=\"_blank\" rel=\"nofollow noopener\">Debatt: Det \u00e5 f\u00e5 en (riktig) diagnose b\u00f8r v\u00e6re en rettighet<\/a>&nbsp;&nbsp;Aftenposten<\/li>\n<li><a href=\"https:\/\/news.google.com\/rss\/articles\/CBMicEFVX3lxTE0yZGlFLWdGdHR4R01VWlVXUHZMQUJYV3RaSVRrQ0VrN29HcXREMzVCNkVySUZ1WXZ5U0dMVGpyaFFFakJ4a3pjdFZnYTBJem92T1lhOWFzMkRzN3RYUkNUTFNZenBONWoySWxySWJ0azE?oc=5\" target=\"_blank\" rel=\"nofollow noopener\">Psykisk helse, ADHD | ADHD og maskering<\/a>&nbsp;&nbsp;Nordnorsk debatt<\/li>\n<\/ol>\n","protected":false},"excerpt":{"rendered":"Overlege frykter at for mange f\u00e5r ADHD-diagnose: \u2013 Kan gj\u00f8re mer skade enn nytte&nbsp;&nbsp;Aftenposten Skien, Mental helse |&hellip;\n","protected":false},"author":2,"featured_media":914,"comment_status":"","ping_status":"","sticky":false,"template":"","format":"standard","meta":{"footnotes":""},"categories":[10],"tags":[20,21,24,25,15,22,23,13,30,28,29,14,16,26,27],"class_list":{"0":"post-82778","1":"post","2":"type-post","3":"status-publish","4":"format-standard","5":"has-post-thumbnail","7":"category-norge","8":"tag-breaking-news","9":"tag-breakingnews","10":"tag-featured-news","11":"tag-featurednews","12":"tag-headlines","13":"tag-latest-news","14":"tag-latestnews","15":"tag-news","16":"tag-no","17":"tag-norge","18":"tag-norway","19":"tag-nyheter","20":"tag-overskrifter","21":"tag-top-stories","22":"tag-topstories"},"share_on_mastodon":{"url":"https:\/\/pubeurope.com\/@no\/115521580248844360","error":""},"_links":{"self":[{"href":"https:\/\/www.europesays.com\/no\/wp-json\/wp\/v2\/posts\/82778","targetHints":{"allow":["GET"]}}],"collection":[{"href":"https:\/\/www.europesays.com\/no\/wp-json\/wp\/v2\/posts"}],"about":[{"href":"https:\/\/www.europesays.com\/no\/wp-json\/wp\/v2\/types\/post"}],"author":[{"embeddable":true,"href":"https:\/\/www.europesays.com\/no\/wp-json\/wp\/v2\/users\/2"}],"replies":[{"embeddable":true,"href":"https:\/\/www.europesays.com\/no\/wp-json\/wp\/v2\/comments?post=82778"}],"version-history":[{"count":0,"href":"https:\/\/www.europesays.com\/no\/wp-json\/wp\/v2\/posts\/82778\/revisions"}],"wp:featuredmedia":[{"embeddable":true,"href":"https:\/\/www.europesays.com\/no\/wp-json\/wp\/v2\/media\/914"}],"wp:attachment":[{"href":"https:\/\/www.europesays.com\/no\/wp-json\/wp\/v2\/media?parent=82778"}],"wp:term":[{"taxonomy":"category","embeddable":true,"href":"https:\/\/www.europesays.com\/no\/wp-json\/wp\/v2\/categories?post=82778"},{"taxonomy":"post_tag","embeddable":true,"href":"https:\/\/www.europesays.com\/no\/wp-json\/wp\/v2\/tags?post=82778"}],"curies":[{"name":"wp","href":"https:\/\/api.w.org\/{rel}","templated":true}]}}