{"id":82781,"date":"2025-11-09T20:17:13","date_gmt":"2025-11-09T20:17:13","guid":{"rendered":"https:\/\/www.europesays.com\/no\/82781\/"},"modified":"2025-11-09T20:17:13","modified_gmt":"2025-11-09T20:17:13","slug":"glimt-henger-pa-viking-bryne-unngar-direkte-nedrykk","status":"publish","type":"post","link":"https:\/\/www.europesays.com\/no\/82781\/","title":{"rendered":"Glimt henger p\u00e5 Viking \u2013 Bryne unng\u00e5r direkte nedrykk"},"content":{"rendered":"\n<p class=\"_lead_o9xde_2 _lead_xtcu6_50 layout-component text-serif-m layout-normal text-serif-l layout-component layout-wide layout-padded _wide_17hqh_1 layout-padded\">Glimt leverte en skikkelig m\u00e5lfest i kampen de \u00abm\u00e5tte\u00bb vinne mot bunnlaget Bryne.<\/p>\n<p><img alt=\" Foto: Mats Torbergsen \/ NTB\" class=\"_image_qp4xg_65 layout-component layout-wide\" data-fullscreen- data-track-element-type=\"Article image fullscreen\" data-track-name=\"ImageFullscreen\" fetchpriority=\"high\" decoding=\"sync\" loading=\"eager\" height=\"1972\" itemprop=\"image\"  src=\"https:\/\/www.europesays.com\/no\/wp-content\/uploads\/2025\/11\/6483ca57-23ca-4001-a3be-d05372e0c458\"  style=\"object-position:0% 0%\" width=\"2959\"\/> Foto: Mats Torbergsen \/ NTB<\/p>\n<ul aria-hidden=\"true\" class=\"_images_18f0k_111\">\n<li><a class=\"_link_18f0k_116\" href=\"https:\/\/www.vg.no\/forfatter\/eirik-soerenmo-paasche\" style=\"z-index:1\" title=\"Eirik S\u00f8renmo P\u00e5sche\" rel=\"nofollow noopener\" target=\"_blank\"><img alt=\"Bilde av Eirik S\u00f8renmo P\u00e5sche\" class=\"_image_18f0k_93\" fetchpriority=\"low\" loading=\"lazy\" decoding=\"async\" itemprop=\"image\"  src=\"https:\/\/www.europesays.com\/no\/wp-content\/uploads\/2025\/11\/1762719430_351_cfda420f-d23e-4c6c-b420-faa95e9679ed\"  width=\"480\"\/><\/a><\/li>\n<\/ul>\n<p> Oppdatert s\u00f8ndag 9. november kl. 19:12     <\/p>\n<p class=\"_paragraph_o9xde_4 _paragraph_xtcu6_10 layout-component text-serif-m layout-normal text-serif-m layout-padded\">Gullkampen i Eliteserien lever videre \u2013 i alle fall i minst en runde til.<\/p>\n<p class=\"_paragraph_o9xde_4 _paragraph_xtcu6_10 layout-component text-serif-m layout-normal text-serif-m layout-padded\"><a href=\"https:\/\/www.vg.no\/tag\/bodoe-glimt?utm_source=vg-article&amp;utm_medium=auto-tagger&amp;utm_campaign=qPKe00\" class=\"_link_o9xde_39\" rel=\"nofollow noopener\" target=\"_blank\">Bod\u00f8\/Glimt<\/a> hadde f\u00e5 problemer hjemme mot Bryne og vant til slutt hele 5\u20130 etter scoringer av Fredrik Bj\u00f8rkan, Patrick Berg, Andreas Helmersen, Sondre Brunstad Fet og Mathias J\u00f8rgensen.<\/p>\n<p class=\"_paragraph_o9xde_4 _paragraph_xtcu6_10 layout-component text-serif-m layout-normal text-serif-m layout-padded\">Dermed er nordlendingene ett poeng bak Viking med to kamper igjen av Eliteserien 2025.<\/p>\n<p class=\"_paragraph_o9xde_4 _paragraph_xtcu6_10 layout-component text-serif-m layout-normal text-serif-m layout-padded\">\u2013 Det er tett som hagl, sier Bod\u00f8\/Glimts Andreas Helmsersen til TV 2 om gullkampen.<\/p>\n<p class=\"_paragraph_o9xde_4 _paragraph_xtcu6_10 layout-component text-serif-m layout-normal text-serif-m layout-padded\">Bryne er, til tross for tapet, n\u00e5 garantert \u00e5 unng\u00e5 nedrykk. Med Str\u00f8msgodsets tap mot Kristiansund er kvalifiseringsplass det verste tenkelige utfallet for j\u00e6rbuene.<\/p>\n<p class=\"_paragraph_o9xde_4 _paragraph_xtcu6_10 layout-component text-serif-m layout-normal text-serif-m layout-padded\">\u2013 Jeg skulle gjerne sett at de hadde tatt poeng s\u00e5 vi var tettere p\u00e5 KBK, sier Brynes trener Kevin Knappen til TV 2 om Godset.<\/p>\n<p class=\"_paragraph_o9xde_4 _paragraph_xtcu6_10 layout-component text-serif-m layout-normal text-serif-m layout-padded\">Etter at <a href=\"https:\/\/www.vg.no\/sport\/i\/XjGazm\/perlescoringer-pyntet-paa-vikings-gullhaap\" data-track-element-type=\"Link\" data-track-id=\"link:XjGazm\" class=\"_link_o9xde_39\" rel=\"nofollow noopener\" target=\"_blank\">Viking herjet med HamKam l\u00f8rdag<\/a>, hadde Bod\u00f8\/Glimt presset p\u00e5 seg.<\/p>\n<p class=\"_paragraph_o9xde_4 _paragraph_xtcu6_10 layout-component text-serif-m layout-normal text-serif-m layout-padded\">Heldigvis for dem var det stort sett de gulkledde det handlet om p\u00e5 Aspmyra.<\/p>\n<p class=\"_paragraph_o9xde_4 _paragraph_xtcu6_10 layout-component text-serif-m layout-normal text-serif-m layout-padded\">Et kvarter ut i kampen h\u00e6lflikket Sondre Brunstad Fet ballen videre inn i feltet. Fredrik Bj\u00f8rkan kastet seg inn og taklet inn ledelsen for Glimt.<\/p>\n<p><img alt=\"Foto: Mats Torbergsen \/ NTB\" class=\"_image_qp4xg_65 layout-component layout-normal\" data-fullscreen- data-track-element-type=\"Article image fullscreen\" data-track-name=\"ImageFullscreen\" decoding=\"async\" loading=\"lazy\" height=\"3776\" itemprop=\"image\"  src=\"https:\/\/www.europesays.com\/no\/wp-content\/uploads\/2025\/11\/0eb8982c-bd2f-4456-bfde-cb34ee6e6ea8\"  style=\"object-position:0% 0%\" width=\"5665\"\/>Foto: Mats Torbergsen \/ NTB<\/p>\n<p class=\"_paragraph_o9xde_4 _paragraph_xtcu6_10 layout-component text-serif-m layout-normal text-serif-m layout-padded\">Etter et vedvarende trykk doblet kaptein Patrick Berg Glimts ledelse i andre omgang.<\/p>\n<p class=\"_paragraph_o9xde_4 _paragraph_xtcu6_10 layout-component text-serif-m layout-normal text-serif-m layout-padded\">Andreas Helmersen ble byttet inn like etter Bergs scoring. Sekunder senere satte han inn Glimts tredje p\u00e5 sin f\u00f8rste ber\u00f8ring etter et flott forarbeid av Jens Petter Hauge.<\/p>\n<p class=\"_paragraph_o9xde_4 _paragraph_xtcu6_10 layout-component text-serif-m layout-normal text-serif-m layout-padded\">\u2013 Vi f\u00e5r plutselig masse rom. S\u00e5 g\u00e5r Jens hele veien og slipper den fint til meg. \u00c9n-touch, bare, sier Helmersen til TV 2.<\/p>\n<p class=\"_paragraph_o9xde_4 _paragraph_xtcu6_10 layout-component text-serif-m layout-normal text-serif-m layout-padded\">Mot slutten stusset f\u00f8rst Brunstad Fet et innlegg fra Daniel Bassi i det lengste hj\u00f8rnet bak Jan de Boer f\u00f8r Mathias J\u00f8rgensen fastslo resultatet til 5\u20130.<\/p>\n<p class=\"_paragraph_o9xde_4 _paragraph_xtcu6_10 layout-component text-serif-m layout-normal text-serif-m layout-padded\">\u2013 Bod\u00f8\/Glimt vinner fullt fortjent i dag, sier Bryne-kaptein Eirik Saunes til TV 2.<\/p>\n<p>Gjenv\u00e6rende kamper<\/p>\n<p class=\"_paragraph_o9xde_4 _paragraph_xtcu6_10 _paragraph_16v91_10 layout-component text-serif-m layout-normal text-sans-m layout-padded\"><strong class=\"_strong_o9xde_25\">Viking:<\/strong> Fredrikstad (b), V\u00e5lerenga (h)<\/p>\n<p class=\"_paragraph_o9xde_4 _paragraph_xtcu6_10 _paragraph_16v91_10 layout-component text-serif-m layout-normal text-sans-m layout-padded\"><strong class=\"_strong_o9xde_25\">Bod\u00f8\/Glimt:<\/strong> KFUM (b), Fredrikstad (h)<\/p>\n<p>Vis mer<\/p>\n<p class=\"_paragraph_o9xde_4 _paragraph_xtcu6_10 layout-component text-serif-m layout-normal text-serif-m layout-padded\">Samtidig som kampen i Bod\u00f8, ble det spilt tre andre kamper i Eliteserien.<\/p>\n<p class=\"_paragraph_o9xde_4 _paragraph_xtcu6_10 layout-component text-serif-m layout-normal text-serif-m layout-padded\">Str\u00f8msgodset m\u00e5tte vinne borte mot Kristiansund for \u00e5 unng\u00e5 nedrykk.<\/p>\n<p class=\"_paragraph_o9xde_4 _paragraph_xtcu6_10 layout-component text-serif-m layout-normal text-serif-m layout-padded\">Fredrik Ardraa tente h\u00e5pet for Drammenslaget etter to scoringer fra KBKs Leander Alvheim.<\/p>\n<p class=\"_paragraph_o9xde_4 _paragraph_xtcu6_10 layout-component text-serif-m layout-normal text-serif-m layout-padded\"><a href=\"https:\/\/www.vg.no\/sport\/i\/OoRmvw\/stroemsgodset-og-fagermo-rykket-ned-til-obos-ligaen\" data-track-element-type=\"Link\" data-track-id=\"link:OoRmvw\" class=\"_link_o9xde_39\" rel=\"nofollow noopener\" target=\"_blank\">Det holdt ikke, og Dag-Eilev Fagermos menn m\u00e5 ned til OBOS-ligaen neste sesong<\/a>.<\/p>\n<p><img alt=\"Str\u00f8msgodset rykker ned fra Eliteserien.  Foto: Svein Ove Ekornesv\u00e5g \/ NTB\" class=\"_image_qp4xg_65 layout-component layout-normal\" data-fullscreen- data-track-element-type=\"Article image fullscreen\" data-track-name=\"ImageFullscreen\" decoding=\"async\" loading=\"lazy\" height=\"1967\" itemprop=\"image\"  src=\"https:\/\/www.europesays.com\/no\/wp-content\/uploads\/2025\/11\/f8e551e3-7b85-4113-9048-b3e6e05da1dd\"  style=\"object-position:0% 0%\" width=\"2946\"\/>Str\u00f8msgodset rykker ned fra Eliteserien.  Foto: Svein Ove Ekornesv\u00e5g \/ NTB<\/p>\n<p class=\"_paragraph_o9xde_4 _paragraph_xtcu6_10 layout-component text-serif-m layout-normal text-serif-m layout-padded\">Bronsejagende Brann og Troms\u00f8 m\u00f8tte henholdsvis KFUM og Sandefjord. Ulrik Mathisen ga Brann ledelsen f\u00f8r Amin Nouri utlignet for KFUM.<\/p>\n<p class=\"_paragraph_o9xde_4 _paragraph_xtcu6_10 layout-component text-serif-m layout-normal text-serif-m layout-padded\">Troms\u00f8 skapte flere gode muligheter, men tapte i Vestfold etter en scoring fra Filip Ottosson.<\/p>\n<p class=\"_paragraph_o9xde_4 _paragraph_xtcu6_10 layout-component text-serif-m layout-normal text-serif-m layout-padded\">Dermed er Brann fortsatt p\u00e5 3. plass. Troms\u00f8 ligger to poeng bak som nummer fire.<\/p>\n<ul class=\"_gallery_1qa3s_23\" tabindex=\"0\">\n<li class=\"_item_1qa3s_37\" data-index=\"0\"><img decoding=\"async\" class=\"_image_foru8_23 _articleGallery_foru8_39\" data-fullscreen- width=\"4934\" height=\"3292\" itemprop=\"image\" loading=\"lazy\"  src=\"https:\/\/www.europesays.com\/no\/wp-content\/uploads\/2025\/11\/2afd8d87-2249-4003-8b4c-aae91809959d\"  style=\"object-position:50% 50%;aspect-ratio:var(--gallery-aspect-ratio, 16 \/ 9)\"\/>Foto: Paul S. Amundsen \/ NTB<\/li>\n<li class=\"_item_1qa3s_37\" data-index=\"1\"><img decoding=\"async\" class=\"_image_foru8_23 _articleGallery_foru8_39\" data-fullscreen- width=\"2117\" height=\"1412\" itemprop=\"image\" loading=\"lazy\"  src=\"https:\/\/www.europesays.com\/no\/wp-content\/uploads\/2025\/11\/c450d242-8cb0-4118-9f5c-74819fadb52d\"  style=\"object-position:50% 50%;aspect-ratio:var(--gallery-aspect-ratio, 16 \/ 9)\"\/>Foto: Paul S. Amundsen \/ NTB<\/li>\n<li class=\"_item_1qa3s_37\" data-index=\"2\"><img decoding=\"async\" class=\"_image_foru8_23 _articleGallery_foru8_39\" data-fullscreen- width=\"3383\" height=\"2256\" itemprop=\"image\" loading=\"lazy\"  src=\"https:\/\/www.europesays.com\/no\/wp-content\/uploads\/2025\/11\/77308088-4b1a-479d-831e-68e9cbd93457\"  style=\"object-position:50% 50%;aspect-ratio:var(--gallery-aspect-ratio, 16 \/ 9)\"\/>Foto: Trond R. Teigen \/ NTB<\/li>\n<li class=\"_item_1qa3s_37\" data-index=\"3\"><img decoding=\"async\" class=\"_image_foru8_23 _articleGallery_foru8_39\" data-fullscreen- width=\"4256\" height=\"2837\" itemprop=\"image\" loading=\"lazy\"  src=\"https:\/\/www.europesays.com\/no\/wp-content\/uploads\/2025\/11\/29a994d9-2476-41cd-b602-0ffd0109b0a0\"  style=\"object-position:50% 50%;aspect-ratio:var(--gallery-aspect-ratio, 16 \/ 9)\"\/>Foto: Trond R. Teigen \/ NTB<\/li>\n<\/ul>\n<p>Foto: Paul S. Amundsen \/ NTB<\/p>\n","protected":false},"excerpt":{"rendered":"Glimt leverte en skikkelig m\u00e5lfest i kampen de \u00abm\u00e5tte\u00bb vinne mot bunnlaget Bryne. Foto: Mats Torbergsen \/ NTB&hellip;\n","protected":false},"author":2,"featured_media":82782,"comment_status":"","ping_status":"","sticky":false,"template":"","format":"standard","meta":{"footnotes":""},"categories":[59],"tags":[517,2043,134,92,30,28,29,83,82],"class_list":{"0":"post-82781","1":"post","2":"type-post","3":"status-publish","4":"format-standard","5":"has-post-thumbnail","7":"category-sport","8":"tag-bodo-glimt","9":"tag-bryne-fk","10":"tag-eliteserien","11":"tag-fotball","12":"tag-no","13":"tag-norge","14":"tag-norway","15":"tag-sport","16":"tag-sports"},"share_on_mastodon":{"url":"https:\/\/pubeurope.com\/@no\/115521588163916678","error":""},"_links":{"self":[{"href":"https:\/\/www.europesays.com\/no\/wp-json\/wp\/v2\/posts\/82781","targetHints":{"allow":["GET"]}}],"collection":[{"href":"https:\/\/www.europesays.com\/no\/wp-json\/wp\/v2\/posts"}],"about":[{"href":"https:\/\/www.europesays.com\/no\/wp-json\/wp\/v2\/types\/post"}],"author":[{"embeddable":true,"href":"https:\/\/www.europesays.com\/no\/wp-json\/wp\/v2\/users\/2"}],"replies":[{"embeddable":true,"href":"https:\/\/www.europesays.com\/no\/wp-json\/wp\/v2\/comments?post=82781"}],"version-history":[{"count":0,"href":"https:\/\/www.europesays.com\/no\/wp-json\/wp\/v2\/posts\/82781\/revisions"}],"wp:featuredmedia":[{"embeddable":true,"href":"https:\/\/www.europesays.com\/no\/wp-json\/wp\/v2\/media\/82782"}],"wp:attachment":[{"href":"https:\/\/www.europesays.com\/no\/wp-json\/wp\/v2\/media?parent=82781"}],"wp:term":[{"taxonomy":"category","embeddable":true,"href":"https:\/\/www.europesays.com\/no\/wp-json\/wp\/v2\/categories?post=82781"},{"taxonomy":"post_tag","embeddable":true,"href":"https:\/\/www.europesays.com\/no\/wp-json\/wp\/v2\/tags?post=82781"}],"curies":[{"name":"wp","href":"https:\/\/api.w.org\/{rel}","templated":true}]}}