{"id":82785,"date":"2025-11-09T20:24:21","date_gmt":"2025-11-09T20:24:21","guid":{"rendered":"https:\/\/www.europesays.com\/no\/82785\/"},"modified":"2025-11-09T20:24:21","modified_gmt":"2025-11-09T20:24:21","slug":"mann-sparket-og-slatt-etter-markering-av-krystallnatten","status":"publish","type":"post","link":"https:\/\/www.europesays.com\/no\/82785\/","title":{"rendered":"Mann sparket og sl\u00e5tt etter markering av Krystallnatten"},"content":{"rendered":"\n<p class=\"_lead_o9xde_2 _lead_xtcu6_50 layout-component text-serif-m layout-normal text-serif-l layout-component layout-wide layout-padded _wide_17hqh_1 layout-padded\"> Mannen skal ha b\u00e5ret det israelske flagget da han ble utsatt for vold. <\/p>\n<p>Aktiver kart<\/p>\n<ul aria-hidden=\"true\" class=\"_images_18f0k_111\">\n<li><a class=\"_link_18f0k_116\" href=\"https:\/\/www.vg.no\/forfatter\/hedda-kurseth\" style=\"z-index:1\" title=\"Hedda Kurseth\" rel=\"nofollow noopener\" target=\"_blank\"><img alt=\"Bilde av Hedda Kurseth\" class=\"_image_18f0k_93\" fetchpriority=\"low\" loading=\"lazy\" decoding=\"async\" itemprop=\"image\"  src=\"https:\/\/www.europesays.com\/no\/wp-content\/uploads\/2025\/11\/1762719859_21_b6ad06ce-2f4e-4492-9dd9-7cfbdae81f6d\"  width=\"480\"\/><\/a><\/li>\n<\/ul>\n<p> Oppdatert s\u00f8ndag 9. november kl. 19:24     <\/p>\n<p class=\"_paragraph_o9xde_4 _paragraph_xtcu6_10 layout-component text-serif-m layout-normal text-serif-m layout-padded\">Hendelsen skjedde etter markeringen av Krystallnatten i Sarpsborg. <\/p>\n<p class=\"_paragraph_o9xde_4 _paragraph_xtcu6_10 layout-component text-serif-m layout-normal text-serif-m layout-padded\">\u2013 Det var tre menn som tuslet gjennom g\u00e5gaten etter markeringen. Den ene bar p\u00e5 et israelsk flagg, sier politiets operasjonsleder H\u00e5kon Hatlen. <\/p>\n<p class=\"_paragraph_o9xde_4 _paragraph_xtcu6_10 layout-component text-serif-m layout-normal text-serif-m layout-padded\">\u2013 Uten forvarsel ble flaggb\u00e6rer angrepet av to fremmede menn som sparket og slo. <\/p>\n<p class=\"_paragraph_o9xde_4 _paragraph_xtcu6_10 layout-component text-serif-m layout-normal text-serif-m layout-padded\">Mannen som ble angrepet bar det israelske flagget. Politiet opplyser om at det ble ropt skjellsord etter ham. <\/p>\n<p class=\"_paragraph_o9xde_4 _paragraph_xtcu6_10 layout-component text-serif-m layout-normal text-serif-m layout-padded\">\u2013 Forn\u00e6rmede ble ikke alvorlig skadet som f\u00f8lge av det, men naturlig nok skremt og oppr\u00f8rt, sier Hatlen. <\/p>\n<p><img alt=\"Alternativ markeringen av Krystallnatten ved synagogen til Det Mosaiske Trossamfunn i Oslo.  Foto: Stian Lysberg Solum \/ NTB\" class=\"_image_qp4xg_65 layout-component layout-normal\" data-fullscreen- data-track-element-type=\"Article image fullscreen\" data-track-name=\"ImageFullscreen\" decoding=\"async\" loading=\"lazy\" height=\"5760\" itemprop=\"image\"  src=\"https:\/\/www.europesays.com\/no\/wp-content\/uploads\/2025\/11\/a9b13aa6-b3a5-4676-91fa-3df2f45ce689\"  style=\"object-position:0% 0%\" width=\"8640\"\/>Alternativ markeringen av Krystallnatten ved synagogen til Det Mosaiske Trossamfunn i Oslo.  Foto: Stian Lysberg Solum \/ NTB<\/p>\n<p class=\"_paragraph_o9xde_4 _paragraph_xtcu6_10 layout-component text-serif-m layout-normal text-serif-m layout-padded\">Gode vitneobservasjonen gjorde at politiet var klar over gjerningspersonenes identitet og fikk tak i en av dem. <\/p>\n<p class=\"_paragraph_o9xde_4 _paragraph_xtcu6_10 layout-component text-serif-m layout-normal text-serif-m layout-padded\">\u2013 Han ene er avh\u00f8rt og dimittert, sier Hatlen. <\/p>\n<p class=\"_paragraph_o9xde_4 _paragraph_xtcu6_10 layout-component text-serif-m layout-normal text-serif-m layout-padded\">Med bakgrunn i hans forklaring besluttet politiet at det ikke var gjentagelsesfare eller bevisforspillelsesfare. <\/p>\n<p class=\"_paragraph_o9xde_4 _paragraph_xtcu6_10 layout-component text-serif-m layout-normal text-serif-m layout-padded\">\u2013 Han knyttet seg til handlingen. <\/p>\n<p class=\"_paragraph_o9xde_4 _paragraph_xtcu6_10 layout-component text-serif-m layout-normal text-serif-m layout-padded\">Politiet kjenner ikke til motivet, sier operasjonslederen. <\/p>\n<p class=\"_paragraph_o9xde_4 _paragraph_xtcu6_10 layout-component text-serif-m layout-normal text-serif-m layout-padded\">De leter n\u00e5 etter den andre gjerningspersonen. <\/p>\n<p>Markeringer flere steder i landet<\/p>\n<p class=\"_paragraph_o9xde_4 _paragraph_xtcu6_10 layout-component text-serif-m layout-normal text-serif-m layout-padded\">Krystallnatten blir markert hvert \u00e5r 9. november. <\/p>\n<p class=\"_paragraph_o9xde_4 _paragraph_xtcu6_10 layout-component text-serif-m layout-normal text-serif-m layout-padded\">Hendelsen blir ogs\u00e5 kalt novemberpogromen. Omtrent 7000 j\u00f8diske forretninger og boliger i Tyskland ble \u00f8delagt 9. og 10. november 1938. D\u00f8dstallene har variert, men det antas at minst 91 personer ble drept.<\/p>\n<p class=\"_paragraph_o9xde_4 _paragraph_xtcu6_10 layout-component text-serif-m layout-normal text-serif-m layout-padded\">Statsminister Jonas Gahr St\u00f8re (Ap) holdt tale foran Stortinget i Oslo sentrum. Der var han tydelig p\u00e5 at vi m\u00e5 l\u00e6re av Krystallnatten, og se etter faresignaler som forskjellsbehandling, trakassering og hatytringer.<\/p>\n<p><img alt=\"Foto: Stian Lysberg Solum \/ NTB\" class=\"_image_qp4xg_65 layout-component layout-normal\" data-fullscreen- data-track-element-type=\"Article image fullscreen\" data-track-name=\"ImageFullscreen\" decoding=\"async\" loading=\"lazy\" height=\"5760\" itemprop=\"image\"  src=\"https:\/\/www.europesays.com\/no\/wp-content\/uploads\/2025\/11\/f38a8fa0-4ad8-4a05-840d-b23f24965054\"  style=\"object-position:0% 0%\" width=\"8640\"\/>Foto: Stian Lysberg Solum \/ NTB<\/p>\n<p class=\"_paragraph_o9xde_4 _paragraph_xtcu6_10 layout-component text-serif-m layout-normal text-serif-m layout-padded\">\u2013 Jeg vil ogs\u00e5 si at det er et faresignal at mange norske j\u00f8der tydelig sier at de ikke \u00f8nsker \u00e5 v\u00e6re her i dag.<\/p>\n<p class=\"_paragraph_o9xde_4 _paragraph_xtcu6_10 layout-component text-serif-m layout-normal text-serif-m layout-padded\">Med dette viser St\u00f8re trolig til at Det Mosaiske Trossamfund i Oslo og Det j\u00f8diske samfunn i Trondheim nylig br\u00f8t samarbeidet med Antirasistisk Senter fordi de mener noe av innholdet i deres markering er j\u00f8defiendtlig.<\/p>\n<p class=\"_paragraph_o9xde_4 _paragraph_xtcu6_10 layout-component text-serif-m layout-normal text-serif-m layout-padded\">St\u00f8re understreket at hatefulle ytringer mot alle grupper er ulovlig.<\/p>\n<p class=\"_paragraph_o9xde_4 _paragraph_xtcu6_10 layout-component text-serif-m layout-normal text-serif-m layout-padded\">\u2013 Det kan oppleves vanskelig \u00e5 utrydde et onde \u2013 som rasisme \u2013 for evig og alltid. Men vi kan alle gj\u00f8re en innsats for ikke \u00e5 la slike forestillinger og holdninger f\u00e5 gro og vokse. Og samtidig: Vi kan oppfordre til ikke \u00e5 gjengjelde hat med mer hat, sa han videre.<\/p>\n<p>    <img decoding=\"async\" alt=\"Tips oss illustrasjon\" src=\"https:\/\/www.europesays.com\/no\/wp-content\/uploads\/2025\/10\/pssst-small.webp.webp\"\/>    <\/p>\n<p class=\"title-serif-s\">Har du tips?<\/p>\n<p class=\"text-sans-m\">Send oss informasjon, bilder eller video.<\/p>\n<p>  <a href=\"https:\/\/www.vg.no\/tips-oss\" rel=\"nofollow noopener\" target=\"_blank\"> Tips oss <\/a>      <\/p>\n","protected":false},"excerpt":{"rendered":"Mannen skal ha b\u00e5ret det israelske flagget da han ble utsatt for vold. Aktiver kart Oppdatert s\u00f8ndag 9.&hellip;\n","protected":false},"author":2,"featured_media":82786,"comment_status":"","ping_status":"","sticky":false,"template":"","format":"standard","meta":{"footnotes":""},"categories":[5],"tags":[31,20,21,24,25,15,19,22,23,17,18,13,30,28,29,14,16,26,27],"class_list":{"0":"post-82785","1":"post","2":"type-post","3":"status-publish","4":"format-standard","5":"has-post-thumbnail","7":"category-overskrifter","8":"tag-breaking","9":"tag-breaking-news","10":"tag-breakingnews","11":"tag-featured-news","12":"tag-featurednews","13":"tag-headlines","14":"tag-hovedoppslag","15":"tag-latest-news","16":"tag-latestnews","17":"tag-main-news","18":"tag-mainnews","19":"tag-news","20":"tag-no","21":"tag-norge","22":"tag-norway","23":"tag-nyheter","24":"tag-overskrifter","25":"tag-top-stories","26":"tag-topstories"},"share_on_mastodon":{"url":"https:\/\/pubeurope.com\/@no\/115521615872384223","error":""},"_links":{"self":[{"href":"https:\/\/www.europesays.com\/no\/wp-json\/wp\/v2\/posts\/82785","targetHints":{"allow":["GET"]}}],"collection":[{"href":"https:\/\/www.europesays.com\/no\/wp-json\/wp\/v2\/posts"}],"about":[{"href":"https:\/\/www.europesays.com\/no\/wp-json\/wp\/v2\/types\/post"}],"author":[{"embeddable":true,"href":"https:\/\/www.europesays.com\/no\/wp-json\/wp\/v2\/users\/2"}],"replies":[{"embeddable":true,"href":"https:\/\/www.europesays.com\/no\/wp-json\/wp\/v2\/comments?post=82785"}],"version-history":[{"count":0,"href":"https:\/\/www.europesays.com\/no\/wp-json\/wp\/v2\/posts\/82785\/revisions"}],"wp:featuredmedia":[{"embeddable":true,"href":"https:\/\/www.europesays.com\/no\/wp-json\/wp\/v2\/media\/82786"}],"wp:attachment":[{"href":"https:\/\/www.europesays.com\/no\/wp-json\/wp\/v2\/media?parent=82785"}],"wp:term":[{"taxonomy":"category","embeddable":true,"href":"https:\/\/www.europesays.com\/no\/wp-json\/wp\/v2\/categories?post=82785"},{"taxonomy":"post_tag","embeddable":true,"href":"https:\/\/www.europesays.com\/no\/wp-json\/wp\/v2\/tags?post=82785"}],"curies":[{"name":"wp","href":"https:\/\/api.w.org\/{rel}","templated":true}]}}