{"id":82847,"date":"2025-11-09T21:35:23","date_gmt":"2025-11-09T21:35:23","guid":{"rendered":"https:\/\/www.europesays.com\/no\/82847\/"},"modified":"2025-11-09T21:35:23","modified_gmt":"2025-11-09T21:35:23","slug":"restaurant-mat-reinskau-kan-bli-lagt-ned-helt-i-det-bla","status":"publish","type":"post","link":"https:\/\/www.europesays.com\/no\/82847\/","title":{"rendered":"Restaurant, Mat | Reinskau kan bli lagt ned: \u2013 Helt i det bl\u00e5"},"content":{"rendered":"\n<p>Det bekrefter daglig leder \u00d8yvind Lie til RA Stavanger.<\/p>\n<p><b>\u2013 Bygget skal rives og vi skal v\u00e6re ute innen 31. januar. Det betyr at hvis vi ikke finner alternativ, skjer det ikke noe mer, sier han. <\/b><\/p>\n<p>68-\u00e5ringen har v\u00e6rt daglig leder i firmaet de siste ti \u00e5rene.<\/p>\n<p>\u2013 Det har g\u00e5tt greit. Vi har tjent penger hvert \u00e5r, sier han.<\/p>\n<p>Reinskau ble startet i 1946 av Ernst Reinskau, og het f\u00f8rst Reinskau Kafe &amp; Bilomsetning. If\u00f8lge informasjon p\u00e5 nettsidene ble det drevet med salg og reparasjon av biler i etterkrigstiden.<\/p>\n<p>Etter hvert som bilsalget tok slutt, ble Reinskau drevet som en bydelskaf\u00e9 i lokalene. I dag blir Reinskau beskrevet som et gatekj\u00f8kken med catering og mye overtidsmat.<\/p>\n<p>   <img decoding=\"async\" width=\"4032\" height=\"2268\" fetchpriority=\"low\"  loading=\"lazy\"  src=\"https:\/\/www.europesays.com\/no\/wp-content\/uploads\/2025\/11\/4aa45f22-9d70-4645-acda-f3436c01f0b7_1.jpeg\" alt=\"\" class=\"brick-c-cFOWSL\" style=\"--brick-image-ratio: 4032 \/ 2268;\"\/><\/p>\n<p>      Reinskau i Randabergveien p\u00e5 Tasta st\u00e5r i fare for \u00e5 bli lagt ned.<br \/>\n      Foto: Kirsten H\u00e5land\n    <\/p>\n<p>Ekteparet Mike og Daria fra Polen har v\u00e6rt ansvarlige for matlagingen de ti siste \u00e5rene.<\/p>\n<p><b>\u2013 Det er de som har gjort alt arbeidet. De har v\u00e6rt kjempegode! Mike har laget komler p\u00e5 norsk vis, skryter den daglige lederen. <\/b><\/p>\n<p> \u2013 Kan det v\u00e6re mulig \u00e5 finne andre lokaler?<\/p>\n<p>\u2013 Ja, hvis det dukker opp noe interessant, kan det v\u00e6re muligheter. Men det er helt i det bl\u00e5, svarer Lie, og legger til at hoveddelen av kundene holder til p\u00e5 basen og p\u00e5 Mekjarvik.<\/p>\n<p>\u00d8yvind Lie sier at han har holdt p\u00e5 i bransjen i 45 \u00e5r og at han n\u00e5 er pensjonist. P\u00e5 sp\u00f8rsm\u00e5l om det er blitt en livsstil, svarer han ja.<\/p>\n<p>\u2013 Parallelt har jeg hatt Patrioten Bistro i Hillev\u00e5g, som jeg solgte for tre \u00e5r siden, sier han.<\/p>\n","protected":false},"excerpt":{"rendered":"Det bekrefter daglig leder \u00d8yvind Lie til RA Stavanger. \u2013 Bygget skal rives og vi skal v\u00e6re ute&hellip;\n","protected":false},"author":2,"featured_media":82848,"comment_status":"","ping_status":"","sticky":false,"template":"","format":"standard","meta":{"footnotes":""},"categories":[10],"tags":[36,20,21,24,25,15,4097,22,23,737,13,30,28,29,14,16,172,1510,26,27],"class_list":{"0":"post-82847","1":"post","2":"type-post","3":"status-publish","4":"format-standard","5":"has-post-thumbnail","7":"category-norge","8":"tag-art","9":"tag-breaking-news","10":"tag-breakingnews","11":"tag-featured-news","12":"tag-featurednews","13":"tag-headlines","14":"tag-kafe","15":"tag-latest-news","16":"tag-latestnews","17":"tag-mat","18":"tag-news","19":"tag-no","20":"tag-norge","21":"tag-norway","22":"tag-nyheter","23":"tag-overskrifter","24":"tag-restaurant","25":"tag-story","26":"tag-top-stories","27":"tag-topstories"},"share_on_mastodon":{"url":"https:\/\/pubeurope.com\/@no\/115521894960954247","error":""},"_links":{"self":[{"href":"https:\/\/www.europesays.com\/no\/wp-json\/wp\/v2\/posts\/82847","targetHints":{"allow":["GET"]}}],"collection":[{"href":"https:\/\/www.europesays.com\/no\/wp-json\/wp\/v2\/posts"}],"about":[{"href":"https:\/\/www.europesays.com\/no\/wp-json\/wp\/v2\/types\/post"}],"author":[{"embeddable":true,"href":"https:\/\/www.europesays.com\/no\/wp-json\/wp\/v2\/users\/2"}],"replies":[{"embeddable":true,"href":"https:\/\/www.europesays.com\/no\/wp-json\/wp\/v2\/comments?post=82847"}],"version-history":[{"count":0,"href":"https:\/\/www.europesays.com\/no\/wp-json\/wp\/v2\/posts\/82847\/revisions"}],"wp:featuredmedia":[{"embeddable":true,"href":"https:\/\/www.europesays.com\/no\/wp-json\/wp\/v2\/media\/82848"}],"wp:attachment":[{"href":"https:\/\/www.europesays.com\/no\/wp-json\/wp\/v2\/media?parent=82847"}],"wp:term":[{"taxonomy":"category","embeddable":true,"href":"https:\/\/www.europesays.com\/no\/wp-json\/wp\/v2\/categories?post=82847"},{"taxonomy":"post_tag","embeddable":true,"href":"https:\/\/www.europesays.com\/no\/wp-json\/wp\/v2\/tags?post=82847"}],"curies":[{"name":"wp","href":"https:\/\/api.w.org\/{rel}","templated":true}]}}