{"id":82858,"date":"2025-11-09T21:45:14","date_gmt":"2025-11-09T21:45:14","guid":{"rendered":"https:\/\/www.europesays.com\/no\/82858\/"},"modified":"2025-11-09T21:45:14","modified_gmt":"2025-11-09T21:45:14","slug":"hilary-duff-bryter-tausheten-om-soskenfeide-og-lanserer-ny-musikk","status":"publish","type":"post","link":"https:\/\/www.europesays.com\/no\/82858\/","title":{"rendered":"Hilary Duff bryter tausheten om s\u00f8skenfeide og lanserer ny musikk"},"content":{"rendered":"<p class=\"kicker \" style=\"\">Hilary Duff:\u00a0<\/p>\n<p>  Etter flere \u00e5r med spekulasjoner om en bitter s\u00f8skenstrid, \u00e5pner stjernen endelig opp om det hun selv omtaler som \u00abfamiliedrama\u00bb.<\/p>\n<p>\n    S\u00d8STRE: Hilary Duff og s\u00f8steren Haylie Duff sammen p\u00e5 en filmpremiere i 2006. Foto: Dave Allocca\/Starpix\/REX via NTB\n  <\/p>\n<p> Den amerikanske skuespilleren\u00a0<a href=\"https:\/\/www.seher.no\/kjendis\/nakenbildene-far-reaksjoner\/76091688\" rel=\"nofollow noopener\" target=\"_blank\">Hilary Duff (38)<\/a>\u00a0fikk sitt store gjennombrudd allerede i 2001 i rollen som Lizzie McGuire, i TV-serien med samme navn. <\/p>\n<p>    <a itemprop=\"url\" href=\"https:\/\/www.seher.no\/kjendis\/tar-oppgjor-med-barndommen\/83795497\" rel=\"nofollow noopener\" target=\"_blank\"><\/p>\n<p>      <img loading=\"lazy\" decoding=\"async\" src=\"https:\/\/www.europesays.com\/no\/wp-content\/uploads\/2025\/11\/83790605.webp\" width=\"980\" height=\"441\" title=\"Tar oppgj\u00f8r med barndommen\" alt=\"\" class=\"lazyload\" style=\"--aspect-ratio-image: 2.22; \"\/><\/p>\n<p>        Tar oppgj\u00f8r med barndommen<\/p>\n<p>    <\/a><\/p>\n<p>I et nytt intervju med <a href=\"https:\/\/www.rollingstone.com\/music\/music-news\/hilary-duff-new-music-mature-1235460612\/\" rel=\"nofollow noopener\" target=\"_blank\">Rolling Stone<\/a>, i forbindelse med lanseringen av sin f\u00f8rste l\u00e5t p\u00e5 over ti \u00e5r, forteller popstjernen at hun n\u00e5 er klar til \u00e5 v\u00e6re mer \u00e5pen med fansen og \u00abfylle inn hullene\u00bb.<\/p>\n<p>          <img loading=\"lazy\" decoding=\"async\" src=\"https:\/\/www.europesays.com\/no\/wp-content\/uploads\/2025\/11\/83828287.webp\" width=\"686\" height=\"446\" title=\"NY L\u00c5T: Skuespilleren og sangeren slapp nylig sin f\u00f8rste l\u00e5t p\u00e5 over ti \u00e5r. Foto: Matt Baron\/Shutterstock\/NTB\" alt=\"\" class=\"\" style=\"--aspect-ratio-image: 1.54; filter: brightness(1.25);\"\/><\/p>\n<p>\n          NY L\u00c5T: Skuespilleren og sangeren slapp nylig sin f\u00f8rste l\u00e5t p\u00e5 over ti \u00e5r. Foto: Matt Baron\/Shutterstock\/NTB\n      <\/p>\n<p class=\"font-weight-bold m-font-weight-bold\" data-lab-font_weight=\"font-weight-bold\">&#8211; Vi har g\u00e5tt gjennom mye av det samme &#8211; enten det handler om kompliserte forhold, angst, barn, skilsmisser, det \u00e5 finne seg selv som voksen eller familiedrama, sier Hilary.<\/p>\n<p>    <a itemprop=\"url\" href=\"https:\/\/www.seher.no\/kjendis\/klinte-til-med-ny-kjaereste\/83813896\" rel=\"nofollow noopener\" target=\"_blank\"><\/p>\n<p>      <img loading=\"lazy\" decoding=\"async\" src=\"https:\/\/www.europesays.com\/no\/wp-content\/uploads\/2025\/11\/83813918.webp\" width=\"147\" height=\"98\" title=\"Klinte til med ny kj\u00e6reste\" alt=\"\" class=\"lazyload\" style=\"--aspect-ratio-image: 1.50; \"\/><\/p>\n<p>        Klinte til med ny kj\u00e6reste<\/p>\n<p>    <\/a><\/p>\n<p>Hun fortsetter:<\/p>\n<p class=\"font-weight-normal m-font-weight-normal\" data-lab-font_weight=\"font-weight-normal\">&#8211; Jeg f\u00f8ler meg endelig klar til \u00e5 snakke \u00e5pent, knytte b\u00e5nd med folk og m\u00f8te dem der jeg er i livet n\u00e5, forteller hun.<\/p>\n<p>          <img loading=\"lazy\" decoding=\"async\" src=\"https:\/\/www.europesays.com\/no\/wp-content\/uploads\/2025\/11\/83828282.webp\" width=\"686\" height=\"536\" title=\"KRANGEL: De to s\u00f8strene skal angivelig ha hatt lite kontakt de siste \u00e5rene p\u00e5 grunn av en krangel. Foto: Paul Hawthorne\/Starpix\/REX\/NTB\" alt=\"\" class=\"\" style=\"--aspect-ratio-image: 1.28; \"\/><\/p>\n<p>\n          KRANGEL: De to s\u00f8strene skal angivelig ha hatt lite kontakt de siste \u00e5rene p\u00e5 grunn av en krangel. Foto: Paul Hawthorne\/Starpix\/REX\/NTB\n      <\/p>\n<p class=\"font-weight-normal m-font-weight-normal\" data-lab-font_weight=\"font-weight-normal\"> Sangeren g\u00e5r ikke i detalj om hva slags familiedrama hun sikter til, men uttalelsen kommer etter at fans i en \u00e5rrekke har spekulert p\u00e5 at det er d\u00e5rlig stemning mellom henne og s\u00f8steren. <\/p>\n<p>Hilary og stores\u00f8steren Haylie Duff (40), som tidligere har v\u00e6rt sv\u00e6rt n\u00e6rme hverandre, har ikke blitt fotografert sammen offentlig siden 2019.\u00a0<\/p>\n<p>        SJOKKERT: Tale Torjussen og Trygve Bennetsen ble tatt p\u00e5 senga av sjokkbeskjeden. Reporter: Nora Skavhaug. Video: Thea Hope.<\/p>\n<p class=\"font-weight-bold m-font-weight-bold\" data-lab-font_weight=\"font-weight-bold\">Det ser heller ikke ut til at s\u00f8strene har kontakt p\u00e5 sosiale medier.<\/p>\n<p>Kjendisbloggen <a href=\"https:\/\/www.deuxmoi.world\/\" rel=\"nofollow noopener\" target=\"_blank\">DeuxMoi<\/a> har tidligere hevdet at s\u00f8strene skal ha kranglet om Hilarys ektemann, Matthew Koma (38). Han skal angivelig ikke ha kommet overens med Haylie eller hennes forlovede, Matthew Rosenberg (51).<\/p>\n<p>          <img loading=\"lazy\" decoding=\"async\" src=\"https:\/\/www.europesays.com\/no\/wp-content\/uploads\/2025\/11\/83828289.webp\" width=\"686\" height=\"858\" title=\"UADSKILLIG: S\u00f8strene var tidligere uadskillig, men n\u00e5 har de angivelig lite kontakt. Her sammen p\u00e5 et event i 2004. Foto: Erik Pendzich\/REX\/NTB\" alt=\"\" class=\"\" style=\"--aspect-ratio-image: 0.80; \"\/><\/p>\n<p>\n          UADSKILLIG: S\u00f8strene var tidligere uadskillig, men n\u00e5 har de angivelig lite kontakt. Her sammen p\u00e5 et event i 2004. Foto: Erik Pendzich\/REX\/NTB\n      <\/p>\n<p>Fredag slapp Hilary l\u00e5ten \u00abMature\u00bb, hennes f\u00f8rste singel p\u00e5 ti \u00e5r. I intervjuet beskriver hun sangen som en samtale med sitt yngre \u00abjeg\u00bb:\u00a0<\/p>\n<p>&#8211; Det handler om \u00e5 se tilbake, akseptere det som har v\u00e6rt, og kunne le litt av det, samtidig som man finner fred med hvor man har endt opp, forteller hun kryptisk.\u00a0<\/p>\n<p>    <a itemprop=\"url\" href=\"https:\/\/www.seher.no\/kjendis\/avslorte-gladnyhet\/83667024\" rel=\"nofollow noopener\" target=\"_blank\"><\/p>\n<p>      <img loading=\"lazy\" decoding=\"async\" src=\"https:\/\/www.europesays.com\/no\/wp-content\/uploads\/2025\/11\/1762724714_95_83666987.webp\" width=\"147\" height=\"98\" title=\"Avsl\u00f8rte gladnyhet\" alt=\"\" class=\"lazyload\" style=\"--aspect-ratio-image: 1.50; \"\/><\/p>\n<p>        Avsl\u00f8rte gladnyhet<\/p>\n<p>    <\/a><\/p>\n<p> Om sangeren n\u00e5 er klar for \u00e5 lette p\u00e5 sl\u00f8ret om feiden med s\u00f8steren, gjenst\u00e5r \u00e5 se.<\/p>\n","protected":false},"excerpt":{"rendered":"Hilary Duff:\u00a0 Etter flere \u00e5r med spekulasjoner om en bitter s\u00f8skenstrid, \u00e5pner stjernen endelig opp om det hun&hellip;\n","protected":false},"author":2,"featured_media":82859,"comment_status":"","ping_status":"","sticky":false,"template":"","format":"standard","meta":{"footnotes":""},"categories":[58],"tags":[71,11158,10402,479,2543,30,28,29,72],"class_list":{"0":"post-82858","1":"post","2":"type-post","3":"status-publish","4":"format-standard","5":"has-post-thumbnail","7":"category-underholdning","8":"tag-entertainment","9":"tag-haylie-duff","10":"tag-hilary-duff","11":"tag-kjendis","12":"tag-kjendisdesken","13":"tag-no","14":"tag-norge","15":"tag-norway","16":"tag-underholdning"},"share_on_mastodon":{"url":"https:\/\/pubeurope.com\/@no\/115521934123746724","error":""},"_links":{"self":[{"href":"https:\/\/www.europesays.com\/no\/wp-json\/wp\/v2\/posts\/82858","targetHints":{"allow":["GET"]}}],"collection":[{"href":"https:\/\/www.europesays.com\/no\/wp-json\/wp\/v2\/posts"}],"about":[{"href":"https:\/\/www.europesays.com\/no\/wp-json\/wp\/v2\/types\/post"}],"author":[{"embeddable":true,"href":"https:\/\/www.europesays.com\/no\/wp-json\/wp\/v2\/users\/2"}],"replies":[{"embeddable":true,"href":"https:\/\/www.europesays.com\/no\/wp-json\/wp\/v2\/comments?post=82858"}],"version-history":[{"count":0,"href":"https:\/\/www.europesays.com\/no\/wp-json\/wp\/v2\/posts\/82858\/revisions"}],"wp:featuredmedia":[{"embeddable":true,"href":"https:\/\/www.europesays.com\/no\/wp-json\/wp\/v2\/media\/82859"}],"wp:attachment":[{"href":"https:\/\/www.europesays.com\/no\/wp-json\/wp\/v2\/media?parent=82858"}],"wp:term":[{"taxonomy":"category","embeddable":true,"href":"https:\/\/www.europesays.com\/no\/wp-json\/wp\/v2\/categories?post=82858"},{"taxonomy":"post_tag","embeddable":true,"href":"https:\/\/www.europesays.com\/no\/wp-json\/wp\/v2\/tags?post=82858"}],"curies":[{"name":"wp","href":"https:\/\/api.w.org\/{rel}","templated":true}]}}