{"id":82881,"date":"2025-11-09T22:14:14","date_gmt":"2025-11-09T22:14:14","guid":{"rendered":"https:\/\/www.europesays.com\/no\/82881\/"},"modified":"2025-11-09T22:14:14","modified_gmt":"2025-11-09T22:14:14","slug":"sebastian-solberg-tilbrakte-farsdagen-pa-baerum-sykehus-etter-skade-2","status":"publish","type":"post","link":"https:\/\/www.europesays.com\/no\/82881\/","title":{"rendered":"Sebastian Solberg tilbrakte farsdagen p\u00e5 B\u00e6rum sykehus etter skade"},"content":{"rendered":"<p class=\"kicker \" style=\"\">Sebastian Solberg:<\/p>\n<p>  Influenserens farsdag gikk ikke som forventet.\u00a0<\/p>\n<p>\n    VONDT I BEINA: Sebastian Solberg deler oppdatering fra sykesengen. Foto: Andreas Fadum\/Se og H\u00f8r\n  <\/p>\n<p>Influenser og TV-profil\u00a0<a href=\"https:\/\/www.seher.no\/kjendis\/ville-gjore-eksen-min-sjalu\/83636038\" rel=\"nofollow noopener\" target=\"_blank\">Sebastian Solberg (34)<\/a> har tilbrakt farsdagen p\u00e5 B\u00e6rum sykehus.\u00a0<\/p>\n<p>    <a itemprop=\"url\" href=\"https:\/\/www.seher.no\/kjendis\/storste-jeg-har-opplevd\/83829003\" rel=\"nofollow noopener\" target=\"_blank\"><\/p>\n<p>      <img loading=\"lazy\" decoding=\"async\" src=\"https:\/\/www.europesays.com\/no\/wp-content\/uploads\/2025\/11\/83828969.webp\" width=\"980\" height=\"441\" title=\"- St\u00f8rste jeg har opplevd\" alt=\"\" class=\"lazyload\" style=\"--aspect-ratio-image: 2.22; \"\/><\/p>\n<p>        &#8211; St\u00f8rste jeg har opplevd<\/p>\n<p>    <\/a><\/p>\n<p>Det deler han p\u00e5 <a href=\"https:\/\/www.instagram.com\/p\/DQ2O2_9jcD2\/?img_index=1\" rel=\"nofollow noopener\" target=\"_blank\">Instagram<\/a>.\u00a0<\/p>\n<p>\u00abM\u00e5 vel bare v\u00e6re \u00e6rlig p\u00e5 at jeg har hatt en bedre farsdag enn denne. Begge sideleddb\u00e5ndene trolig r\u00f8ket. Startet dagen i ambulanse og har hengt p\u00e5 B\u00e6rum sykehus siden. M\u00e5 avlyse en jobbreise og et annet jobboppdrag jeg hadde gledet meg sykt til, og j\u00e6skla vondt i begge beina\u00bb, skriver Solberg.\u00a0<\/p>\n<p> Solberg skriver videre p\u00e5 Instagram at det kjipeste av alt er at han n\u00e5 ikke klarer \u00e5 v\u00e6re alene med sine fire barn, noe som gj\u00f8r at han m\u00e5 v\u00e6re borte fra dem enda lenger. <\/p>\n<p>    <a itemprop=\"url\" href=\"https:\/\/www.seher.no\/kjendis\/lider-av-konstant-darlig-samvittighet\/83803597\" rel=\"nofollow noopener\" target=\"_blank\"><\/p>\n<p>      <img loading=\"lazy\" decoding=\"async\" src=\"https:\/\/www.europesays.com\/no\/wp-content\/uploads\/2025\/11\/83803828.webp\" width=\"980\" height=\"441\" title=\"Lider av konstant d\u00e5rlig samvittighet\" alt=\"\" class=\"lazyload\" style=\"--aspect-ratio-image: 2.22; \"\/><\/p>\n<p>        Lider av konstant d\u00e5rlig samvittighet<\/p>\n<p>    <\/a><\/p>\n<p>Til Se og H\u00f8r sier influenseren at beina gj\u00f8r\u00a0\u00absykt vondt\u00bb.\u00a0<\/p>\n<p>&#8211; Men det kjipeste er at jeg ikke kan henge med barna p\u00e5 noen dager n\u00e5. Jeg er sengeliggende og alle som har sm\u00e5barn vet at det ikke g\u00e5r, spesielt n\u00e5r man er alene. Men dette skal g\u00e5 bra, og det g\u00e5r over til slutt.\u00a0<\/p>\n<p>34-\u00e5ringen har barna Noelle, Bailey, Penelope og Camilo <a href=\"https:\/\/www.seher.no\/kjendis\/bryter-tausheten\/82467776\" rel=\"nofollow noopener\" target=\"_blank\">sammen med ekskj\u00e6resten<\/a>.<\/p>\n<p>        T\u00d8FT: Sebastian Solberg \u00e5pner seg om at det siste \u00e5ret har v\u00e6rt vanskelig. Reporter: Nora Skavhaug \/ R\u00f8d L\u00f8per. Video: Danny Son Ngoc To. <\/p>\n<p> Til <a href=\"https:\/\/www.vg.no\/rampelys\/i\/kwqy0j\/sebastian-solberg-endte-paa-sykehus\" rel=\"nofollow noopener\" target=\"_blank\">VG<\/a>\u00a0opplyser Solberg at skaden skjedde etter at han endte opp i en ufrivillig spagat hvor begge kn\u00e6rne ble vridd feil vei. <\/p>\n<p class=\"no_italic m-no_italic\" data-lab-italic=\"\">Avslutningsvis i Instagram-innlegget takker Solberg alle de hyggelige helsearbeiderne som han har v\u00e6rt i kontakt med i dag.\u00a0<\/p>\n<p>    <a itemprop=\"url\" href=\"https:\/\/www.seher.no\/kjendis\/det-er-veldig-sart\/83813776\" rel=\"nofollow noopener\" target=\"_blank\"><\/p>\n<p>      <img loading=\"lazy\" decoding=\"async\" src=\"https:\/\/www.europesays.com\/no\/wp-content\/uploads\/2025\/11\/83813803.webp\" width=\"980\" height=\"441\" title=\"- S\u00e5rt \u00e5 snakke om barndommen\" alt=\"\" class=\"lazyload\" style=\"--aspect-ratio-image: 2.22; \"\/><\/p>\n<p>        &#8211; S\u00e5rt \u00e5 snakke om barndommen<\/p>\n<p>    <\/a><\/p>\n<p class=\"no_italic m-no_italic\" data-lab-italic=\"\">\u00abSynes dere f\u00e5r ufortjent mye tyn og jeg vil gjerne skryte av og takke for den sykt viktige jobben sykepleiere, ambulansefolk, leger og alt annet helsepersonell gj\u00f8r! Dere er viktige\u00bb.\u00a0<\/p>\n<p>      <script async src=\"\/\/www.instagram.com\/embed.js\"><\/script><\/p>\n","protected":false},"excerpt":{"rendered":"Sebastian Solberg: Influenserens farsdag gikk ikke som forventet.\u00a0 VONDT I BEINA: Sebastian Solberg deler oppdatering fra sykesengen. Foto:&hellip;\n","protected":false},"author":2,"featured_media":82880,"comment_status":"","ping_status":"","sticky":false,"template":"","format":"standard","meta":{"footnotes":""},"categories":[5],"tags":[20,21,24,25,15,19,479,2543,22,23,17,18,13,30,28,29,14,16,774,26,27],"class_list":{"0":"post-82881","1":"post","2":"type-post","3":"status-publish","4":"format-standard","5":"has-post-thumbnail","7":"category-overskrifter","8":"tag-breaking-news","9":"tag-breakingnews","10":"tag-featured-news","11":"tag-featurednews","12":"tag-headlines","13":"tag-hovedoppslag","14":"tag-kjendis","15":"tag-kjendisdesken","16":"tag-latest-news","17":"tag-latestnews","18":"tag-main-news","19":"tag-mainnews","20":"tag-news","21":"tag-no","22":"tag-norge","23":"tag-norway","24":"tag-nyheter","25":"tag-overskrifter","26":"tag-sebastian-solberg","27":"tag-top-stories","28":"tag-topstories"},"share_on_mastodon":{"url":"https:\/\/pubeurope.com\/@no\/115522048156631317","error":""},"_links":{"self":[{"href":"https:\/\/www.europesays.com\/no\/wp-json\/wp\/v2\/posts\/82881","targetHints":{"allow":["GET"]}}],"collection":[{"href":"https:\/\/www.europesays.com\/no\/wp-json\/wp\/v2\/posts"}],"about":[{"href":"https:\/\/www.europesays.com\/no\/wp-json\/wp\/v2\/types\/post"}],"author":[{"embeddable":true,"href":"https:\/\/www.europesays.com\/no\/wp-json\/wp\/v2\/users\/2"}],"replies":[{"embeddable":true,"href":"https:\/\/www.europesays.com\/no\/wp-json\/wp\/v2\/comments?post=82881"}],"version-history":[{"count":0,"href":"https:\/\/www.europesays.com\/no\/wp-json\/wp\/v2\/posts\/82881\/revisions"}],"wp:featuredmedia":[{"embeddable":true,"href":"https:\/\/www.europesays.com\/no\/wp-json\/wp\/v2\/media\/82880"}],"wp:attachment":[{"href":"https:\/\/www.europesays.com\/no\/wp-json\/wp\/v2\/media?parent=82881"}],"wp:term":[{"taxonomy":"category","embeddable":true,"href":"https:\/\/www.europesays.com\/no\/wp-json\/wp\/v2\/categories?post=82881"},{"taxonomy":"post_tag","embeddable":true,"href":"https:\/\/www.europesays.com\/no\/wp-json\/wp\/v2\/tags?post=82881"}],"curies":[{"name":"wp","href":"https:\/\/api.w.org\/{rel}","templated":true}]}}