{"id":82951,"date":"2025-11-10T02:03:08","date_gmt":"2025-11-10T02:03:08","guid":{"rendered":"https:\/\/www.europesays.com\/no\/82951\/"},"modified":"2025-11-10T02:03:08","modified_gmt":"2025-11-10T02:03:08","slug":"slik-vil-yoshi-se-ut-i-the-super-mario-galaxy-movie","status":"publish","type":"post","link":"https:\/\/www.europesays.com\/no\/82951\/","title":{"rendered":"Slik vil Yoshi se ut i The Super Mario Galaxy Movie"},"content":{"rendered":"<p>Det er ingen stor hemmelighet at Yoshi vil dukke opp i <strong>The Super Mario Galaxy Movie<\/strong> n\u00e5r den har premiere 3. april. S\u00e5 langt har vi imidlertid ikke f\u00e5tt et glimt av hvordan han vil se ut. Mario, Luigi, Peach og kanskje s\u00e6rlig Donkey Kong gjennomgikk et stort redesign for The Super Mario Bros. Movie, s\u00e5 det har v\u00e6rt mange spekulasjoner om Yoshi.<\/p>\n<p>Men n\u00e5 kan vi slutte \u00e5 lure. Det amerikanske bakerfirmaet Pillsbury har ved et uhell (antar vi) lagt ut et bilde av kakedeig inspirert av filmen, noe som gir oss en god titt p\u00e5 den elskede dinosauren. Som du kan se i Bluesky-innlegget nedenfor, er endringene ganske sm\u00e5, men vi legger merke til at han har en skjellignende tekstur p\u00e5 huden.<\/p>\n<p>For alle som fortsatt tviler p\u00e5 at det er ekte, kan vi minne om at Old Spice ogs\u00e5 ved et uhell la ut <a href=\"https:\/\/bsky.app\/profile\/elephanttail.bsky.social\/post\/3lynsllthks2x\" target=\"_blank\" rel=\"nofollow noopener\">bilder av Yoshi<\/a> for noen m\u00e5neder siden, men den gang trodde mange at det var falskt. N\u00e5 som Pillsbury har publisert et relativt h\u00f8yoppl\u00f8selig bilde p\u00e5 nettsiden sin, som matcher det fra Old Spice, kan vi anta at det mest sannsynlig er slik Yoshi kommer til \u00e5 se ut.<\/p>\n<p>Hva synes du om film-Yoshi? Forh\u00e5pentligvis f\u00e5r vi se ham i aksjon i den f\u00f8rste traileren <a href=\"https:\/\/www.gamereactor.no\/rykte-the-super-mario-galaxy-movie-trailer-vises-for-wicked-for-good-1905933\/\" title=\"Rykte: The Super Mario Galaxy Movie-trailer vises f\u00f8r Wicked: For Good\" rel=\"nofollow noopener\" target=\"_blank\">senere denne m\u00e5neden<\/a>.<\/p>\n<blockquote class=\"bluesky-embed\" data-bluesky-uri=\"at:\/\/did:plc:knj5sw5al3sukl6vhkpi7637\/app.bsky.feed.post\/3m57xyqd4rc2c\" data-bluesky-cid=\"bafyreidvkzuf5jsne45hrocjvfrnvlco5wwirvdlm4dfq2ufrkuptb6sbe\"\/><p><img loading=\"lazy\" decoding=\"async\" id=\"img-1909803-184403\" data-fullsize=\"\/media\/44\/mariogalaxy2_bilder_184403b.jpg\" data-lazy=\"\" src=\"https:\/\/www.gamereactor.nohttps:\/\/www.gamereactor.no\/media\/44\/mariogalaxy2_bilder_184403_650x.jpg\" width=\"650\" onclick=\"if (!window.__cfRLUnblockHandlers) return false; gallery_openmodal('1909803','184403',false,'60b4471e1fb1e8e0d266d97071669ccb');\" height=\"356\" alt=\"The Super Mario Galaxy Movie\" class=\"rwd_col_content lazy\" data-cf-modified-b918531788386490f50e819e-=\"\"\/>Bilde fra Super Mario Galaxy 2.<\/p>\n","protected":false},"excerpt":{"rendered":"Det er ingen stor hemmelighet at Yoshi vil dukke opp i The Super Mario Galaxy Movie n\u00e5r den&hellip;\n","protected":false},"author":2,"featured_media":82952,"comment_status":"","ping_status":"","sticky":false,"template":"","format":"standard","meta":{"footnotes":""},"categories":[57],"tags":[30,28,29,65,63,64,66,70,69,67,68],"class_list":{"0":"post-82951","1":"post","2":"type-post","3":"status-publish","4":"format-standard","5":"has-post-thumbnail","7":"category-vitenskap-og-teknologi","8":"tag-no","9":"tag-norge","10":"tag-norway","11":"tag-science","12":"tag-science-and-technology","13":"tag-scienceandtechnology","14":"tag-technology","15":"tag-teknologi","16":"tag-vitenskap","17":"tag-vitenskap-og-teknologi","18":"tag-vitenskapteknologi"},"share_on_mastodon":{"url":"https:\/\/pubeurope.com\/@no\/115522948615986261","error":""},"_links":{"self":[{"href":"https:\/\/www.europesays.com\/no\/wp-json\/wp\/v2\/posts\/82951","targetHints":{"allow":["GET"]}}],"collection":[{"href":"https:\/\/www.europesays.com\/no\/wp-json\/wp\/v2\/posts"}],"about":[{"href":"https:\/\/www.europesays.com\/no\/wp-json\/wp\/v2\/types\/post"}],"author":[{"embeddable":true,"href":"https:\/\/www.europesays.com\/no\/wp-json\/wp\/v2\/users\/2"}],"replies":[{"embeddable":true,"href":"https:\/\/www.europesays.com\/no\/wp-json\/wp\/v2\/comments?post=82951"}],"version-history":[{"count":0,"href":"https:\/\/www.europesays.com\/no\/wp-json\/wp\/v2\/posts\/82951\/revisions"}],"wp:featuredmedia":[{"embeddable":true,"href":"https:\/\/www.europesays.com\/no\/wp-json\/wp\/v2\/media\/82952"}],"wp:attachment":[{"href":"https:\/\/www.europesays.com\/no\/wp-json\/wp\/v2\/media?parent=82951"}],"wp:term":[{"taxonomy":"category","embeddable":true,"href":"https:\/\/www.europesays.com\/no\/wp-json\/wp\/v2\/categories?post=82951"},{"taxonomy":"post_tag","embeddable":true,"href":"https:\/\/www.europesays.com\/no\/wp-json\/wp\/v2\/tags?post=82951"}],"curies":[{"name":"wp","href":"https:\/\/api.w.org\/{rel}","templated":true}]}}