{"id":82968,"date":"2025-11-10T03:28:09","date_gmt":"2025-11-10T03:28:09","guid":{"rendered":"https:\/\/www.europesays.com\/no\/82968\/"},"modified":"2025-11-10T03:28:09","modified_gmt":"2025-11-10T03:28:09","slug":"viking-knuste-hamkam-kristoffer-askildsen-ble-helten","status":"publish","type":"post","link":"https:\/\/www.europesays.com\/no\/82968\/","title":{"rendered":"Viking knuste HamKam \u2013 Kristoffer Askildsen ble helten"},"content":{"rendered":"\n<p class=\"_lead_o9xde_2 _lead_xtcu6_50 layout-component text-serif-m layout-normal text-serif-l layout-component layout-wide layout-padded _wide_17hqh_1 layout-padded\">Kristoffer Askildsen (24) orket knapt \u00e5 l\u00f8pe da han kom iskald fra dansk vinterpause i Midtjylland til Viking. <\/p>\n<p><img alt=\"DEN SATT! Kristoffer Askildsen feirer 1\u20130-m\u00e5let mot HamKam sammen med Kristoffer Haugen. Foto: Carina Johansen \/ NTB\" class=\"_image_qp4xg_65 layout-component layout-wide\" data-fullscreen- data-track-element-type=\"Article image fullscreen\" data-track-name=\"ImageFullscreen\" fetchpriority=\"high\" decoding=\"sync\" loading=\"eager\" height=\"3478\" itemprop=\"image\"  src=\"https:\/\/www.europesays.com\/no\/wp-content\/uploads\/2025\/11\/0e2686f9-9786-42cf-87f2-d55784dbd68a\"  style=\"object-position:0% 0%\" width=\"5217\"\/>DEN SATT! Kristoffer Askildsen feirer 1\u20130-m\u00e5let mot HamKam sammen med Kristoffer Haugen. Foto: Carina Johansen \/ NTB<\/p>\n<ul aria-hidden=\"true\" class=\"_images_18f0k_111\">\n<li><a class=\"_link_18f0k_116\" href=\"https:\/\/www.vg.no\/forfatter\/oeyvind-herrebroeden\" style=\"z-index:1\" title=\"\u00d8yvind Herrebr\u00f8den\" rel=\"nofollow noopener\" target=\"_blank\"><img alt=\"Bilde av \u00d8yvind Herrebr\u00f8den\" class=\"_image_18f0k_93\" fetchpriority=\"low\" loading=\"lazy\" decoding=\"async\" itemprop=\"image\"  src=\"https:\/\/www.europesays.com\/no\/wp-content\/uploads\/2025\/11\/1762745289_842_8bb7c2c0-7083-4b77-a732-7b476449021f\"  width=\"480\"\/><\/a><\/li>\n<\/ul>\n<p>Stavanger Oppdatert mandag 10. november kl. 03:52    <\/p>\n<ul class=\"_list_o9xde_3 _list_64s2r_85 _unordered_o9xde_106 text-sans-m\">\n<li class=\"_item_o9xde_30\">Askildsen gikk fra \u00e5 v\u00e6re i d\u00e5rlig form til \u00e5 bli en n\u00f8kkelspiller i Viking.<\/li>\n<li class=\"_item_o9xde_30\">Viking-kaptein Zlatko Tripic roser Askildsen etter m\u00e5l mot HamKam.<\/li>\n<li class=\"_item_o9xde_30\">Sportssjef Erik Nevland ser potensiale for at overgangen kan bli et kupp.<\/li>\n<\/ul>\n<p>Vis mer <\/p>\n<p class=\"_paragraph_o9xde_4 _paragraph_xtcu6_10 layout-component text-serif-m layout-normal text-serif-m layout-padded\">\u2013 Askildsen kan du sammenligne med en gammel Ford Mustang. Han var litt r\u00e5tten i starten, s\u00e5 fikk vi skiftet litt deler og litt olje \u2013 og n\u00e5 er han i en sinssykt god form. Han er en sexy bil som gj\u00f8r en god jobb for laget. <\/p>\n<p class=\"_paragraph_o9xde_4 _paragraph_xtcu6_10 layout-component text-serif-m layout-normal text-serif-m layout-padded\">Viking-kaptein Zlatko Tripic gir gass i beskrivelsen av lagkamerat Kristoffer Askildsen etter at sistnevnte scoret det forl\u00f8sende 1\u20130-m\u00e5let mot HamKam i l\u00f8rdagens eliteseriekamp.<\/p>\n<p class=\"_paragraph_o9xde_4 _paragraph_xtcu6_10 layout-component text-serif-m layout-normal text-serif-m layout-padded\">Det er ikke sikkert alle som s\u00e5 Askildsen p\u00e5 senvinteren ville trodd at han vil spille en avgj\u00f8rende rolle i gullkampen i <a href=\"https:\/\/www.vg.no\/tag\/eliteserien?utm_source=vg-article&amp;utm_medium=auto-tagger&amp;utm_campaign=zARVy4\" class=\"_link_o9xde_39\" rel=\"nofollow noopener\" target=\"_blank\">Eliteserien<\/a> noen m\u00e5neder senere. <\/p>\n<p class=\"_paragraph_o9xde_4 _paragraph_xtcu6_10 layout-component text-serif-m layout-normal text-serif-m layout-padded\">N\u00e5 har midtbanespilleren to m\u00e5lpoeng p\u00e5 de to siste kampene. Begge har gitt Viking seirer.<\/p>\n<p class=\"_paragraph_o9xde_4 _paragraph_xtcu6_10 layout-component text-serif-m layout-normal text-serif-m layout-padded\">Fem dager f\u00f8r seriestart flyttet han fra danske FC Midtjylland til Stavanger. Oppholdet i Danmark varte bare et halvt \u00e5r, og Askildsen var langt bak i k\u00f8en om spilletid. <\/p>\n<p class=\"_paragraph_o9xde_4 _paragraph_xtcu6_10 layout-component text-serif-m layout-normal text-serif-m layout-padded\">Selv beskriver han at det \u00abbare var \u00e5 komme seg vekk\u00bb. Han kom til Viking i mars uten \u00e5 ha startet en fotballkamp siden 3. november 2024.<\/p>\n<p class=\"_paragraph_o9xde_4 _paragraph_xtcu6_10 layout-component text-serif-m layout-normal text-serif-m layout-padded\">Manglende spilletid og et seks uker langt skadeavbrekk under den danske vinterpausen hadde satt sine spor hos den tidligere Italia-proffen. <\/p>\n<p class=\"_paragraph_o9xde_4 _paragraph_xtcu6_10 layout-component text-serif-m layout-normal text-serif-m layout-padded\">\u2013 Det var litt som \u00e5 komme ut fra et sykehjem og aldri ha touchet en ball, sier Askildsen f\u00f8r han ler.<\/p>\n<p class=\"_paragraph_o9xde_4 _paragraph_xtcu6_10 layout-component text-serif-m layout-normal text-serif-m layout-padded\">\u2013 Jeg ble overrasket over min form da jeg kom. \u00c5 l\u00f8pe p\u00e5 m\u00f8lle sammenlignet med p\u00e5 banen, er to helt forskjellige ting. Jeg trodde formen var bedre og ville bidra med en gang, men det kunne jeg ikke, forteller Askildsen.<\/p>\n<p class=\"_paragraph_o9xde_4 _paragraph_xtcu6_10 layout-component text-serif-m layout-normal text-serif-m layout-padded\">\u2013 Hvordan merket du det?<\/p>\n<p class=\"_paragraph_o9xde_4 _paragraph_xtcu6_10 layout-component text-serif-m layout-normal text-serif-m layout-padded\">\u2013 To l\u00f8p, og n\u00e5r du er d\u00f8d, da \u2013 da kan du ikke spille fotball. Da m\u00e5 du l\u00f8pe ekstra, innser Vikings midtbanespiller.<\/p>\n<p class=\"_paragraph_o9xde_4 _paragraph_xtcu6_10 layout-component text-serif-m layout-normal text-serif-m layout-padded\">Stab\u00e6k-produktet forfulgte utenlandsdr\u00f8mmen tidlig og reiste til Sampdoria og Serie A allerede som 19-\u00e5ring. N\u00e5 gj\u00f8r han suksess innenriks nesten seks \u00e5r senere.<\/p>\n<p class=\"_paragraph_o9xde_4 _paragraph_xtcu6_10 layout-component text-serif-m layout-normal text-serif-m layout-padded\">\u2013 Vi har relativt god kontroll p\u00e5 dem som er norske og spiller i utlandet. Vi s\u00e5 at hans posisjon i Midtjylland, kjente kvalitetene hans og tenkte han kom til \u00e5 passe inn i Viking. Det gjorde han \u2013 etterhvert \u2013 da han kom i form, sier sportssjef Erik Nevland til VG.<\/p>\n<p class=\"_paragraph_o9xde_4 _paragraph_xtcu6_10 layout-component text-serif-m layout-normal text-serif-m layout-padded\">F\u00f8rst 27. juli \u2013 i seriekamp 18 for \u00e5ret \u2013 spilte Kristoffer Askildsen sin f\u00f8rste hele 90-minutter for Viking i Eliteserien. Mot HamKam gjorde han det for femte gang p\u00e5 rad.<\/p>\n<p>Gjenst\u00e5ende kamper i Eliteserien<\/p>\n<p class=\"_paragraph_o9xde_4 _paragraph_xtcu6_10 _paragraph_16v91_10 layout-component text-serif-m layout-normal text-sans-m layout-padded\"><strong class=\"_strong_o9xde_25\">Viking:<\/strong> Fredrikstad (borte), V\u00e5lerenga (hjemme)<\/p>\n<p class=\"_paragraph_o9xde_4 _paragraph_xtcu6_10 _paragraph_16v91_10 layout-component text-serif-m layout-normal text-sans-m layout-padded\"><strong class=\"_strong_o9xde_25\">Bod\u00f8\/Glimt:<\/strong> Bryne (hjemme s\u00f8ndag), KFUM (borte), Fredrikstad (hjemme)<\/p>\n<p>Vis mer<\/p>\n<p class=\"_paragraph_o9xde_4 _paragraph_xtcu6_10 layout-component text-serif-m layout-normal text-serif-m layout-padded\">\u2013 Det er en type med enorm selvtillit, men da han forsto at han ikke var i god nok form s\u00e5 har han tatt seg selv i nakken og jobbet knallhardt. N\u00e5r du g\u00e5r ut tidlig og spiller i store ligaer, tror du gjerne at ting g\u00e5r litt av seg selv. Han forstod at han m\u00e5tte jobbe hardt. Etter sommeren har han v\u00e6rt enest\u00e5ende, sier Nevland.<\/p>\n<p class=\"_paragraph_o9xde_4 _paragraph_xtcu6_10 layout-component text-serif-m layout-normal text-serif-m layout-padded\">Danske medier har antydet en overgangssum p\u00e5 maks 3,5 millioner danske kroner med bonuser, som betyr rundt fem og en halv millioner norske. Nevland bekrefter at Askildsen ikke er den dyreste han har signert.<\/p>\n<p class=\"_paragraph_o9xde_4 _paragraph_xtcu6_10 layout-component text-serif-m layout-normal text-serif-m layout-padded\">\u2013 Dette er kost-nytte, men fortsetter det slik, s\u00e5 kan dette bli et kupp, smiler Erik Nevland.<\/p>\n<p class=\"_paragraph_o9xde_4 _paragraph_xtcu6_10 layout-component text-serif-m layout-normal text-serif-m layout-padded\">\u2013 En toveisspiller som har ekstremt mye fotball i seg. Et internasjonalt snitt med tanke p\u00e5 hvordan han dekker rom p\u00e5, mener Viking-trener Bjarte Lunde Aarsheim om Kristoffer Askildsen.<\/p>\n","protected":false},"excerpt":{"rendered":"Kristoffer Askildsen (24) orket knapt \u00e5 l\u00f8pe da han kom iskald fra dansk vinterpause i Midtjylland til Viking.&hellip;\n","protected":false},"author":2,"featured_media":82969,"comment_status":"","ping_status":"","sticky":false,"template":"","format":"standard","meta":{"footnotes":""},"categories":[5],"tags":[20,21,134,24,25,15,19,11166,22,23,17,18,13,30,28,29,14,16,26,27,109],"class_list":{"0":"post-82968","1":"post","2":"type-post","3":"status-publish","4":"format-standard","5":"has-post-thumbnail","7":"category-overskrifter","8":"tag-breaking-news","9":"tag-breakingnews","10":"tag-eliteserien","11":"tag-featured-news","12":"tag-featurednews","13":"tag-headlines","14":"tag-hovedoppslag","15":"tag-kristoffer-askildsen","16":"tag-latest-news","17":"tag-latestnews","18":"tag-main-news","19":"tag-mainnews","20":"tag-news","21":"tag-no","22":"tag-norge","23":"tag-norway","24":"tag-nyheter","25":"tag-overskrifter","26":"tag-top-stories","27":"tag-topstories","28":"tag-viking-fk"},"share_on_mastodon":{"url":"https:\/\/pubeurope.com\/@no\/115523282900615076","error":""},"_links":{"self":[{"href":"https:\/\/www.europesays.com\/no\/wp-json\/wp\/v2\/posts\/82968","targetHints":{"allow":["GET"]}}],"collection":[{"href":"https:\/\/www.europesays.com\/no\/wp-json\/wp\/v2\/posts"}],"about":[{"href":"https:\/\/www.europesays.com\/no\/wp-json\/wp\/v2\/types\/post"}],"author":[{"embeddable":true,"href":"https:\/\/www.europesays.com\/no\/wp-json\/wp\/v2\/users\/2"}],"replies":[{"embeddable":true,"href":"https:\/\/www.europesays.com\/no\/wp-json\/wp\/v2\/comments?post=82968"}],"version-history":[{"count":0,"href":"https:\/\/www.europesays.com\/no\/wp-json\/wp\/v2\/posts\/82968\/revisions"}],"wp:featuredmedia":[{"embeddable":true,"href":"https:\/\/www.europesays.com\/no\/wp-json\/wp\/v2\/media\/82969"}],"wp:attachment":[{"href":"https:\/\/www.europesays.com\/no\/wp-json\/wp\/v2\/media?parent=82968"}],"wp:term":[{"taxonomy":"category","embeddable":true,"href":"https:\/\/www.europesays.com\/no\/wp-json\/wp\/v2\/categories?post=82968"},{"taxonomy":"post_tag","embeddable":true,"href":"https:\/\/www.europesays.com\/no\/wp-json\/wp\/v2\/tags?post=82968"}],"curies":[{"name":"wp","href":"https:\/\/api.w.org\/{rel}","templated":true}]}}