{"id":82988,"date":"2025-11-10T04:54:19","date_gmt":"2025-11-10T04:54:19","guid":{"rendered":"https:\/\/www.europesays.com\/no\/82988\/"},"modified":"2025-11-10T04:54:19","modified_gmt":"2025-11-10T04:54:19","slug":"frekkhetens-nadegave","status":"publish","type":"post","link":"https:\/\/www.europesays.com\/no\/82988\/","title":{"rendered":"&#8211; Frekkhetens n\u00e5degave"},"content":{"rendered":"<p class=\"kicker \" style=\"\">Ut mot Erna-tale:<\/p>\n<p>  Erna Solberg brukte taletida til partiet p\u00e5 anklage regjeringen for alvorlige tillitsbrudd. Hennes egen aksjeskandale er \u00abnoe helt annet\u00bb, mener hun.<\/p>\n<p>\n    KRITISK: Erna Solberg brukte mye tid p\u00e5 sine politiske motstandere i talen til H\u00f8yres sentralstyre s\u00f8ndag. Foto: Terje Pedersen \/ NTB\n  <\/p>\n<p> &#8211; Erna Solberg har frekkhetens n\u00e5degave n\u00e5r hun lekser opp for andre om tillit. Det er ingen politiker i Norge som har bidratt mer til \u00e5 undergrave folks tillit til det politiske systemet de siste \u00e5rene enn henne.\u00a0<\/p>\n<p>Det sier R\u00f8dt-politiker Mimir Kristjansson til Dagbladet etter H\u00f8yre-lederens tale til sentralstyret i eget parti s\u00f8ndag.\u00a0<\/p>\n<p>Midt i oppvasken etter H\u00f8yres-skandalevalg, valg av H\u00f8yres retning videre og valg av ny H\u00f8yre-leder etter hennes egen avgang, viet Solberg mye taletid til Ap-regjeringens ferje- og studiel\u00e5n-skandale, som raste for noen uker siden. Etter full storm gikk <a href=\"https:\/\/www.dagbladet.no\/nyheter\/frykter-kalddusj-velgerne-vil-huske\/83745247\" target=\"_blank\" rel=\"nofollow noopener\">Ap tilbake p\u00e5 forslagene og beklaget<\/a>. <\/p>\n<p> &#8211; Arbeiderpartiet st\u00e5r skaml\u00f8st avkledd. Og mange sp\u00f8r p\u00e5 nytt om politikerne snakker sant, sa Solberg, blant annet.\u00a0<\/p>\n<p>    <a itemprop=\"url\" href=\"https:\/\/www.dagbladet.no\/nyheter\/rokker-ved-tilliten\/83814655\" rel=\"nofollow noopener\" target=\"_blank\"><\/p>\n<p>      <img loading=\"lazy\" decoding=\"async\" src=\"https:\/\/www.europesays.com\/no\/wp-content\/uploads\/2025\/11\/1762750455_664_83814865.webp\" width=\"980\" height=\"441\" title=\"- Rokker ved tilliten\" alt=\"\" class=\"lazyload\" style=\"--aspect-ratio-image: 2.22; \"\/><\/p>\n<p>        &#8211; Rokker ved tilliten<\/p>\n<p>    <\/a><\/p>\n<p>&#8211; Ikke tilfeldig\t<\/p>\n<p>Det var i forbindelse med Ap-regjeringens forslag til statsbudsjett at det kom fram at <a href=\"https:\/\/www.dagbladet.no\/nyheter\/logn\/83737968\" target=\"_blank\" rel=\"nofollow noopener\">l\u00f8fter fra valgkampen manglet<\/a>.\u00a0\u00a0<\/p>\n<p>Solberg kaller det for \u00abet av de st\u00f8rste nederlagene for samfunnsdebatten p\u00e5 lenge\u00bb.\u00a0<\/p>\n<p> &#8211; At det kom til \u00e5 bli br\u00e5k med budsjettet, overrasker meg ikke. Det var ikke tilfeldig at jeg \u00f8nsket ham lykke til p\u00e5 valgnatta, sa Solberg, og siktet til statsminister Jonas Gahr St\u00f8re.\u00a0<\/p>\n<p>          <img loading=\"lazy\" decoding=\"async\" src=\"https:\/\/www.europesays.com\/no\/wp-content\/uploads\/2025\/11\/83829226.webp\" width=\"980\" height=\"559\" title=\"GIR SEG: Erna Solberg g\u00e5r av som partileder for H\u00f8yre neste \u00e5r, etter 22 \u00e5r i sjefsstolen. Foto: Terje Pedersen \/ NTB\" alt=\"\" class=\"\" style=\"--aspect-ratio-image: 1.75; \"\/><\/p>\n<p>\n          GIR SEG: Erna Solberg g\u00e5r av som partileder for H\u00f8yre neste \u00e5r, etter 22 \u00e5r i sjefsstolen. Foto: Terje Pedersen \/ NTB\n      <\/p>\n<p>En finansminister p\u00e5\u00a0<a href=\"https:\/\/www.dagbladet.no\/nyheter\/etterlyses-hvor-er-finansministeren\/83753341\" rel=\"nofollow noopener\" target=\"_blank\">bokturn\u00e9 midt i budsjettkaoset<\/a>\u00a0fikk ogs\u00e5 gjennomg\u00e5 i talen. Stoltenberg var p\u00e5 en avtalt ferie i flere europeiske land og promoterte sin nye bok, i dagene da Ap sto i krisem\u00f8ter.<\/p>\n<p>&#8211; Som man sier p\u00e5 nynorsk: You can\u2019t make it up, sa Solberg.<\/p>\n<p>        BEKLAGER: Ingen har l\u00f8yet, sa statsminister Jonas Gahr St\u00f8re om br\u00e5ket etter at statsbudsjettet ble lagt frem. Video: NTB<\/p>\n<p>&#8211; Noe helt annet\t<\/p>\n<p>H\u00f8yre-lederen tok seg tid til en prat med blant andre Dagbladet i etterkant av talen til H\u00f8yres sentralstyre s\u00f8ndag.\u00a0<\/p>\n<p class=\"italic m-italic\" data-lab-italic=\"italic\">&#8211; Du bruker mye av talen din p\u00e5 \u00e5 kritisere Ap for tillitsbrudd, og s\u00e5 har det v\u00e6rt flere saker rundt deg som handler om tillitsbrudd. Kaster du stein i glasshus?<\/p>\n<p> &#8211; Det som skjedde rundt aksjesaken, var ting som ikke skulle skjedd. Det har jeg sagt veldig tydelig. Men \u00e5 drive valgkamp hvor du anklager andre for ting du selv kommer til \u00e5 gj\u00f8re, er et\u00a0eklatant\u00a0l\u00f8ftebrudd. Den politiske dimensjonen over det er noe helt annet. Men det betyr ikke at min sak ikke er en vanskelig sak, sier Solberg til Dagbladet. <\/p>\n<p class=\"font-weight-bold m-font-weight-bold italic m-italic\" data-lab-font_weight=\"font-weight-bold\" data-lab-italic=\"italic\">Verken Arbeiderpartiet eller Statsministerens kontor \u00f8nsket \u00e5 kommentere kritikken fra Solberg s\u00f8ndag.\u00a0<\/p>\n<p>    <a itemprop=\"url\" href=\"https:\/\/www.dagbladet.no\/meninger\/slapp-av-solberg\/83775367\" rel=\"nofollow noopener\" target=\"_blank\"><\/p>\n<p>      <img loading=\"lazy\" decoding=\"async\" src=\"https:\/\/www.europesays.com\/no\/wp-content\/uploads\/2025\/11\/83759363.webp\" width=\"980\" height=\"441\" title=\"Slapp av, Solberg\" alt=\"\" class=\"lazyload\" style=\"--aspect-ratio-image: 2.22; \"\/><\/p>\n<p>        Slapp av, Solberg<\/p>\n<p>    <\/a><\/p>\n<p>&#8211; Enda verre\t<\/p>\n<p>Problemet til Solberg var ikke bare ektemannens aksjehandler. Det mener R\u00f8dts Mimir Kristjansson.<\/p>\n<p>&#8211; Men at hun og H\u00f8yre fors\u00f8kte \u00e5 holde det skjult for velgerne like f\u00f8r et valg. Enda verre ble det selvf\u00f8lgelig da hun ikke tok noen som helst konsekvenser av aksjeskandalen, men tvert imot pr\u00f8vde \u00e5 bli statsminister igjen. S\u00e5 hun skal g\u00e5 veldig stille i d\u00f8rene n\u00e5r vi snakker om tillit til systemet.<\/p>\n<p>          <img loading=\"lazy\" decoding=\"async\" src=\"https:\/\/www.europesays.com\/no\/wp-content\/uploads\/2025\/11\/83829252.webp\" width=\"980\" height=\"559\" title=\"UT MOT ERNA-TALE: R\u00f8dts Mimir Kristjansson. Foto: J\u00f8rn H. Moen \/ Dagbladet\" alt=\"\" class=\"\" style=\"--aspect-ratio-image: 1.75; \"\/><\/p>\n<p>\n          UT MOT ERNA-TALE: R\u00f8dts Mimir Kristjansson. Foto: J\u00f8rn H. Moen \/ Dagbladet\n      <\/p>\n<p class=\"font-weight-bold m-font-weight-bold\" data-lab-font_weight=\"font-weight-bold\">N\u00e5r det er sagt, mener Kristjansson videre at Solberg har helt rett i at Aps l\u00f8ftebrudd skader tilliten velgerne har til politikere.\u00a0<\/p>\n<p>&#8211; Bruk tida p\u00e5 noe annet\t<\/p>\n<p>Ogs\u00e5 i Aps egne rekker var misn\u00f8yen stor blant mange da det stormet rundt budsjettet. Blant dem ordf\u00f8rer i And\u00f8y kommune, Kjell-Are Johansen. Han mener imidlertid at Solberg b\u00f8r feie for egen d\u00f8r.\u00a0<\/p>\n<p>&#8211; Partiet H\u00f8yre har vel behov for \u00e5 bruke tida p\u00e5 noe annet n\u00e5r de har levert et valgresultat p\u00e5 14,6 prosent, sier han til Dagbladet.\u00a0<\/p>\n<p>    <a itemprop=\"url\" href=\"https:\/\/www.dagbladet.no\/nyheter\/frykter-fire-ar-med-kaos\/83756553\" rel=\"nofollow noopener\" target=\"_blank\"><\/p>\n<p>      <img loading=\"lazy\" decoding=\"async\" src=\"https:\/\/www.europesays.com\/no\/wp-content\/uploads\/2025\/11\/83720269.webp\" width=\"980\" height=\"441\" title=\"Frykter fire \u00e5r med kaos\" alt=\"\" class=\"lazyload\" style=\"--aspect-ratio-image: 2.22; \"\/><\/p>\n<p>        Frykter fire \u00e5r med kaos<\/p>\n<p>    <\/a><\/p>\n<p>Valgresultatet er det d\u00e5rligste H\u00f8yre har levert p\u00e5 20 \u00e5r.\u00a0<\/p>\n<p>&#8211; Og Solberg selv har jo ogs\u00e5 hatt noen ting som ikke har v\u00e6rt helt rett fram. Her handler det vel f\u00f8rst og fremst om \u00e5 rydde i egne rekker, sier Johansen.\u00a0<\/p>\n<p>Han legger til at han er helt enig i at m\u00e5ten Arbeiderpartiet h\u00e5ndterte ferje- og studiel\u00e5n-saken p\u00e5 er kritikkverdig.\u00a0<\/p>\n<p>&#8211; Men jeg er glad for at grasrota i Ap sier s\u00e5 tydelig ifra. Vi rydder opp i egne rekker, og det synes jeg kanskje ogs\u00e5 at H\u00f8yre skal gj\u00f8re, sier Johansen.\u00a0<\/p>\n<p>Ap-ordf\u00f8rer i Rollag kommune, \u00d8ystein Morten, var ogs\u00e5 en av dem som gikk hardt ut mot eget parti da debatten raste. Han er forn\u00f8yd med m\u00e5ten Arbeiderpartiet hentet seg inn igjen p\u00e5, men mener det er naturlig at Solberg viet mye tid til saken i talen sin.\u00a0<\/p>\n<p>&#8211; Det er ikke unaturlig for politike motstandere \u00e5 peke p\u00e5 det. Selvf\u00f8lgelig var vi alle enige innad i Ap om at dette var en veldig uheldig sak, men det ble l\u00f8st p\u00e5 en god m\u00e5te, sier han.<\/p>\n","protected":false},"excerpt":{"rendered":"Ut mot Erna-tale: Erna Solberg brukte taletida til partiet p\u00e5 anklage regjeringen for alvorlige tillitsbrudd. Hennes egen aksjeskandale&hellip;\n","protected":false},"author":2,"featured_media":82989,"comment_status":"","ping_status":"","sticky":false,"template":"","format":"standard","meta":{"footnotes":""},"categories":[5],"tags":[499,20,21,327,24,25,15,19,762,2539,201,22,23,17,18,13,30,28,29,14,16,41,26,27],"class_list":{"0":"post-82988","1":"post","2":"type-post","3":"status-publish","4":"format-standard","5":"has-post-thumbnail","7":"category-overskrifter","8":"tag-arbeiderpartiet","9":"tag-breaking-news","10":"tag-breakingnews","11":"tag-erna-solberg","12":"tag-featured-news","13":"tag-featurednews","14":"tag-headlines","15":"tag-hovedoppslag","16":"tag-hoyre","17":"tag-innenriks","18":"tag-jonas-gahr-store","19":"tag-latest-news","20":"tag-latestnews","21":"tag-main-news","22":"tag-mainnews","23":"tag-news","24":"tag-no","25":"tag-norge","26":"tag-norway","27":"tag-nyheter","28":"tag-overskrifter","29":"tag-politikk","30":"tag-top-stories","31":"tag-topstories"},"share_on_mastodon":{"url":"https:\/\/pubeurope.com\/@no\/115523620943856005","error":""},"_links":{"self":[{"href":"https:\/\/www.europesays.com\/no\/wp-json\/wp\/v2\/posts\/82988","targetHints":{"allow":["GET"]}}],"collection":[{"href":"https:\/\/www.europesays.com\/no\/wp-json\/wp\/v2\/posts"}],"about":[{"href":"https:\/\/www.europesays.com\/no\/wp-json\/wp\/v2\/types\/post"}],"author":[{"embeddable":true,"href":"https:\/\/www.europesays.com\/no\/wp-json\/wp\/v2\/users\/2"}],"replies":[{"embeddable":true,"href":"https:\/\/www.europesays.com\/no\/wp-json\/wp\/v2\/comments?post=82988"}],"version-history":[{"count":0,"href":"https:\/\/www.europesays.com\/no\/wp-json\/wp\/v2\/posts\/82988\/revisions"}],"wp:featuredmedia":[{"embeddable":true,"href":"https:\/\/www.europesays.com\/no\/wp-json\/wp\/v2\/media\/82989"}],"wp:attachment":[{"href":"https:\/\/www.europesays.com\/no\/wp-json\/wp\/v2\/media?parent=82988"}],"wp:term":[{"taxonomy":"category","embeddable":true,"href":"https:\/\/www.europesays.com\/no\/wp-json\/wp\/v2\/categories?post=82988"},{"taxonomy":"post_tag","embeddable":true,"href":"https:\/\/www.europesays.com\/no\/wp-json\/wp\/v2\/tags?post=82988"}],"curies":[{"name":"wp","href":"https:\/\/api.w.org\/{rel}","templated":true}]}}