{"id":82996,"date":"2025-11-10T05:10:05","date_gmt":"2025-11-10T05:10:05","guid":{"rendered":"https:\/\/www.europesays.com\/no\/82996\/"},"modified":"2025-11-10T05:10:05","modified_gmt":"2025-11-10T05:10:05","slug":"minst-31-innsatte-drept-i-nye-fengselsopptoyer-i-ecuador","status":"publish","type":"post","link":"https:\/\/www.europesays.com\/no\/82996\/","title":{"rendered":"Minst 31 innsatte drept i nye fengselsoppt\u00f8yer i Ecuador"},"content":{"rendered":"\n<p class=\"_lead_o9xde_2 _lead_xtcu6_50 layout-component text-serif-m layout-normal text-serif-l layout-component layout-wide layout-padded _wide_17hqh_1 layout-padded\">Minst 31 innsatte mistet livet i voldelige oppt\u00f8yer i et fengsel i det s\u00f8rvestlige Ecuador s\u00f8ndag, opplyser landets fengselsmyndigheter.<\/p>\n<p><img alt=\" Foto: LUIS SUAREZ \/ AFP \/ NTB\" class=\"_image_qp4xg_65 layout-component layout-wide\" data-fullscreen- data-track-element-type=\"Article image fullscreen\" data-track-name=\"ImageFullscreen\" fetchpriority=\"high\" decoding=\"sync\" loading=\"eager\" height=\"3190\" itemprop=\"image\"  src=\"https:\/\/www.europesays.com\/no\/wp-content\/uploads\/2025\/11\/d201410e-c102-47eb-881d-080e13bd5809\"  style=\"object-position:0% 0%\" width=\"4785\"\/> Foto: LUIS SUAREZ \/ AFP \/ NTB<\/p>\n<ul aria-hidden=\"true\" class=\"_images_18f0k_111\">\n<li><a class=\"_link_18f0k_116\" href=\"https:\/\/www.vg.no\/forfatter\/ntb\" style=\"z-index:1\" title=\"NTB\" rel=\"nofollow noopener\" target=\"_blank\"><img alt=\"Bilde av NTB\" class=\"_image_18f0k_93\" fetchpriority=\"low\" loading=\"lazy\" decoding=\"async\" itemprop=\"image\"  src=\"https:\/\/www.europesays.com\/no\/wp-content\/uploads\/2025\/11\/1762751404_443_c33980b0-5d07-4027-84a1-813f90a7c8d6\"  width=\"480\"\/><\/a><\/li>\n<\/ul>\n<p> Oppdatert mandag 10. november kl. 05:31     <\/p>\n<p class=\"_paragraph_o9xde_4 _paragraph_xtcu6_10 layout-component text-serif-m layout-normal text-serif-m layout-padded\">If\u00f8lge en uttalelse fra fengselsmyndighetene var 27 av de d\u00f8de innsatte hengt eller kvalt.<\/p>\n<p class=\"_paragraph_o9xde_4 _paragraph_xtcu6_10 layout-component text-serif-m layout-normal text-serif-m layout-padded\">Tidligere s\u00f8ndag ble fire andre innsatte drept i en separat hendelse i samme fengsel. Oppt\u00f8yene ha v\u00e6rt utl\u00f8st av planer om \u00e5 flytte fangene i forbindelse med \u00e5pningen av et nytt h\u00f8ysikkerhetsfengsel.<\/p>\n<p class=\"_paragraph_o9xde_4 _paragraph_xtcu6_10 layout-component text-serif-m layout-normal text-serif-m layout-padded\"><a href=\"https:\/\/www.vg.no\/tag\/ecuador?utm_source=vg-article&amp;utm_medium=auto-tagger&amp;utm_campaign=alryE5\" class=\"_link_o9xde_39\" rel=\"nofollow noopener\" target=\"_blank\">Ecuador<\/a> har de siste \u00e5rene v\u00e6rt rammet av en rekke blodige fengselsoppt\u00f8yer der hundrevis av fanger er blitt drept. President Daniel Noboas regjering, som har lovet en hard linje mot kriminalitet, legger skylden p\u00e5 rivaliserende gjenger som kjemper om makt og territorium.<\/p>\n","protected":false},"excerpt":{"rendered":"Minst 31 innsatte mistet livet i voldelige oppt\u00f8yer i et fengsel i det s\u00f8rvestlige Ecuador s\u00f8ndag, opplyser landets&hellip;\n","protected":false},"author":2,"featured_media":82997,"comment_status":"","ping_status":"","sticky":false,"template":"","format":"standard","meta":{"footnotes":""},"categories":[5],"tags":[20,21,4994,24,25,2507,15,19,148,22,23,17,18,13,30,28,29,14,16,26,27],"class_list":{"0":"post-82996","1":"post","2":"type-post","3":"status-publish","4":"format-standard","5":"has-post-thumbnail","7":"category-overskrifter","8":"tag-breaking-news","9":"tag-breakingnews","10":"tag-ecuador","11":"tag-featured-news","12":"tag-featurednews","13":"tag-fengsel","14":"tag-headlines","15":"tag-hovedoppslag","16":"tag-kriminalitet","17":"tag-latest-news","18":"tag-latestnews","19":"tag-main-news","20":"tag-mainnews","21":"tag-news","22":"tag-no","23":"tag-norge","24":"tag-norway","25":"tag-nyheter","26":"tag-overskrifter","27":"tag-top-stories","28":"tag-topstories"},"share_on_mastodon":{"url":"https:\/\/pubeurope.com\/@no\/115523683837256131","error":""},"_links":{"self":[{"href":"https:\/\/www.europesays.com\/no\/wp-json\/wp\/v2\/posts\/82996","targetHints":{"allow":["GET"]}}],"collection":[{"href":"https:\/\/www.europesays.com\/no\/wp-json\/wp\/v2\/posts"}],"about":[{"href":"https:\/\/www.europesays.com\/no\/wp-json\/wp\/v2\/types\/post"}],"author":[{"embeddable":true,"href":"https:\/\/www.europesays.com\/no\/wp-json\/wp\/v2\/users\/2"}],"replies":[{"embeddable":true,"href":"https:\/\/www.europesays.com\/no\/wp-json\/wp\/v2\/comments?post=82996"}],"version-history":[{"count":0,"href":"https:\/\/www.europesays.com\/no\/wp-json\/wp\/v2\/posts\/82996\/revisions"}],"wp:featuredmedia":[{"embeddable":true,"href":"https:\/\/www.europesays.com\/no\/wp-json\/wp\/v2\/media\/82997"}],"wp:attachment":[{"href":"https:\/\/www.europesays.com\/no\/wp-json\/wp\/v2\/media?parent=82996"}],"wp:term":[{"taxonomy":"category","embeddable":true,"href":"https:\/\/www.europesays.com\/no\/wp-json\/wp\/v2\/categories?post=82996"},{"taxonomy":"post_tag","embeddable":true,"href":"https:\/\/www.europesays.com\/no\/wp-json\/wp\/v2\/tags?post=82996"}],"curies":[{"name":"wp","href":"https:\/\/api.w.org\/{rel}","templated":true}]}}